{"id":17287,"date":"2016-03-09T00:08:48","date_gmt":"2016-03-08T23:08:48","guid":{"rendered":"http:\/\/alternatifs81.fr\/?p=17287"},"modified":"2016-03-12T23:53:36","modified_gmt":"2016-03-12T22:53:36","slug":"cercle-de-silence-mazamet-samedi-12-mars-10h30","status":"publish","type":"post","link":"https:\/\/alternatifs81.fr\/?p=17287","title":{"rendered":"Cercle de Silence, MAZAMET. Samedi 12 mars, 10h30"},"content":{"rendered":"<div dir=\"ltr\">\n<h2 style=\"text-align: justify;\"><a href=\"http:\/\/alternatifs81.fr\/wp-content\/uploads\/Cercle-Silence-300x2922.png\"  rel=\"lightbox[17287] attachment wp-att-7447\"><img loading=\"lazy\" decoding=\"async\" class=\"alignleft wp-image-7447 size-full\" src=\"http:\/\/alternatifs81.fr\/wp-content\/uploads\/Cercle-Silence-300x2922.png\" alt=\"Cercle-Silence-300x292\" width=\"300\" height=\"292\" \/><\/a>Que puis je dire \u00e0 mes petits enfants\u00a0?<\/h2>\n<h2 style=\"text-align: justify;\">Comment leur expliquer que des gens qui fuient la guerre, ne \u00ab\u00a0peuvent\u00a0\u00bb \u00eatre accueillis en France\u00a0?<\/h2>\n<h2 style=\"text-align: justify;\">Comment leur expliquer que des gens qui fuient la mis\u00e8re ne \u00ab\u00a0peuvent\u00a0\u00bb \u00eatre accueillis en France\u00a0?<\/h2>\n<h2 style=\"text-align: justify;\">Comment leur expliquer que ceux qui ont surv\u00e9cu aux passeurs, aux naufrages, \u2026 ne \u00ab\u00a0peuvent\u00a0\u00bb \u00eatre accueillis en France.\u00a0?<\/h2>\n<h2 style=\"text-align: justify;\">Comment leur expliquer que ceux qui ont r\u00e9ussi \u00e0 franchir 1000 obstacles ne <i><b>veulent <\/b><\/i>pas rester chez nous et essaient de partir en Angleterre via Calais\u00a0?<\/h2>\n<h2 style=\"text-align: justify;\">Comment leur expliquer que l&rsquo;UE qui a fait r\u00eaver certains, ne pensent qu&rsquo;\u00e0 construire des murs au Maroc (Ceuta, Melilla), en Gr\u00e8ce, en Bulgarie, en Hongrie \u2026 et que notre gouvernement ne veut pas donner un sou pour le camp de r\u00e9fugi\u00e9s de Grande Synthe am\u00e9nag\u00e9 par la mairie de Calais et M\u00e9decins du Monde\u00a0?<\/h2>\n<p><!--more--><\/p>\n<h2 style=\"text-align: justify;\">Comment leur dire que les 29 r\u00e9fugi\u00e9s accueillis \u00e0 Lacaune, doivent se d\u00e9brouiller par leurs propres moyens pour aller \u00e0 la Pr\u00e9fecture (que ce sont des b\u00e9n\u00e9voles qui doivent s&rsquo;occuper des transports)\u00a0et que beaucoup ne pourront rester en France car ils ont \u00e9t\u00e9 contr\u00f4l\u00e9s dans d&rsquo;autres pays europ\u00e9ens (accords de Dublin)?<\/h2>\n<h2 style=\"text-align: justify;\">Moi qui croyait qu&rsquo;\u00eatre grand-p\u00e8re c&rsquo;\u00e9tait partager avec ceux que j&rsquo;aime les beaut\u00e9s du monde.<\/h2>\n<h2 style=\"text-align: justify;\">Tant pis,\u00e0 mes petits enfants je\u00a0 dirai<\/h2>\n<ul style=\"text-align: justify;\">\n<li>\n<h2>que c&rsquo;est naturel que le loup mange la M\u00e8re grand du Petit chaperon Rouge,<\/h2>\n<\/li>\n<li>\n<h2>que les parents du Petit Poucet ont eu raison d&rsquo;abandonner leurs enfants affam\u00e9s,<\/h2>\n<\/li>\n<li>\n<h2>et que Cendrillon devrait se r\u00e9jouir de son r\u00f4le de souffre douleur,<\/h2>\n<\/li>\n<\/ul>\n<h2 style=\"text-align: justify;\">car la Bonne F\u00e9e Europe, et le Prince Charmant Europe n&rsquo;existent pas plus que ceux des livres pour enfants.<\/h2>\n<h2 style=\"text-align: justify;\">Et pourtant si nous voulions, ensemble on pourrait \u2026<\/h2>\n<h2 style=\"text-align: justify;\"><span id=\"OBJ_PREFIX_DWT2212_com_zimbra_date\" class=\"Object\">Samedi 12 mars 2016<\/span>, comme tous les 2\u00e8mes samedis du mois depuis 5 an et un mois, nous nous retrouverons sur le quai de l&rsquo;Arnette de 10h30 \u00e0 11h30, au milieu du march\u00e9, pour dire \u00e0 nos dirigeants que des citoyens veulent que les Droits de l&rsquo;Homme et de la Femme soient respect\u00e9s en France, en Europe et par contagion dans le monde.<\/h2>\n<h2 style=\"text-align: justify;\">C&rsquo;est pour cela que chacun portera les \u00e9criteaux qu&rsquo;il r\u00e9alisera<\/h2>\n<h2 style=\"text-align: justify;\">comme ceux propos\u00e9s en PJ.*<\/h2>\n<h2 style=\"text-align: justify;\">\u00c0 <span id=\"OBJ_PREFIX_DWT2213_com_zimbra_date\" class=\"Object\">samedi<\/span> 10h30<\/h2>\n<h2 style=\"text-align: justify;\">pour les participants au Cercle mazam\u00e9tain<\/h2>\n<h2 style=\"text-align: justify;\">Eric Vergniol<\/h2>\n<h2 style=\"text-align: justify;\"><span id=\"OBJ_PREFIX_DWT2214_com_zimbra_url\" class=\"Object\"><a href=\"http:\/\/www.lemonde.fr\/europe\/article\/2013\/11\/09\/l-europe-s-emmure-pour-repousser-les-migrants_3511217_3214.html\" target=\"_blank\">http:\/\/www.lemonde.fr\/europe\/article\/2013\/11\/09\/l-europe-s-emmure-pour-repousser-les-migrants_3511217_3214.html<\/a><\/span><\/h2>\n<h2 style=\"text-align: justify;\"><span id=\"OBJ_PREFIX_DWT2215_com_zimbra_url\" class=\"Object\"><a href=\"http:\/\/www.lacimade.org\/temoignages\/5688-Petit-aper-u-de-ce-que-raconte-Calais-\" target=\"_blank\">http:\/\/www.lacimade.org\/temoignages\/5688-Petit-aper-u-de-ce-que-raconte-Calais-<\/a><\/span><\/h2>\n<h2 style=\"text-align: justify;\"><span id=\"OBJ_PREFIX_DWT2216_com_zimbra_url\" class=\"Object\"><a href=\"http:\/\/www.lacimade.org\/nouvelles\/5772-Femmes-sous-influences\" target=\"_blank\">http:\/\/www.lacimade.org\/nouvelles\/5772-Femmes-sous-influences<\/a><\/span><\/h2>\n<h2 style=\"text-align: justify;\"><span id=\"OBJ_PREFIX_DWT2217_com_zimbra_url\" class=\"Object\"><a href=\"http:\/\/stories.amnesty.fr\/Amnesty-Stories-01\/index.html\" target=\"_blank\">http:\/\/stories.amnesty.fr\/Amnesty-Stories-01\/index.html<\/a><\/span><\/h2>\n<\/div>\n<p>&nbsp;<\/p>\n<h1>\u00a0\u00a0\u00a0\u00a0\u00a0\u00a0\u00a0\u00a0\u00a0\u00a0 *<span style=\"color: #808000;\">La PROTECTION des PERSONNES doit passer AVANT celle des FRONTI\u00c8RES.<\/span><br \/>\n<span style=\"color: #808000;\">Le CONTR\u00d4LE des MIGRATIONS ne doit pas \u00caTRE HORS de CONTR\u00d4LE.<\/span><\/h1>\n<h1><span style=\"color: #008000;\">L&rsquo;argent de l&rsquo;U.E.<\/span><br \/>\n<span style=\"color: #008000;\">90% des fonds europ\u00e9ens vers\u00e9s \u00e0 l\u2019Italie pour les boat- people venus de Lybie l\u2019\u00e9taient pour contr\u00f4ler les migrations, seuls 10% concernaient la protection des r\u00e9fugi\u00e9s.<\/span><\/h1>\n<h1><span style=\"color: #008000;\">Quel est le prix d&rsquo;une femme d&rsquo;un homme, d&rsquo;un enfant ?<\/span><\/h1>\n<h1><span style=\"color: #0000ff;\">le respect de la vie et des droits doit dicter notre politique migratoire plut\u00f4t que l\u2019inverse.<\/span><\/h1>\n<h1><span style=\"color: #800000;\">La POLITIQUE MIGRATOIRE de l\u2019U. E. ne doit pas s\u2019AFFRANCHIR du RESPECT des DROITS HUMAINS.<\/span><br \/>\n<span style=\"color: #800000;\">Il y a URGENCE<\/span><\/h1>\n<p>&nbsp;<\/p>\n<gcse:search><\/gcse:search>","protected":false},"excerpt":{"rendered":"<p>Que puis je dire \u00e0 mes petits enfants\u00a0? Comment leur expliquer que des gens qui fuient la guerre, ne \u00ab\u00a0peuvent\u00a0\u00bb \u00eatre accueillis en France\u00a0? Comment leur expliquer que des gens qui fuient la mis\u00e8re ne \u00ab\u00a0peuvent\u00a0\u00bb \u00eatre accueillis en France\u00a0? Comment leur expliquer que ceux qui ont surv\u00e9cu aux passeurs, aux naufrages, \u2026 ne \u00ab\u00a0peuvent\u00a0\u00bb [&hellip;]<\/p>\n","protected":false},"author":1,"featured_media":0,"comment_status":"open","ping_status":"open","sticky":false,"template":"","format":"standard","meta":{"footnotes":""},"categories":[217],"tags":[119,103,117,50],"class_list":["post-17287","post","type-post","status-publish","format-standard","hentry","category-libertes","tag-cercle-du-silence","tag-demarche-citoyenne","tag-democratie","tag-discriminations"],"_links":{"self":[{"href":"https:\/\/alternatifs81.fr\/index.php?rest_route=\/wp\/v2\/posts\/17287","targetHints":{"allow":["GET"]}}],"collection":[{"href":"https:\/\/alternatifs81.fr\/index.php?rest_route=\/wp\/v2\/posts"}],"about":[{"href":"https:\/\/alternatifs81.fr\/index.php?rest_route=\/wp\/v2\/types\/post"}],"author":[{"embeddable":true,"href":"https:\/\/alternatifs81.fr\/index.php?rest_route=\/wp\/v2\/users\/1"}],"replies":[{"embeddable":true,"href":"https:\/\/alternatifs81.fr\/index.php?rest_route=%2Fwp%2Fv2%2Fcomments&post=17287"}],"version-history":[{"count":0,"href":"https:\/\/alternatifs81.fr\/index.php?rest_route=\/wp\/v2\/posts\/17287\/revisions"}],"wp:attachment":[{"href":"https:\/\/alternatifs81.fr\/index.php?rest_route=%2Fwp%2Fv2%2Fmedia&parent=17287"}],"wp:term":[{"taxonomy":"category","embeddable":true,"href":"https:\/\/alternatifs81.fr\/index.php?rest_route=%2Fwp%2Fv2%2Fcategories&post=17287"},{"taxonomy":"post_tag","embeddable":true,"href":"https:\/\/alternatifs81.fr\/index.php?rest_route=%2Fwp%2Fv2%2Ftags&post=17287"}],"curies":[{"name":"wp","href":"https:\/\/api.w.org\/{rel}","templated":true}]}}