{"id":17280,"date":"2016-03-07T21:53:39","date_gmt":"2016-03-07T20:53:39","guid":{"rendered":"http:\/\/alternatifs81.fr\/?p=17280"},"modified":"2016-03-07T21:54:44","modified_gmt":"2016-03-07T20:54:44","slug":"retour-au-19e-siecle-tribune-libre-patrick-mignard","status":"publish","type":"post","link":"https:\/\/alternatifs81.fr\/?p=17280","title":{"rendered":"RETOUR AU 19e SI\u00c8CLE ? Tribune libre Patrick MIGNARD"},"content":{"rendered":"<div class=\"contenuArticle\">\n<div class=\"ob-sections\">\n<div class=\"ob-section ob-section-html\">\n<h1 style=\"text-align: justify;\"><span style=\"color: #808000;\"><em><strong>La formule a de plus en plus de succ\u00e8s vu les performances politiques du gouvernement sur le plan social et les r\u00e9gressions sociales actuelles et \u00e0 venir. Elle n\u2019est cependant pas exag\u00e9r\u00e9e. <\/strong><\/em><\/span><\/h1>\n<h2 style=\"text-align: justify;\"><a href=\"http:\/\/alternatifs81.fr\/wp-content\/uploads\/ob_65f970_19e-siecle.jpg\"  rel=\"lightbox[17280] attachment wp-att-17282\"><img loading=\"lazy\" decoding=\"async\" class=\"alignleft wp-image-17282 size-medium\" src=\"http:\/\/alternatifs81.fr\/wp-content\/uploads\/ob_65f970_19e-siecle-300x169.jpg\" alt=\"ob_65f970_19e-siecle\" width=\"300\" height=\"169\" srcset=\"https:\/\/alternatifs81.fr\/wp-content\/uploads\/ob_65f970_19e-siecle-300x169.jpg 300w, https:\/\/alternatifs81.fr\/wp-content\/uploads\/ob_65f970_19e-siecle-768x432.jpg 768w, https:\/\/alternatifs81.fr\/wp-content\/uploads\/ob_65f970_19e-siecle.jpg 1024w\" sizes=\"auto, (max-width: 300px) 100vw, 300px\" \/><\/a>Le monde actuel n\u2019est plus celui du 19<sup>e<\/sup> si\u00e8cle et en Histoire on ne revient pas en arri\u00e8re, mais des similitudes existent ne serait-ce que parce que nous sommes toujours dans le m\u00eame syst\u00e8me \u00e9conomique avec les m\u00eames principes fondamentaux qui le r\u00e9gissent.<\/h2>\n<h1 style=\"text-align: justify;\"><span style=\"color: #008000;\"><strong>LE 19<sup>e<\/sup> SIECLE\u2026<\/strong><\/span><\/h1>\n<h2 style=\"text-align: justify;\">C\u2019est le si\u00e8cle de la mont\u00e9e en puissance du capitalisme, de l\u2019\u00e9mergence de ce que l\u2019on appellera les nations industrialis\u00e9es\u00a0: France, \u00ab\u00a0Allemagne\u00a0\u00bb, Angleterre, USA,\u2026 Ce syst\u00e8me se d\u00e9veloppe \u00e0 l\u2019\u00ab\u00a0\u00e9tat brut\u00a0\u00bb\u00a0: d\u00e9mant\u00e8lement des anciennes structures \u00e9conomiques de production, cr\u00e9ation d\u2019entreprises \u00ab\u00a0modernes\u00a0\u00bb, embauche massive de \u00ab\u00a0force de travail\u00a0\u00bb pour lequel le <em>salaire<\/em> octroy\u00e9 n\u2019est que le moyen de se reproduire. La possession de colonies d\u00e9multiplie la puissance politique, et \u00e9conomique des empires coloniaux naissants tout en exacerbant leurs conflits.<\/h2>\n<p><!--more--><\/p>\n<h2 style=\"text-align: justify;\">Socialement les salari\u00e9s sont au plus bas. Quasiment aucune protection sociale\u2026 c\u2019est le r\u00e8gne du \u00ab\u00a0patronat de droit divin\u00a0\u00bb. Les luttes sociales qui se prolongent pendant pr\u00e9s de deux si\u00e8cles vont aboutir au 20\u00b0 si\u00e8cle \u00e0 une codification des rapports entre employeurs et salari\u00e9s. Le rapport de force, quand il est favorable aux salari\u00e9s, permet des avanc\u00e9es sociales cons\u00e9quentes qui, \u00e0 la fois am\u00e9liorent leurs conditions de vie et de travail, mais permettent aussi au patronat d\u2019\u00e9viter l\u2019explosion sociale et, ce qu\u2019ils redoutent par-dessus tout, la r\u00e9volution sociale.<\/h2>\n<h2 style=\"text-align: justify;\">C\u2019est l\u2019\u00e9poque, o\u00f9 le patronat \u00ab\u00a0<em>peut, et \u00e0 int\u00e9r\u00eat, \u00e0 se payer la paix sociale<\/em>\u00a0\u00bb, donc faire des concessions et o\u00f9 le syst\u00e8me capitaliste dans son ensemble, se r\u00e9sume \u00e0 quelques nations qui d\u00e9tiennent toutes les ressources naturelles, les technologies,\u2026 ce qui ne les emp\u00eache, \u00e9videmment pas, de s\u2019affronter militairement.<\/h2>\n<h2 style=\"text-align: justify;\">L\u2019<em>emploi<\/em> n\u2019est, de mani\u00e8re g\u00e9n\u00e9rale, pas un probl\u00e8me. Les entreprises ont besoin de <em>force de travail<\/em> et la trouvent sur place. Ainsi une sorte de consensus, conflictuel, mais stable, s\u2019\u00e9tablit entre employeurs et salari\u00e9s\u2026constituant un tissu social que m\u00eame les projets r\u00e9volutionnaires ne d\u00e9chireront pas. Entre r\u00e9formistes et r\u00e9volutionnaires, ce sont incontestablement les premiers qui ont eu le dernier mot.<\/h2>\n<h1 style=\"text-align: justify;\"><span style=\"color: #808000;\"><strong>\u2026 ET AUJOURDHUI<\/strong><\/span><\/h1>\n<h2 style=\"text-align: justify;\">Le 20<sup>e<\/sup> si\u00e8cle n\u2019a fait que permettre au Capital de d\u00e9velopper son emprise sur le monde et ce, malgr\u00e9 les conflits sanglants entre nations industrialis\u00e9es. La d\u00e9colonisation qui a suivi la 2<sup>e<\/sup> Guerre Mondiale, si elle a affaibli les \u00c9tats-Nations industriels, n\u2019a pas emp\u00each\u00e9 le Capital, qui ne conna\u00eet pas les fronti\u00e8res, d\u2019envahir l\u2019ensemble de la plan\u00e8te. Le cocon protecteur de l\u2019\u00c9tat-Nation ne lui \u00e9tant plus indispensable pour son d\u00e9veloppement, le Capital s\u2019est mondialis\u00e9, cr\u00e9ant des structures \u00e9conomiques \u2013 les multinationales &#8211; finalement plus riches et plus puissantes que les Etats. La financiarisation de l\u2019\u00e9conomie \u2013 <em>faire de l\u2019argent avec de l\u2019argent<\/em> \u2013 a, enfin, en grande partie supplant\u00e9 le principe \u2013 <em>faire de l\u2019argent en produisant<\/em>\u2026. D\u2019o\u00f9 la sp\u00e9culation financi\u00e8re effr\u00e9n\u00e9e\u00a0!<\/h2>\n<h2 style=\"text-align: justify;\">La mondialisation marchande a eu, et a, des r\u00e9percussions consid\u00e9rables sur les notions de <em>d\u00e9mocratie<\/em> et de <em>citoyennet\u00e9<\/em>. On savait depuis le 19<sup>e<\/sup> si\u00e8cle l\u2019\u00c9tat-Nation en \u00e9troite liaison avec le Capital national,\u2026 mais aujourd\u2019hui la mondialisation du capital relativise consid\u00e9rable les pouvoirs de L\u2019Etat et par voie de cons\u00e9quence ceux du citoyen. Les Etats d\u00e9fendent les int\u00e9r\u00eats du capital mondialis\u00e9 et sont incapables d\u2019att\u00e9nuer les contradictions d\u2019int\u00e9r\u00eats entre d\u00e9tenteurs du capital et salari\u00e9s.<\/h2>\n<h2 style=\"text-align: justify;\">Le Capital, pas plus que l\u2019Etat, ne peuvent garantir l\u2019int\u00e9grit\u00e9 du <em>lien social salarial<\/em> bas\u00e9 sur le fait que chacun\/ne trouve un travail pour vivre. Le march\u00e9 du travail est mondialis\u00e9,\u2026 d\u2019o\u00f9 les d\u00e9localisations, et le fait que la guerre des co\u00fbts de production (donc aussi des salaires), entre entreprises, fait rage sur le march\u00e9 mondial. La politique \u00e9conomique qui consistait, dans le cadre d\u2019un \u00c9tat-Nation, \u00e0 r\u00e9duire le ch\u00f4mage par la relance de la Demande, donc de la Production, n\u2019est plus efficace dans un monde ouvert\u2026 la production peut se faire ailleurs, de m\u00eame que la demande peut se faire \u00e0 partir des importations.<\/h2>\n<h2 style=\"text-align: justify;\">Il reste donc la <em>r\u00e9duction des co\u00fbts<\/em> pour accro\u00eetre la comp\u00e9titivit\u00e9 de l\u2019entreprise en esp\u00e9rant \u2013 ce qui est loin d\u2019\u00eatre s\u00fbr \u2013 qu\u2019elle embauchera\u2026 ce que l\u2019on appelle la <em>politique de l\u2019Offre<\/em>. Ainsi le patronat a raison \u2013 de son point de vue &#8211;\u00a0 quand il veut \u00ab\u00a0toiletter\u00a0\u00bb le Code du Travail. Autrement dit, il veut revenir \u00e0 <em>un march\u00e9 du travail, d\u00e9barrass\u00e9 des garanties qui ont \u00e9t\u00e9 impos\u00e9es par les luttes des salari\u00e9s<\/em>. L\u2019Etat, quelle que soit sa couleur politique, \u00e9tant bien incapable de proposer une autre solution,\u2026 il suit la logique du MEDEF. CQFD.<\/h2>\n<h2 style=\"text-align: justify;\">On comprend d\u00e8s lors l\u2019analogie avec le 19<sup>e<\/sup> si\u00e8cle. La grande diff\u00e9rence, c\u2019est qu\u2019aujourd\u2019hui, les marges de man\u0153uvres de l\u2019Etat n\u2019existent plus,\u2026 de m\u00eame que le Capital qui devait c\u00e9der au rapport de force impos\u00e9 par les salari\u00e9s, peut aujourd\u2019hui l\u2019ignorer. Le mouvement ouvrier fort autrefois, est aujourd\u2019hui affaibli par la mondialisation du capital qui a dispers\u00e9 ses effectifs\u2026 on a assist\u00e9 \u00e0 l\u2019\u00e9clatement de ce que l\u2019on appelait la \u00ab\u00a0classe ouvri\u00e8re\u00a0\u00bb. Les salari\u00e9s atomis\u00e9s ne constituent plus une force comme ce fut le cas dans le pass\u00e9.<\/h2>\n<h2 style=\"text-align: justify;\">Il va falloir repenser une strat\u00e9gie politique, ce dont sont actuellement incapables partis politiques (progressistes) et syndicats (aussi radicaux soient-ils\u00a0!). Les vieux sch\u00e9mas de contestations et de changements sociaux ne marchent plus. Le vrai d\u00e9bat politique est l\u00e0, et pas ailleurs, pas dans les institutions r\u00e9elles ou suppos\u00e9es.<\/h2>\n<p>&nbsp;<\/p>\n<h3 id=\"yui_3_5_0_1_1457200098476_19114\"><span style=\"color: #0000ff;\">7 mars 2016\u00a0\u00a0\u00a0\u00a0\u00a0\u00a0\u00a0\u00a0\u00a0\u00a0\u00a0\u00a0\u00a0\u00a0\u00a0\u00a0\u00a0\u00a0\u00a0\u00a0\u00a0\u00a0\u00a0\u00a0\u00a0\u00a0\u00a0\u00a0\u00a0\u00a0\u00a0\u00a0\u00a0\u00a0\u00a0\u00a0\u00a0\u00a0\u00a0\u00a0 Patrick MIGNARD<br \/>\n<\/span><\/h3>\n<\/div>\n<\/div>\n<p><a href=\"http:\/\/alternatifs81.fr\/wp-content\/uploads\/ob_65f970_19e-siecle.jpg\"  rel=\"lightbox[17280] attachment wp-att-17282\"><img loading=\"lazy\" decoding=\"async\" class=\"aligncenter wp-image-17282\" src=\"http:\/\/alternatifs81.fr\/wp-content\/uploads\/ob_65f970_19e-siecle-150x150.jpg\" alt=\"ob_65f970_19e-siecle\" width=\"600\" height=\"338\" srcset=\"https:\/\/alternatifs81.fr\/wp-content\/uploads\/ob_65f970_19e-siecle-300x169.jpg 300w, https:\/\/alternatifs81.fr\/wp-content\/uploads\/ob_65f970_19e-siecle-768x432.jpg 768w, https:\/\/alternatifs81.fr\/wp-content\/uploads\/ob_65f970_19e-siecle.jpg 1024w\" sizes=\"auto, (max-width: 600px) 100vw, 600px\" \/><\/a><\/p>\n<\/div>\n<p>&nbsp;<\/p>\n<gcse:search><\/gcse:search>","protected":false},"excerpt":{"rendered":"<p>La formule a de plus en plus de succ\u00e8s vu les performances politiques du gouvernement sur le plan social et les r\u00e9gressions sociales actuelles et \u00e0 venir. Elle n\u2019est cependant pas exag\u00e9r\u00e9e. Le monde actuel n\u2019est plus celui du 19e si\u00e8cle et en Histoire on ne revient pas en arri\u00e8re, mais des similitudes existent ne [&hellip;]<\/p>\n","protected":false},"author":1,"featured_media":0,"comment_status":"open","ping_status":"open","sticky":false,"template":"","format":"standard","meta":{"footnotes":""},"categories":[193,295],"tags":[103,50,16,23],"class_list":["post-17280","post","type-post","status-publish","format-standard","hentry","category-social","category-travail-2","tag-demarche-citoyenne","tag-discriminations","tag-economie","tag-luttes"],"_links":{"self":[{"href":"https:\/\/alternatifs81.fr\/index.php?rest_route=\/wp\/v2\/posts\/17280","targetHints":{"allow":["GET"]}}],"collection":[{"href":"https:\/\/alternatifs81.fr\/index.php?rest_route=\/wp\/v2\/posts"}],"about":[{"href":"https:\/\/alternatifs81.fr\/index.php?rest_route=\/wp\/v2\/types\/post"}],"author":[{"embeddable":true,"href":"https:\/\/alternatifs81.fr\/index.php?rest_route=\/wp\/v2\/users\/1"}],"replies":[{"embeddable":true,"href":"https:\/\/alternatifs81.fr\/index.php?rest_route=%2Fwp%2Fv2%2Fcomments&post=17280"}],"version-history":[{"count":0,"href":"https:\/\/alternatifs81.fr\/index.php?rest_route=\/wp\/v2\/posts\/17280\/revisions"}],"wp:attachment":[{"href":"https:\/\/alternatifs81.fr\/index.php?rest_route=%2Fwp%2Fv2%2Fmedia&parent=17280"}],"wp:term":[{"taxonomy":"category","embeddable":true,"href":"https:\/\/alternatifs81.fr\/index.php?rest_route=%2Fwp%2Fv2%2Fcategories&post=17280"},{"taxonomy":"post_tag","embeddable":true,"href":"https:\/\/alternatifs81.fr\/index.php?rest_route=%2Fwp%2Fv2%2Ftags&post=17280"}],"curies":[{"name":"wp","href":"https:\/\/api.w.org\/{rel}","templated":true}]}}