{"id":17271,"date":"2016-03-07T08:17:08","date_gmt":"2016-03-07T07:17:08","guid":{"rendered":"http:\/\/alternatifs81.fr\/?p=17271"},"modified":"2016-03-18T20:13:11","modified_gmt":"2016-03-18T19:13:11","slug":"loi-travail-non-merci","status":"publish","type":"post","link":"https:\/\/alternatifs81.fr\/?p=17271","title":{"rendered":"Le gouvernement veut \u00ab\u00a0r\u00e9former\u00a0\u00bb le Code du Travail ? Nous aussi !"},"content":{"rendered":"<h1 style=\"text-align: justify;\"><a href=\"http:\/\/alternatifs81.fr\/wp-content\/uploads\/code2-1.jpg\"  rel=\"lightbox[17271] attachment wp-att-17118\"><img loading=\"lazy\" decoding=\"async\" class=\"alignleft wp-image-17118 size-full\" src=\"http:\/\/alternatifs81.fr\/wp-content\/uploads\/code2-1.jpg\" alt=\"code2\" width=\"180\" height=\"195\" \/><\/a><span style=\"color: #808000;\">Le gouvernement veut \u201cr\u00e9former\u201d le Code du Travail.<br \/>\n<\/span><\/h1>\n<h2 style=\"text-align: justify;\">Ne nous y trompons pas, il ne s\u2019agit, surtout pas, de renforcer la protection des salari\u00e9-e-s., mais pour l\u2019essentiel, de r\u00e9pondre aux d\u00e9sid\u00e9rata du MEDEF pour obtenir une main d\u2019\u0153uvre plus docile, taillable et corv\u00e9able \u00e0 merci, et si possible, sous-pay\u00e9e. Ce que la droite n\u2019avait jamais os\u00e9 tenter de mettre en application, ce gouvernement le fait . . .<\/h2>\n<h1><span style=\"color: #808000;\">Le gouvernement veut \u201cr\u00e9former\u201d le Code du Travail. Nous aussi\u00a0!<\/span><\/h1>\n<h2 style=\"text-align: justify;\">Une r\u00e9forme du Code du Travail est certainement n\u00e9cessaire.<\/h2>\n<h2 style=\"text-align: justify;\">Elle doit viser \u00e0 un renforcement du droit des salari\u00e9-e-s et de leurs instances (CE, CHSCT,\u2026). Elle devra permettre la mise en place d\u2019une r\u00e9elle \u201cS\u00e9curit\u00e9 Sociale Professionnelle\u201d comme d&rsquo;une R\u00e9duction massive du Temps de Travail.<\/h2>\n<h2 style=\"text-align: justify;\">Elle devra favoriser la reprise des entreprises par leurs salari\u00e9-e-s, d\u00e9bouchant sur la mise en place d\u2019autres conditions de travail, d\u2019autres fa\u00e7ons de travailler ensemble.<\/h2>\n<h2 style=\"text-align: justify;\">Permettre \u00e0 chacun-e de nous r\u00e9approprier notre travail et, par l\u00e0 m\u00eame, nos vies<\/h2>\n<h2 style=\"text-align: justify;\">Le 9 mars, \u00e0 l\u2019appel des syndicats et de toutes les personnes, jeunes ou \u00e2g\u00e9es, actives et\/ou retrait\u00e9es, qui demandons le retrait de cette \u201cr\u00e9forme\u201d, nous serons toutes et tous dans la rue, \u00e0 12 h*.<\/h2>\n<h2 style=\"text-align: justify;\">&#8211; Albi <em>(Place du Vigan) <\/em>et \u00e0<\/h2>\n<h2 style=\"text-align: justify;\">&#8211; Castres <em>(Place de l\u2019Albinque)<\/em><\/h2>\n<h3 style=\"text-align: justify;\"><span style=\"color: #008000;\">*N\u2019oublions pas notre casse-cro\u00fbte (\u00e0 partager !)<\/span><\/h3>\n<h3><span style=\"color: #0000ff;\">Alternatives et Autogestion 81<\/span><br \/>\n<em><span style=\"color: #0000ff;\">Castres, le 7 mars 2016<\/span><\/em><\/h3>\n<h4><span style=\"color: #808000;\"><em>Collectif d\u2019Animation<\/em><\/span><br \/>\n<span style=\"color: #808000;\"><em>Alternatives-et-Autogestion <\/em><\/span><br \/>\n<span style=\"color: #808000;\"><em>Groupe du Tarn<\/em><\/span><br \/>\n<span style=\"color: #808000;\"><em>81@alternatives-et-autogestion.org<\/em><\/span><\/h4>\n<gcse:search><\/gcse:search>","protected":false},"excerpt":{"rendered":"<p>Le gouvernement veut \u201cr\u00e9former\u201d le Code du Travail. Ne nous y trompons pas, il ne s\u2019agit, surtout pas, de renforcer la protection des salari\u00e9-e-s., mais pour l\u2019essentiel, de r\u00e9pondre aux d\u00e9sid\u00e9rata du MEDEF pour obtenir une main d\u2019\u0153uvre plus docile, taillable et corv\u00e9able \u00e0 merci, et si possible, sous-pay\u00e9e. Ce que la droite n\u2019avait jamais [&hellip;]<\/p>\n","protected":false},"author":1,"featured_media":0,"comment_status":"open","ping_status":"open","sticky":false,"template":"","format":"standard","meta":{"footnotes":""},"categories":[9],"tags":[398,117,23,20,320,140],"class_list":["post-17271","post","type-post","status-publish","format-standard","hentry","category-communiques","tag-autogestion","tag-democratie","tag-luttes","tag-manifestations","tag-reduction-du-temps-de-travail","tag-travail"],"_links":{"self":[{"href":"https:\/\/alternatifs81.fr\/index.php?rest_route=\/wp\/v2\/posts\/17271","targetHints":{"allow":["GET"]}}],"collection":[{"href":"https:\/\/alternatifs81.fr\/index.php?rest_route=\/wp\/v2\/posts"}],"about":[{"href":"https:\/\/alternatifs81.fr\/index.php?rest_route=\/wp\/v2\/types\/post"}],"author":[{"embeddable":true,"href":"https:\/\/alternatifs81.fr\/index.php?rest_route=\/wp\/v2\/users\/1"}],"replies":[{"embeddable":true,"href":"https:\/\/alternatifs81.fr\/index.php?rest_route=%2Fwp%2Fv2%2Fcomments&post=17271"}],"version-history":[{"count":0,"href":"https:\/\/alternatifs81.fr\/index.php?rest_route=\/wp\/v2\/posts\/17271\/revisions"}],"wp:attachment":[{"href":"https:\/\/alternatifs81.fr\/index.php?rest_route=%2Fwp%2Fv2%2Fmedia&parent=17271"}],"wp:term":[{"taxonomy":"category","embeddable":true,"href":"https:\/\/alternatifs81.fr\/index.php?rest_route=%2Fwp%2Fv2%2Fcategories&post=17271"},{"taxonomy":"post_tag","embeddable":true,"href":"https:\/\/alternatifs81.fr\/index.php?rest_route=%2Fwp%2Fv2%2Ftags&post=17271"}],"curies":[{"name":"wp","href":"https:\/\/api.w.org\/{rel}","templated":true}]}}