{"id":17263,"date":"2016-04-07T07:32:33","date_gmt":"2016-04-07T06:32:33","guid":{"rendered":"http:\/\/alternatifs81.fr\/?p=17263"},"modified":"2016-04-07T16:51:50","modified_gmt":"2016-04-07T15:51:50","slug":"aa-carte-didentite","status":"publish","type":"post","link":"https:\/\/alternatifs81.fr\/?p=17263","title":{"rendered":"A&#038;A : carte d&rsquo;identit\u00e9"},"content":{"rendered":"<h2 style=\"text-align: justify;\">Nous R\u00caVONS d&rsquo;un mouvement politique diff\u00e9rent.<\/h2>\n<h2 style=\"text-align: justify;\"><a href=\"http:\/\/alternatifs81.fr\/wp-content\/uploads\/11921697_928361130564047_3605693753134628650_n.jpg\"  rel=\"lightbox[17263] attachment wp-att-17267\"><img loading=\"lazy\" decoding=\"async\" class=\"alignleft wp-image-17267 size-medium\" src=\"http:\/\/alternatifs81.fr\/wp-content\/uploads\/11921697_928361130564047_3605693753134628650_n-225x300.jpg\" alt=\"11921697_928361130564047_3605693753134628650_n\" width=\"225\" height=\"300\" srcset=\"https:\/\/alternatifs81.fr\/wp-content\/uploads\/11921697_928361130564047_3605693753134628650_n-225x300.jpg 225w, https:\/\/alternatifs81.fr\/wp-content\/uploads\/11921697_928361130564047_3605693753134628650_n.jpg 720w\" sizes=\"auto, (max-width: 225px) 100vw, 225px\" \/><\/a>Parce que nous ne sommes pas satisfaitEs de la marche du monde, de notre pays, de notre quartier, de notre bled,\u00a0de notre \u00e9cole, de notre bo\u00eete, . . .\u00a0 <span style=\"color: #808000;\"><strong>nous voulons faire de la politique!<br \/>\n<\/strong><\/span><\/h2>\n<h2 style=\"text-align: justify;\">Si nous n\u2019en faisons pas, d&rsquo;autres la font pour nous. Parce que <span style=\"color: #008000;\"><strong>faire de la politique c&rsquo;est agir <\/strong><strong>sur ce qui nous entoure et fait notre vie<em>. <\/em><\/strong><strong><em>\u00a0<\/em><\/strong><\/span><\/h2>\n<h2 style=\"text-align: justify;\"><span style=\"color: #008000;\"><strong>Nous ne nous satisfaisons pas de ce que sont devenus <\/strong><\/span>notre eau, notre air, nos for\u00eats, nos rivi\u00e8res, nos oc\u00e9ans, nos champs, nos animaux.<\/h2>\n<h2 style=\"text-align: justify;\"><span style=\"color: #808000;\"><strong>Nous sommes r\u00e9volt\u00e9Es par le sort fait aux femmes et aux hommes, jeunes et vieux, qui<\/strong> <\/span>travaillent, qui ch\u00f4ment, qui migrent, qui sont malades, qui vieillissent, quels que soient leurs diff\u00e9rences, leurs handicaps &#8230;<\/h2>\n<h2 style=\"text-align: justify;\"><span style=\"color: #808000;\"><strong>Nous voulons faire <\/strong><strong>\u00ab\u00a0autre chose\u00a0\u00bb<\/strong>: l<\/span>a politique politicienne nous insupporte et nous en avons soup\u00e9 de la politique politicienne et de la course de petits chevaux\u00a0\u00e9lectorale, des petites phrases m\u00e9diatiques \u00a0etc. Le syst\u00e8me \u00e9lectoral\u00a0 totalement verrouill\u00e9 nous confisque la d\u00e9mocratie.<\/h2>\n<h2 style=\"text-align: justify;\"><span style=\"color: #808000;\"><strong>Nous voulons faire autrement<\/strong>.<\/span> Nous voulons inventer d&rsquo;autres alternatives sans chefs, sans petit livre rouge ni vert, mais avec la conviction que nous devons prendre nous m\u00eame nos affaires en main et, par l&rsquo;action en commun, retrouver ce qui peut nous rassembler et ce qui fait notre force contre ce qui nous oppresse !<\/h2>\n<h2 style=\"text-align: justify;\"><span style=\"color: #008000;\"><strong>Nous voulons que soit b\u00e2ti\u00a0:<\/strong><\/span><\/h2>\n<ul style=\"text-align: justify;\">\n<li>\n<h2>un mouvement qui \u00ab\u00a0donne envie\u00a0\u00bb, qui soul\u00e8ve l\u2019enthousiasme !<\/h2>\n<p><!--more--><\/li>\n<li>\n<h2>un mouvement qui r\u00e9unit les acteurs du changement,<\/h2>\n<\/li>\n<li>\n<h2>un mouvement r\u00e9solument anticapitaliste,<\/h2>\n<\/li>\n<li>\n<h2>un mouvement qui s\u2019enrichit des exp\u00e9riences des unEs et des autres\u00a0et qui rassemble.<\/h2>\n<\/li>\n<li>\n<h2>un mouvement qui s\u2019ouvre \u00e0 l\u2019innovation, aux circuits courts,\u00a0aux monnaies solidaires\u2026<\/h2>\n<\/li>\n<li>\n<h2>un mouvement qui prenne en compte le \u00ab\u00a0terrain\u00a0\u00bb et qui apprenne \u00e0 coordonner les forces pour avancer,<\/h2>\n<\/li>\n<li>\n<h2>un mouvement o\u00f9 les unes et les autres sont respect\u00e9Es,<\/h2>\n<\/li>\n<li>\n<h2>un mouvement qui s\u2019appuie sur les capacit\u00e9s de chacun et de chacune de nous.<\/h2>\n<\/li>\n<\/ul>\n<h2 style=\"text-align: justify;\"><span style=\"color: #808000;\">\u00a0<strong>Toi, qui luttes dans ta<\/strong><\/span> boite, dans ton quartier, dans ton \u00e9cole, dans ton h\u00f4pital, dans ton jardin, dans ta for\u00eat, dans ta ferme, pour ta plage, \u2026<\/h2>\n<h2 style=\"text-align: justify;\"><span style=\"color: #008000;\"><strong>Toi qui as mont\u00e9 une<\/strong><\/span> AMAP, une coop\u00e9rative, un collectif. \u2026<\/h2>\n<h2 style=\"text-align: justify;\"><span style=\"color: #339966;\"><strong>Toi qui as envie qu&rsquo;on prenne en compte ton engagement comme une partie du chemin politique.<\/strong><\/span><\/h2>\n<h2 style=\"text-align: justify;\"><span style=\"color: #339966;\"><strong>Toi aussi, tu es r\u00e9volt\u00e9E de ce que<\/strong><\/span> tu vis, par ce que tu vois autour de toi, et tu te rends compte que agir seulE ne m\u00e8ne \u00e0 rien.<\/h2>\n<h2 style=\"text-align: justify;\"><span style=\"color: #808000;\"><strong>Tu as appris dans tes engagements et dans tes r\u00e9flexions<\/strong>&#8230;<\/span> D&rsquo;autres &#8211; tout pr\u00e8s ou plus loin &#8211; partagent beaucoup de tes questions et de tes r\u00eaves.<\/h2>\n<p>&nbsp;<\/p>\n<h1><span style=\"color: #808000;\"><strong>Allons ! On se retrouve et on se retrousse les manches !<\/strong><\/span><\/h1>\n<h2 style=\"text-align: justify;\"><span style=\"text-decoration: underline;\">Notre site :<\/span>\u00a0\u00a0 http:\/\/alternatives-et-autogestion.org\/blog\/<br \/>\n<span style=\"text-decoration: underline;\">Notre \u00ab\u00a0contact\u00a0\u00bb :<\/span>\u00a0 contact@alternatives-et-autogestion.org<br \/>\n<span style=\"text-decoration: underline;\">Notre liste :<\/span>\u00a0 agora@listes.alternatives-et-autogestion.org<br \/>\n<span style=\"text-decoration: underline;\">Notre Twitter:<\/span> @AAutogestion<br \/>\n<span style=\"text-decoration: underline;\">Site Facebook<\/span> . ..<br \/>\n<span style=\"text-decoration: underline;\">Notre site 81\/12:<\/span>\u00a0\u00a0 http\/\/alternatifs81.fr<br \/>\n<span style=\"text-decoration: underline;\">Notre contact 81:<\/span> 81@alternatives-et-autogestion.org<\/h2>\n<gcse:search><\/gcse:search>","protected":false},"excerpt":{"rendered":"<p>Nous R\u00caVONS d&rsquo;un mouvement politique diff\u00e9rent. Parce que nous ne sommes pas satisfaitEs de la marche du monde, de notre pays, de notre quartier, de notre bled,\u00a0de notre \u00e9cole, de notre bo\u00eete, . . .\u00a0 nous voulons faire de la politique! Si nous n\u2019en faisons pas, d&rsquo;autres la font pour nous. Parce que faire de [&hellip;]<\/p>\n","protected":false},"author":1,"featured_media":0,"comment_status":"open","ping_status":"open","sticky":false,"template":"","format":"standard","meta":{"footnotes":""},"categories":[6],"tags":[398,117,169,400,433],"class_list":["post-17263","post","type-post","status-publish","format-standard","hentry","category-notre-projet","tag-autogestion","tag-democratie","tag-ecologie-2","tag-feminisme","tag-solidarites"],"_links":{"self":[{"href":"https:\/\/alternatifs81.fr\/index.php?rest_route=\/wp\/v2\/posts\/17263","targetHints":{"allow":["GET"]}}],"collection":[{"href":"https:\/\/alternatifs81.fr\/index.php?rest_route=\/wp\/v2\/posts"}],"about":[{"href":"https:\/\/alternatifs81.fr\/index.php?rest_route=\/wp\/v2\/types\/post"}],"author":[{"embeddable":true,"href":"https:\/\/alternatifs81.fr\/index.php?rest_route=\/wp\/v2\/users\/1"}],"replies":[{"embeddable":true,"href":"https:\/\/alternatifs81.fr\/index.php?rest_route=%2Fwp%2Fv2%2Fcomments&post=17263"}],"version-history":[{"count":0,"href":"https:\/\/alternatifs81.fr\/index.php?rest_route=\/wp\/v2\/posts\/17263\/revisions"}],"wp:attachment":[{"href":"https:\/\/alternatifs81.fr\/index.php?rest_route=%2Fwp%2Fv2%2Fmedia&parent=17263"}],"wp:term":[{"taxonomy":"category","embeddable":true,"href":"https:\/\/alternatifs81.fr\/index.php?rest_route=%2Fwp%2Fv2%2Fcategories&post=17263"},{"taxonomy":"post_tag","embeddable":true,"href":"https:\/\/alternatifs81.fr\/index.php?rest_route=%2Fwp%2Fv2%2Ftags&post=17263"}],"curies":[{"name":"wp","href":"https:\/\/api.w.org\/{rel}","templated":true}]}}