{"id":17246,"date":"2016-03-05T16:46:50","date_gmt":"2016-03-05T15:46:50","guid":{"rendered":"http:\/\/alternatifs81.fr\/?p=17246"},"modified":"2016-03-05T19:31:02","modified_gmt":"2016-03-05T18:31:02","slug":"appel-a-un-8-mars-de-lutte-pour-legalite-femmeshommes-au-travail-et-dans-la-vie","status":"publish","type":"post","link":"https:\/\/alternatifs81.fr\/?p=17246","title":{"rendered":"Appel \u00e0 un 8 mars de lutte pour l\u2019\u00e9galit\u00e9 femmes\/hommes au travail et dans la vie !"},"content":{"rendered":"<h2 class=\"post-body entry-content\" style=\"text-align: justify;\"><a href=\"http:\/\/alternatifs81.fr\/wp-content\/uploads\/afficheluttesfemmes_s.jpg\"  rel=\"lightbox[17246] attachment wp-att-17238\"><img loading=\"lazy\" decoding=\"async\" class=\"alignleft wp-image-17238 size-full\" src=\"http:\/\/alternatifs81.fr\/wp-content\/uploads\/afficheluttesfemmes_s.jpg\" alt=\"afficheluttesfemmes_s\" width=\"250\" height=\"216\" \/><\/a><b>Ce 8 mars : luttons, faisons gr\u00e8ve, manifestons, rassemblons nous, menons ensemble des actions festives et symboliques !\u00a0<\/b><\/h2>\n<h2 style=\"text-align: justify;\"><b>Le 8 mars, c\u2019est la journ\u00e9e internationale de luttes pour les droits des femmes du monde entier ! Les luttes des femmes ont permis de conqu\u00e9rir des droits et de progresser vers l\u2019\u00e9galit\u00e9 entre les femmes et les hommes.\u00a0<\/b><\/h2>\n<h2 style=\"text-align: justify;\"><b>La journ\u00e9e du 8 mars, qui c\u00e9l\u00e8bre l\u2019histoire de ces luttes, est plus qu\u2019un symbole. C\u2019est la journ\u00e9e internationale de luttes pour les droits des femmes du monde entier. <\/b><\/h2>\n<h2 style=\"text-align: justify;\"><b>Ce n\u2019est pas la journ\u00e9e de \u00ab la \u00bb femme, comme les m\u00e9dias se complaisent \u00e0 le r\u00e9p\u00e9ter. Nous refusons la r\u00e9cup\u00e9ration de cette journ\u00e9e \u00e0 des fins commerciales, avec des messages publicitaires proposant de la \u00ab f\u00eater \u00bb par un cadeau ou une distribution de fleurs sur le lieu de travail\u2026 sans doute pour mieux faire oublier, le reste de l\u2019ann\u00e9e, l\u2019ampleur des in\u00e9galit\u00e9s qui restent \u00e0 combattre.\u00a0<\/b><\/h2>\n<h2 style=\"text-align: justify;\"><span style=\"color: #808000;\"><b>Dans la soci\u00e9t\u00e9 les femmes sont partout mais l\u2019\u00e9galit\u00e9 nulle part !\u00a0<\/b><\/span><\/h2>\n<h2 style=\"text-align: justify;\"><!--more--><\/h2>\n<h2 class=\"post-body entry-content\" style=\"text-align: justify;\"><b>Les femmes sont touch\u00e9es par les in\u00e9galit\u00e9s de salaire et de <a href=\"http:\/\/alternatifs81.fr\/wp-content\/uploads\/8mars3.jpg\"  rel=\"lightbox[17246] attachment wp-att-17241\"><img loading=\"lazy\" decoding=\"async\" class=\"alignright wp-image-17241 size-medium\" src=\"http:\/\/alternatifs81.fr\/wp-content\/uploads\/8mars3-222x300.jpg\" alt=\"8mars3\" width=\"222\" height=\"300\" srcset=\"https:\/\/alternatifs81.fr\/wp-content\/uploads\/8mars3-222x300.jpg 222w, https:\/\/alternatifs81.fr\/wp-content\/uploads\/8mars3.jpg 237w\" sizes=\"auto, (max-width: 222px) 100vw, 222px\" \/><\/a>retraite, par le temps partiel subi, la pr\u00e9carit\u00e9, elles sont majoritairement en charge des t\u00e2ches domestiques et familiales, minoritaires dans les postes de responsabilit\u00e9 politique ou \u00e9conomique. Elles sont trop souvent victimes de multiples formes de violences : viols, violences conjugales, violences sexistes et sexuelles au travail, lesbophobie, prostitution, agressions racistes, violences contre des femmes r\u00e9fugi\u00e9es.\u00a0<\/b><\/h2>\n<h2 style=\"text-align: justify;\"><b>Les femmes sont les premi\u00e8res victimes des guerres. Aujourd\u2019hui plus que jamais nous devons nous rassembler, faire converger nos luttes pour l\u2019\u00e9galit\u00e9 et contre toute forme de violence.\u00a0<\/b><\/h2>\n<h2 style=\"text-align: justify;\"><b>Les politiques d\u2019aust\u00e9rit\u00e9, la mont\u00e9e des extr\u00eames droites et le retour des extr\u00e9mismes religieux imposent plus que jamais des r\u00e9gressions pour les femmes :\u00a0<\/b><\/h2>\n<h2 style=\"text-align: justify;\"><b>&#8211; La loi Rebsamen (dilution des rapports de situation compar\u00e9e et des n\u00e9gociations \u00e9galit\u00e9 professionnelle), la loi Macron (travail du dimanche et de nuit), pr\u00e9carisent encore plus la situation des femmes\u00a0<\/b><\/h2>\n<h2 style=\"text-align: justify;\"><b>\u00a0&#8211; La diminution drastique des d\u00e9penses publiques met en danger les services publics et touche particuli\u00e8rement les femmes : menace sur les gardes d\u2019enfants, sur l\u2019acc\u00e8s au droit \u00e0 l\u2019IVG (150 centres IVG ferm\u00e9s en 10 ans), sur l\u2019acc\u00e8s aux soins (notamment l\u2019\u00e9loignement des services de maternit\u00e9&#8230;)\u00a0<\/b><\/h2>\n<h2 style=\"text-align: justify;\"><b>&#8211; La diminution voire la fin des subventions publiques menace l\u2019existence m\u00eame des associations f\u00e9ministes qui \u0153uvrent tous les jours pour les femmes\u00a0<\/b><\/h2>\n<h2 style=\"text-align: justify;\"><b>&#8211; Les courants extr\u00e9mistes ont r\u00e9ussi \u00e0 faire enterrer les ABC de l\u2019\u00e9galit\u00e9 \u00e0 l\u2019\u00e9cole, et menacent le droit \u00e0 l\u2019IVG. Ils refusent la PMA pour toutes les femmes.\u00a0<\/b><\/h2>\n<h2 style=\"text-align: justify;\"><b>Agir ! Rendre toutes les luttes des femmes visibles !\u00a0<\/b><\/h2>\n<h2 style=\"text-align: justify;\"><a href=\"http:\/\/alternatifs81.fr\/wp-content\/uploads\/avortement-1.jpg\"  rel=\"lightbox[17246] attachment wp-att-17240\"><img loading=\"lazy\" decoding=\"async\" class=\"alignleft wp-image-17240 size-full\" src=\"http:\/\/alternatifs81.fr\/wp-content\/uploads\/avortement-1.jpg\" alt=\"avortement\" width=\"200\" height=\"274\" \/><\/a><b>Comme les coiffeuses et manucures du boulevard de Strasbourg, comme les femmes de chambre des grands h\u00f4tels, comme les femmes de m\u00e9nage grecques, comme les femmes de Latelec en Tunisie, comme toutes les anonymes qui disent tous les jours STOP \u00e0 toute forme de violence, comme toutes celles et ceux qui \u0153uvrent chaque jour pour le droit des femmes, faisons entendre la voix des femmes !\u00a0<\/b><\/h2>\n<h2 style=\"text-align: justify;\"><b>Luttons pour obtenir l\u2019\u00e9galit\u00e9 salariale, contre le temps partiel impos\u00e9 et la pr\u00e9carit\u00e9 ! Imposons le partage des t\u00e2ches domestiques. Les femmes ne sont pas programm\u00e9es g\u00e9n\u00e9tiquement pour accomplir ce travail. Assez de la double journ\u00e9e !\u00a0<\/b><\/h2>\n<h2 style=\"text-align: justify;\"><b>Pour faire reculer le syst\u00e8me patriarcal et obtenir l\u2019\u00e9galit\u00e9, aussi bien au travail, dans la famille que dans la soci\u00e9t\u00e9 toute enti\u00e8re, le 8 mars ne doit pas \u00eatre une journ\u00e9e sans lendemain. Plus que jamais, il doit s\u2019inscrire dans une dynamique de mobilisations, de luttes et de revendications des femmes, ici et partout dans le monde.\u00a0<\/b><\/h2>\n<h2 style=\"text-align: justify;\"><b>Sur la base de ce texte, les signataires appellent \u00e0 renforcer ou \u00e0 cr\u00e9er partout des collectifs unitaires pour pr\u00e9parer ensemble des 8 mars de luttes, revendicatifs, f\u00e9ministes et syndicaux.\u00a0<\/b><\/h2>\n<p style=\"text-align: justify;\"><b><span style=\"text-decoration: underline;\">Signataires :<\/span> <span style=\"color: #0000ff;\"><em>Collectif National pour les Droits des Femmes, Agir contre le ch\u00f4mage!, Ailes-Femmes du Maroc, ANEF, Alternative Libertaire, CADAC, les Chiennes de garde, Cgt, Collectif 20\u00e9me\/Tenon, Coordination Lesbienne en France, DIDF F\u00e9d\u00e9ration des associations des travailleurs et des jeunes, Les Effront\u00e9-e-s, EELV, Ensemble !, \u00c9tudiants communistes de Nice, Femmes \u00c9galit\u00e9, Femmes libres Radio Libertaire, Femmes pour le Dire, Femmes pour Agir, Femmes Migrantes Debout, FSU, Jeunes communistes des Alpes Maritimes, Ligue des droits de l&rsquo;Homme, Ligue des femmes iraniennes pour la d\u00e9mocratie, Maison des Femmes de Montreuil, Maison des Femmes de Paris, Marche mondiale des femmes, Ile de France, M\u00e9moire Traumatique et Victimologie, Mouvement du Nid Paris, NPA, Osez le F\u00e9minisme, PCF, PCOF, Rajfire, R\u00e9seau f\u00e9ministe Ruptures, Sans compromis, Snpes-PJJ-FSU, UFAL, Union Syndicale Solidaires.<\/em><\/span><\/b><\/p>\n<p><b>\u00a0<\/b><\/p>\n<p>&nbsp;<\/p>\n<gcse:search><\/gcse:search>","protected":false},"excerpt":{"rendered":"<p>Ce 8 mars : luttons, faisons gr\u00e8ve, manifestons, rassemblons nous, menons ensemble des actions festives et symboliques !\u00a0 Le 8 mars, c\u2019est la journ\u00e9e internationale de luttes pour les droits des femmes du monde entier ! Les luttes des femmes ont permis de conqu\u00e9rir des droits et de progresser vers l\u2019\u00e9galit\u00e9 entre les femmes et [&hellip;]<\/p>\n","protected":false},"author":1,"featured_media":0,"comment_status":"open","ping_status":"open","sticky":false,"template":"","format":"standard","meta":{"footnotes":""},"categories":[149],"tags":[103,117,400,23],"class_list":["post-17246","post","type-post","status-publish","format-standard","hentry","category-feminisme","tag-demarche-citoyenne","tag-democratie","tag-feminisme","tag-luttes"],"_links":{"self":[{"href":"https:\/\/alternatifs81.fr\/index.php?rest_route=\/wp\/v2\/posts\/17246","targetHints":{"allow":["GET"]}}],"collection":[{"href":"https:\/\/alternatifs81.fr\/index.php?rest_route=\/wp\/v2\/posts"}],"about":[{"href":"https:\/\/alternatifs81.fr\/index.php?rest_route=\/wp\/v2\/types\/post"}],"author":[{"embeddable":true,"href":"https:\/\/alternatifs81.fr\/index.php?rest_route=\/wp\/v2\/users\/1"}],"replies":[{"embeddable":true,"href":"https:\/\/alternatifs81.fr\/index.php?rest_route=%2Fwp%2Fv2%2Fcomments&post=17246"}],"version-history":[{"count":0,"href":"https:\/\/alternatifs81.fr\/index.php?rest_route=\/wp\/v2\/posts\/17246\/revisions"}],"wp:attachment":[{"href":"https:\/\/alternatifs81.fr\/index.php?rest_route=%2Fwp%2Fv2%2Fmedia&parent=17246"}],"wp:term":[{"taxonomy":"category","embeddable":true,"href":"https:\/\/alternatifs81.fr\/index.php?rest_route=%2Fwp%2Fv2%2Fcategories&post=17246"},{"taxonomy":"post_tag","embeddable":true,"href":"https:\/\/alternatifs81.fr\/index.php?rest_route=%2Fwp%2Fv2%2Ftags&post=17246"}],"curies":[{"name":"wp","href":"https:\/\/api.w.org\/{rel}","templated":true}]}}