{"id":17170,"date":"2016-02-29T19:46:44","date_gmt":"2016-02-29T18:46:44","guid":{"rendered":"http:\/\/alternatifs81.fr\/?p=17170"},"modified":"2016-02-29T19:46:44","modified_gmt":"2016-02-29T18:46:44","slug":"apres-nddl-et-barjac-la-transition-cest-maintenant-par-maxime-combes","status":"publish","type":"post","link":"https:\/\/alternatifs81.fr\/?p=17170","title":{"rendered":"Apr\u00e8s NDDL et BARJAC : la transition, c&rsquo;est maintenant ! , par Maxime Combes"},"content":{"rendered":"<div id=\"post-body-2501526377096819641\" class=\"post-body entry-content\">\n<div class=\"bust\">\n<div class=\"sub-header-article accur8-desktop accur8-tablet\">\n<div class=\"col-left fractal-desktop fractal-10-desktop collapse-7-desktop fractal-tablet fractal-6-tablet collapse-4-tablet\">\n<h2 class=\"introduction\" style=\"text-align: justify;\"><b><a href=\"http:\/\/alternatifs81.fr\/wp-content\/uploads\/ndll.jpg\"  rel=\"lightbox[17170] attachment wp-att-17172\"><img loading=\"lazy\" decoding=\"async\" class=\"alignleft wp-image-17172 size-full\" src=\"http:\/\/alternatifs81.fr\/wp-content\/uploads\/ndll.jpg\" alt=\"ndll\" width=\"200\" height=\"128\" \/><\/a>Les dizaines de milliers de manifestants du week-end contre la construction de l&rsquo;a\u00e9roport de Notre Dame des Landes (NDDL) et contre les hydrocarbures de schiste (Barjac) ont d\u00e9livr\u00e9 un message d&rsquo;une grande clart\u00e9 \u00e0 un gouvernement qui en manque\u00a0: il est urgent d&rsquo;abandonner les infrastructures et projets d&rsquo;un autre \u00e2ge et de se tourner vers la transition \u00e9cologique et sociale. <\/b><\/h2>\n<\/div>\n<\/div>\n<\/div>\n<h2 style=\"text-align: justify;\"><b> <\/b><b>Plus de 50 000 manifestant.e.s contre la construction de l&rsquo;a\u00e9roport de Notre-Dame des Landes ce samedi. Pr\u00e8s de 15 000 \u00e0 Barjac dans le Gard, contre les hydrocarbures de schiste et pour une loi d&rsquo;interdiction. Le message est clair, les exigences connues\u00a0: les projets de construction de nouvelles infrastructures carbon\u00e9es et d&rsquo;exploitation sans limite des ressources naturelles doivent \u00eatre abandonn\u00e9s pour laisser place \u00e0 la transition. Des exigences qui sont autant d&rsquo;engagements individuels et collectifs pour se mettre en travers de ce mal-d\u00e9veloppement.<\/b><a name=\"more\"><\/a><\/h2>\n<p><!--more--><\/p>\n<h1><b> <\/b><span style=\"color: #808000;\"><b>Une claque aux projets climaticides<\/b><\/span><\/h1>\n<h2 style=\"text-align: justify;\"><b>Fran\u00e7ois Hollande, le gouvernement et les collectivit\u00e9s<a href=\"http:\/\/alternatifs81.fr\/wp-content\/uploads\/stop-gaz-de-schiste-affiche-rassemblemnt-barjac-28-fevrier-2016-1.jpg\"  rel=\"lightbox[17170] attachment wp-att-17173\"><img loading=\"lazy\" decoding=\"async\" class=\"alignright wp-image-17173 size-medium\" src=\"http:\/\/alternatifs81.fr\/wp-content\/uploads\/stop-gaz-de-schiste-affiche-rassemblemnt-barjac-28-fevrier-2016-1-212x300.jpg\" alt=\"stop-gaz-de-schiste-affiche-rassemblemnt-barjac-28-fevrier-2016\" width=\"212\" height=\"300\" \/><\/a> territoriales ont le choix\u00a0: bifurquer, en modifiant leurs d\u00e9cisions, leurs choix d&rsquo;investissement et les r\u00e9gulations actuelles pour accompagner ce mouvement citoyen. Ou bien, s&rsquo;ils ne changent rien, ils trouveront face \u00e0 eux une population de plus en plus d\u00e9termin\u00e9e \u00e0 bloquer les projets climaticides et inverser l&rsquo;ordre de priorit\u00e9 des politiques publiques\u00a0: la protection des \u00e9cosyst\u00e8mes plut\u00f4t que l&rsquo;exploitation sans limite de la nature, l&rsquo;abandon progressif de l&rsquo;utilisation des \u00e9nergies fossiles et fissiles plut\u00f4t que l&rsquo;accroissement du pouvoir des multinationales (Tafta and co), la solidarit\u00e9 et la coop\u00e9ration plut\u00f4t que la concurrence et la comp\u00e9titivit\u00e9, la justice et la dignit\u00e9 plut\u00f4t que l&rsquo;arbitraire et la d\u00e9ch\u00e9ance.<\/b><\/h2>\n<h2><\/h2>\n<h2 class=\"right\" style=\"text-align: justify;\"><b>\u00ab\u00a0Pour r\u00e9soudre la crise climatique (\u2026), les bons sentiments, les d\u00e9clarations d\u2019intention ne suffiront pas,\u00a0nous sommes au bord d\u2019un point de rupture\u00a0\u00bb. Nous avons besoin \u00ab\u00a0d\u2019une profonde mutation, nous ne pouvons plus consid\u00e9rer la nature comme un vulgaire et in\u00e9puisable r\u00e9servoir de ressources destin\u00e9 \u00e0 notre seul et plein accomplissement\u00a0\u00bb. \u00ab\u00a0Notre plus grand d\u00e9fi, c\u2019est de passer d\u2019une mondialisation fond\u00e9e sur la comp\u00e9tition \u00e0 un mod\u00e8le bas\u00e9 sur la coop\u00e9ration\u00a0\u00bb. \u00ab\u00a0Nous devons penser la plan\u00e8te comme un espace unique, \u00e9tablir un pacte d\u2019\u00e9quit\u00e9 entre le Nord et le Sud et un partenariat entre l\u2019homme et la nature\u00a0\u00bb.<\/b><\/h2>\n<h2 class=\"right\" style=\"text-align: justify;\"><\/h2>\n<h2 style=\"text-align: justify;\"><b> <\/b><b>Ces paroles, prononc\u00e9es par Fran\u00e7ois Hollande en ouverture de la COP21, le 30 novembre dernier, pour faire bonne figure devant les cam\u00e9ras du monde entier, sont sur le point de passer aux oubliettes de l&rsquo;histoire\u00a0: refus d&rsquo;abandonner NDDL, allongement de la dur\u00e9e de vie des centrales nucl\u00e9aires, incapacit\u00e9 \u00e0 penser et op\u00e9rer une transition agricole, d\u00e9cision autorisant Alteo \u00e0 rejeter des produits toxiques au large des Calanques, soutien aux n\u00e9gociations du Tafta ou encore \u00e0 la Loi travail.\u00a0<\/b><\/h2>\n<h2 style=\"text-align: justify;\"><b>Faut-il \u00eatre surpris alors que le renoncement et le reniement sont devenus monnaie courante \u00e0 l&rsquo;Elys\u00e9e et \u00e0 Matignon\u00a0?<\/b><\/h2>\n<h1><span style=\"color: #808000;\"><b>Un souffle \u00e9thique et politique<\/b><\/span><\/h1>\n<h2 style=\"text-align: justify;\"><b>Nous, les citoyennes et citoyens mobilis\u00e9s \u00e0 Notre-Dame des Landes et \u00e0 Barjac (et ailleurs), nous ne sommes pas de celles et ceux qui changent d&rsquo;avis en fonction de l&rsquo;attention des media. Nous ne sommes pas de celles et ceux qui vont laisser les multinationales telles que Total ou Vinci accro\u00eetre leur emprise sur nos territoires et nos vies. Nous ne sommes pas de celles et ceux qui vont accepter de voir notre avenir hypoth\u00e9qu\u00e9 au nom de la comp\u00e9titivit\u00e9 et du productivisme promus par des \u00e9lites d\u00e9connect\u00e9es du sens des r\u00e9alit\u00e9s. Nous ne sommes pas de celles et ceux qui pr\u00e9f\u00e8rent incriminer le voisin et la voisine plut\u00f4t que modifier leurs politiques inefficaces.<\/b><\/h2>\n<h2 style=\"text-align: justify;\"><\/h2>\n<h2 style=\"text-align: justify;\"><b>Non. Nous, nous sommes celles et ceux qui nous battrons sans rel\u00e2che pour op\u00e9rer une v\u00e9ritable transition \u00e9cologique, sociale et d\u00e9mocratique. Pour nous, ces mots ne sont pas sans valeur\u00a0: c&rsquo;est notre horizon. Un horizon d&rsquo;\u00e9mancipation et d&rsquo;innovation, pour que demain, nous puissions vivre bien, toutes et tous, dans des territoires et sur une plan\u00e8te aussi pr\u00e9serv\u00e9e que possible. Face \u00e0 l&rsquo;\u00e9tat d&rsquo;urgence climatique, face \u00e0 l&rsquo;aggravation de la crise \u00e9cologique, face \u00e0 l&rsquo;impasse de politiques \u00e9conomiques n\u00e9olib\u00e9rales qui g\u00e9n\u00e8rent pr\u00e9carit\u00e9 et d\u00e9sesp\u00e9rance, les mobilisations de Notre Dame des Landes et Barjac peuvent contribuer \u00e0 redonner un cap collectif, un souffle \u00e9thique et politique, visant \u00e0 r\u00e9cup\u00e9rer notre avenir et mettre de c\u00f4t\u00e9 les demi-mesures et promesses vides qui conduisent \u00e0 perp\u00e9tuer l&rsquo;inacceptable.<\/b><\/h2>\n<h2 style=\"text-align: justify;\"><\/h2>\n<h2 style=\"text-align: justify;\"><b> <\/b><b>Ce week-end r\u00e9ussi donne le coup d&rsquo;envoi des mobilisations pour le climat et la transition \u00e0 venir\u00a0: outre le maintien de la pression contre ce projet d&rsquo;a\u00e9roport surann\u00e9 et contre les hydrocarbures de schiste, ces mobilisations citoyennes viseront notamment \u00e0 <a class=\"external\" href=\"http:\/\/anv-cop21.org\/1282-2\/\" target=\"_blank\">bloquer le Davos des p\u00e9troliers<\/a> qui se tiendra \u00e0 Pau d\u00e9but avril, comme un pr\u00e9lude aux actions pr\u00e9vues dans le monde entier en mai prochain pour nous lib\u00e9rer des \u00e9nergies fossiles (campagne <a class=\"external\" href=\"http:\/\/fr.breakfree2016.org\/\" target=\"_blank\">BreakFree<\/a>). Pour un futur juste et vivable, c&rsquo;est \u00e0 nous de faire respecter les lignes rouges \u00e0 ne pas franchir.<\/b><\/h2>\n<h2 style=\"text-align: justify;\"><\/h2>\n<h1><span style=\"color: #008000;\"><b>La transition \u00e9cologique et sociale, c&rsquo;est maintenant.<\/b><\/span><\/h1>\n<h2><\/h2>\n<h2><span style=\"color: #0000ff;\"><b>Maxime Combes,<em><span style=\"color: #0000ff;\"> \u00e9conomiste et membre d&rsquo;Attac France.<\/span><\/em><\/b><\/span><\/h2>\n<h2><b> <\/b><b>Auteur de <i>Sortons de l&rsquo;\u00e2ge des fossiles\u00a0! Manifeste pour la transition<\/i>,Seuil, coll. Anthropoc\u00e8ne.<\/b><\/h2>\n<h2><a href=\"https:\/\/blogs.mediapart.fr\/maxime-combes\/blog\/290216\/nddl-et-barjac-delivrent-un-message-clair-la-transition-cest-maintenant\"><b>https:\/\/blogs.mediapart.fr\/maxime-combes\/blog\/290216\/nddl-et-barjac-delivrent-un-message-clair-la-transition-cest-maintenant<\/b><\/a><\/h2>\n<\/div>\n<p>&nbsp;<\/p>\n<p>&nbsp;<\/p>\n<gcse:search><\/gcse:search>","protected":false},"excerpt":{"rendered":"<p>Les dizaines de milliers de manifestants du week-end contre la construction de l&rsquo;a\u00e9roport de Notre Dame des Landes (NDDL) et contre les hydrocarbures de schiste (Barjac) ont d\u00e9livr\u00e9 un message d&rsquo;une grande clart\u00e9 \u00e0 un gouvernement qui en manque\u00a0: il est urgent d&rsquo;abandonner les infrastructures et projets d&rsquo;un autre \u00e2ge et de se tourner vers [&hellip;]<\/p>\n","protected":false},"author":1,"featured_media":0,"comment_status":"open","ping_status":"open","sticky":false,"template":"","format":"standard","meta":{"footnotes":""},"categories":[125],"tags":[103,169,67,23,204],"class_list":["post-17170","post","type-post","status-publish","format-standard","hentry","category-ecologie","tag-demarche-citoyenne","tag-ecologie-2","tag-gaz-de-schiste","tag-luttes","tag-notre-dame-des-landes"],"_links":{"self":[{"href":"https:\/\/alternatifs81.fr\/index.php?rest_route=\/wp\/v2\/posts\/17170","targetHints":{"allow":["GET"]}}],"collection":[{"href":"https:\/\/alternatifs81.fr\/index.php?rest_route=\/wp\/v2\/posts"}],"about":[{"href":"https:\/\/alternatifs81.fr\/index.php?rest_route=\/wp\/v2\/types\/post"}],"author":[{"embeddable":true,"href":"https:\/\/alternatifs81.fr\/index.php?rest_route=\/wp\/v2\/users\/1"}],"replies":[{"embeddable":true,"href":"https:\/\/alternatifs81.fr\/index.php?rest_route=%2Fwp%2Fv2%2Fcomments&post=17170"}],"version-history":[{"count":0,"href":"https:\/\/alternatifs81.fr\/index.php?rest_route=\/wp\/v2\/posts\/17170\/revisions"}],"wp:attachment":[{"href":"https:\/\/alternatifs81.fr\/index.php?rest_route=%2Fwp%2Fv2%2Fmedia&parent=17170"}],"wp:term":[{"taxonomy":"category","embeddable":true,"href":"https:\/\/alternatifs81.fr\/index.php?rest_route=%2Fwp%2Fv2%2Fcategories&post=17170"},{"taxonomy":"post_tag","embeddable":true,"href":"https:\/\/alternatifs81.fr\/index.php?rest_route=%2Fwp%2Fv2%2Ftags&post=17170"}],"curies":[{"name":"wp","href":"https:\/\/api.w.org\/{rel}","templated":true}]}}