{"id":17145,"date":"2016-02-26T00:45:57","date_gmt":"2016-02-25T23:45:57","guid":{"rendered":"http:\/\/alternatifs81.fr\/?p=17145"},"modified":"2016-03-20T11:04:15","modified_gmt":"2016-03-20T10:04:15","slug":"un-week-end-de-detente-congres-de-fondation-dalternatives-et-autogestion-billet-dhumeur-de-candida-rouet","status":"publish","type":"post","link":"https:\/\/alternatifs81.fr\/?p=17145","title":{"rendered":"Un week-end* de d\u00e9tente ! Billet d&rsquo;humeur de Candida Rouet"},"content":{"rendered":"<h2 style=\"text-align: justify;\"><a href=\"http:\/\/alternatifs81.fr\/wp-content\/uploads\/30-01-2011-4-Small-.jpg\"  rel=\"lightbox[17145] attachment wp-att-15506\"><img loading=\"lazy\" decoding=\"async\" class=\"alignleft wp-image-15506 size-medium\" src=\"http:\/\/alternatifs81.fr\/wp-content\/uploads\/30-01-2011-4-Small--294x300.jpg\" alt=\"30-01-2011--4---Small-\" width=\"294\" height=\"300\" srcset=\"https:\/\/alternatifs81.fr\/wp-content\/uploads\/30-01-2011-4-Small--294x300.jpg 294w, https:\/\/alternatifs81.fr\/wp-content\/uploads\/30-01-2011-4-Small-.jpg 471w\" sizes=\"auto, (max-width: 294px) 100vw, 294px\" \/><\/a>Il m\u2019est arriv\u00e9 de participer \u00e0 quelques congr\u00e8s politiques et, franchement, celui qui a permis la fondation officielle d\u2019Alternatives et Autogestion en ce d\u00e9but f\u00e9vrier \u00e0 Paris, m\u2019a laiss\u00e9e sans le moindre stress et plut\u00f4t satisfaite. Allez, osons-le, un week-end de d\u00e9tente en somme !<br \/>\nUn peu comme \u00e0 la SNCF, lorsque les trains arrivent \u00e0 l\u2019heure !<br \/>\nTiens, c\u2019est la premi\u00e8re fois que je participe \u00e0 un Congr\u00e8s o\u00f9 l\u2019ordre du jour et les horaires sont respect\u00e9s (\u00e0 un iota pr\u00e8s, mais cessons de pinailler !), o\u00f9 les d\u00e9cisions ne sont pas prises au pas de charge \u00e0 cinq minutes de la cl\u00f4ture alors que beaucoup des congressistes ont d\u00e9j\u00e0 fonc\u00e9 \u00e0 la gare attraper leur train au vol\u2026<br \/>\nC\u2019est aussi la premi\u00e8re fois que je rentre \u00e0 la maison en sachant qui mettra en \u0153uvre quoi et dans quels d\u00e9lais. Mine de rien, \u00e7a rassure, non ?<\/h2>\n<p><!--more--><\/p>\n<h2 style=\"text-align: justify;\">Dans la colonne du positif j\u2019ajoute : des \u00e9changes d\u00e9tendus (oui, oui, oublions le ronchon de service !), un accueil parfait par nos camarades franciliens (repas, salles), une diversit\u00e9 enrichissante (r\u00e9gionaux et franciliens, jeunes et moins jeunes, hommes et femmes presque \u00e0 parit\u00e9, militant-e-s aguerri-e-s et bienveillant-e-s et novices motiv\u00e9-e-s).<br \/>\nEt sur le fond, me direz-vous ? Eh bien, vous en saurez beaucoup plus en vous connectant sur le site de A &amp; A : http:\/\/alternatives-et-autogestion.org<\/h2>\n<p>&nbsp;<\/p>\n<h2 style=\"text-align: justify;\">Tenez, une derni\u00e8re, pour la route ! Fid\u00e8le au principe de la rotation des t\u00e2ches coupl\u00e9 au non cumul des mandats, au prochain Congr\u00e8s d\u2019A &amp; A je c\u00e8de volontiers ma place \u00e0 un-e militant-e Tarnaise. Et pourtant, IDTGV (SNCF) nous a propos\u00e9 au retour un petit massage relaxant sous les mains expertes de Monsieur Bogosse !<\/h2>\n<h2 style=\"text-align: justify;\"><span style=\"color: #0000ff;\">Candida ROUET<\/span><\/h2>\n<h3><span style=\"color: #808000;\"><em>publi\u00e9 dans le n\u00b0119 de CONFLUENCES 81<\/em><\/span><\/h3>\n<ul>\n<li>\n<h4><span style=\"color: #008000;\"><em>Congr\u00e8s de fondation d\u2019Alternatives et Autogestion\u2026\u00a0<\/em><\/span><\/h4>\n<\/li>\n<\/ul>\n<gcse:search><\/gcse:search>","protected":false},"excerpt":{"rendered":"<p>Il m\u2019est arriv\u00e9 de participer \u00e0 quelques congr\u00e8s politiques et, franchement, celui qui a permis la fondation officielle d\u2019Alternatives et Autogestion en ce d\u00e9but f\u00e9vrier \u00e0 Paris, m\u2019a laiss\u00e9e sans le moindre stress et plut\u00f4t satisfaite. Allez, osons-le, un week-end de d\u00e9tente en somme ! Un peu comme \u00e0 la SNCF, lorsque les trains arrivent [&hellip;]<\/p>\n","protected":false},"author":1,"featured_media":0,"comment_status":"open","ping_status":"open","sticky":false,"template":"","format":"standard","meta":{"footnotes":""},"categories":[391],"tags":[398,33,103,117],"class_list":["post-17145","post","type-post","status-publish","format-standard","hentry","category-alternatives-et-autogestion","tag-autogestion","tag-congres","tag-demarche-citoyenne","tag-democratie"],"_links":{"self":[{"href":"https:\/\/alternatifs81.fr\/index.php?rest_route=\/wp\/v2\/posts\/17145","targetHints":{"allow":["GET"]}}],"collection":[{"href":"https:\/\/alternatifs81.fr\/index.php?rest_route=\/wp\/v2\/posts"}],"about":[{"href":"https:\/\/alternatifs81.fr\/index.php?rest_route=\/wp\/v2\/types\/post"}],"author":[{"embeddable":true,"href":"https:\/\/alternatifs81.fr\/index.php?rest_route=\/wp\/v2\/users\/1"}],"replies":[{"embeddable":true,"href":"https:\/\/alternatifs81.fr\/index.php?rest_route=%2Fwp%2Fv2%2Fcomments&post=17145"}],"version-history":[{"count":0,"href":"https:\/\/alternatifs81.fr\/index.php?rest_route=\/wp\/v2\/posts\/17145\/revisions"}],"wp:attachment":[{"href":"https:\/\/alternatifs81.fr\/index.php?rest_route=%2Fwp%2Fv2%2Fmedia&parent=17145"}],"wp:term":[{"taxonomy":"category","embeddable":true,"href":"https:\/\/alternatifs81.fr\/index.php?rest_route=%2Fwp%2Fv2%2Fcategories&post=17145"},{"taxonomy":"post_tag","embeddable":true,"href":"https:\/\/alternatifs81.fr\/index.php?rest_route=%2Fwp%2Fv2%2Ftags&post=17145"}],"curies":[{"name":"wp","href":"https:\/\/api.w.org\/{rel}","templated":true}]}}