{"id":17131,"date":"2016-02-22T00:04:39","date_gmt":"2016-02-21T23:04:39","guid":{"rendered":"http:\/\/alternatifs81.fr\/?p=17131"},"modified":"2016-02-22T00:04:39","modified_gmt":"2016-02-21T23:04:39","slug":"hommage-a-missak-manouchian-et-ses-camarades-fusilles-par-les-nazis-le-21-fevrier-1944","status":"publish","type":"post","link":"https:\/\/alternatifs81.fr\/?p=17131","title":{"rendered":"Hommage \u00e0 Missak Manouchian et ses camarades fusill\u00e9s par les nazis le 21 f\u00e9vrier 1944."},"content":{"rendered":"<h2 class=\"post-body entry-content\" style=\"text-align: justify;\"><span style=\"color: #808000;\"> <i><b>Le 21 f\u00e9vrier 1944, Missak Manouchian et vingt-et-un membres de son groupe de R\u00e9sistance, le FTP-MOI (Francs-Tireurs Partisans, Main d\u2019Oeuvre Immigr\u00e9e), \u00e9taient arr\u00eat\u00e9s et fusill\u00e9s sur le Mont-Val\u00e9rien. Olga Bancic, arr\u00eat\u00e9e elle aussi, \u00e9tait d\u00e9capit\u00e9e quelques mois plus tard.<\/b><\/i><\/span><\/h2>\n<h2 style=\"text-align: justify;\"><b><a href=\"http:\/\/alternatifs81.fr\/wp-content\/uploads\/Missak-MANOUCHIAN.jpg\"  rel=\"lightbox[17131] attachment wp-att-17135\"><img loading=\"lazy\" decoding=\"async\" class=\"alignleft wp-image-17135 size-medium\" src=\"http:\/\/alternatifs81.fr\/wp-content\/uploads\/Missak-MANOUCHIAN-215x300.jpg\" alt=\"Missak MANOUCHIAN\" width=\"215\" height=\"300\" srcset=\"https:\/\/alternatifs81.fr\/wp-content\/uploads\/Missak-MANOUCHIAN-215x300.jpg 215w, https:\/\/alternatifs81.fr\/wp-content\/uploads\/Missak-MANOUCHIAN.jpg 260w\" sizes=\"auto, (max-width: 215px) 100vw, 215px\" \/><\/a>Ma Ch\u00e8re M\u00e9lin\u00e9e, ma petite orpheline bien-aim\u00e9e,\u00a0<\/b><\/h2>\n<h2 style=\"text-align: justify;\"><b>Dans quelques heures, je ne serai plus de ce monde. Nous allons \u00eatre fusill\u00e9s cet apr\u00e8s-midi \u00e0 15 heures. Cela m\u2019arrive comme un accident dans ma vie, je n\u2019y crois pas mais pourtant je sais que je ne te verrai plus jamais.\u00a0<\/b><br \/>\n<a name=\"more\"><\/a><\/h2>\n<h2 style=\"text-align: justify;\"><b>Que puis-je t\u2019\u00e9crire ? Tout est confus en moi et bien clair en m\u00eame temps. Je m\u2019\u00e9tais engag\u00e9 dans l\u2019Arm\u00e9e de la Lib\u00e9ration en soldat volontaire et je meurs \u00e0 deux doigts de la Victoire et du but.\u00a0<\/b><\/h2>\n<h2 style=\"text-align: justify;\"><b>Bonheur \u00e0 ceux qui vont nous survivre et go\u00fbter la douceur de la Libert\u00e9 et de la Paix de demain. Je suis s\u00fbr que le peuple fran\u00e7ais et tous les combattants de la Libert\u00e9 sauront honorer notre m\u00e9moire dignement.<br \/>\n<\/b><\/h2>\n<p><!--more--><\/p>\n<h2 style=\"text-align: justify;\"><b>Au moment de mourir, je proclame que je n\u2019ai aucune haine contre <a href=\"http:\/\/alternatifs81.fr\/wp-content\/uploads\/Verso_tract_Affiche_rouge_1944.jpg\"  rel=\"lightbox[17131] attachment wp-att-17134\"><img loading=\"lazy\" decoding=\"async\" class=\"alignright wp-image-17134 size-full\" src=\"http:\/\/alternatifs81.fr\/wp-content\/uploads\/Verso_tract_Affiche_rouge_1944.jpg\" alt=\"Verso_tract_Affiche_rouge_1944\" width=\"220\" height=\"284\" \/><\/a>le peuple allemand et contre qui que ce soit, chacun aura ce qu\u2019il m\u00e9ritera comme ch\u00e2timent et comme r\u00e9compense. Le peuple allemand et tous les autres peuples vivront en paix et en fraternit\u00e9 apr\u00e8s la guerre qui ne durera plus longtemps. Bonheur \u00e0 tous&#8230;\u00a0<\/b><\/h2>\n<h2 style=\"text-align: justify;\"><b>J\u2019ai un regret profond de ne t\u2019avoir pas rendue heureuse, j\u2019aurais bien voulu avoir un enfant de toi, comme tu le voulais toujours. Je te prie donc de te marier apr\u00e8s la guerre, sans faute, et d\u2019avoir un enfant pour mon bonheur, et pour accomplir ma derni\u00e8re volont\u00e9, marie-toi avec quelqu\u2019un qui puisse te rendre heureuse. Tous mes biens et toutes mes affaires je les l\u00e8gue \u00e0 toi \u00e0 ta s\u0153ur et \u00e0 mes neveux.\u00a0<\/b><\/h2>\n<h2 style=\"text-align: justify;\"><b>Apr\u00e8s la guerre tu pourras faire valoir ton droit de pension de guerre en tant que ma femme, car je meurs en soldat r\u00e9gulier de l\u2019arm\u00e9e fran\u00e7aise de la lib\u00e9ration.\u00a0<\/b><\/h2>\n<h2 style=\"text-align: justify;\"><b>Avec l\u2019aide des amis qui voudront bien m\u2019honorer, tu feras \u00e9diter mes po\u00e8mes et mes \u00e9crits qui valent d\u2019\u00eatre lus. Tu apporteras mes souvenirs si possible \u00e0 mes parents en Arm\u00e9nie.\u00a0<\/b><\/h2>\n<h2 style=\"text-align: justify;\"><b><a href=\"http:\/\/alternatifs81.fr\/wp-content\/uploads\/Affiche_rouge.jpg\"  rel=\"lightbox[17131] attachment wp-att-17133\"><img loading=\"lazy\" decoding=\"async\" class=\"alignleft wp-image-17133 size-medium\" src=\"http:\/\/alternatifs81.fr\/wp-content\/uploads\/Affiche_rouge-223x300.jpg\" alt=\"Affiche_rouge\" width=\"223\" height=\"300\" srcset=\"https:\/\/alternatifs81.fr\/wp-content\/uploads\/Affiche_rouge-223x300.jpg 223w, https:\/\/alternatifs81.fr\/wp-content\/uploads\/Affiche_rouge-768x1032.jpg 768w, https:\/\/alternatifs81.fr\/wp-content\/uploads\/Affiche_rouge-762x1024.jpg 762w, https:\/\/alternatifs81.fr\/wp-content\/uploads\/Affiche_rouge.jpg 800w\" sizes=\"auto, (max-width: 223px) 100vw, 223px\" \/><\/a>Je mourrai avec mes 23 camarades tout \u00e0 l\u2019heure avec le courage et la s\u00e9r\u00e9nit\u00e9 d\u2019un homme qui a la conscience bien tranquille, car personnellement, je n\u2019ai fait de mal \u00e0 personne et si je l\u2019ai fait, je l\u2019ai fait sans haine.\u00a0<\/b><\/h2>\n<h2 style=\"text-align: justify;\"><b>Aujourd\u2019hui, il y a du soleil. C\u2019est en regardant le soleil et la belle nature que j\u2019ai tant aim\u00e9e que je dirai adieu \u00e0 la vie et \u00e0 vous tous, ma bien ch\u00e8re femme et mes bien chers amis.\u00a0<\/b><\/h2>\n<h2 style=\"text-align: justify;\"><b>Je pardonne \u00e0 tous ceux qui m\u2019ont fait du mal ou qui ont voulu me faire du mal sauf \u00e0 celui qui nous a trahis pour racheter sa peau et ceux qui nous ont vendus. Je t\u2019embrasse bien fort ainsi que ta s\u0153ur et tous les amis qui me connaissent de loin ou de pr\u00e8s, je vous serre tous sur mon c\u0153ur.\u00a0<\/b><\/h2>\n<h2 style=\"text-align: justify;\"><b>Adieu<\/b><br \/>\n<b>Ton ami, ton camarade, ton mari.\u00a0<\/b><\/h2>\n<h2 style=\"text-align: justify;\"><b>Manouchian Michel\u00a0<\/b><\/h2>\n<h2 style=\"text-align: justify;\"><b>P.S. J\u2019ai quinze mille francs dans la valise de la rue de Plaisance. Si tu peux les prendre, rends mes dettes et donne le reste \u00e0 Arm\u00e8ne. <\/b><\/h2>\n<div align=\"center\"><\/div>\n<h1 align=\"center\"><\/h1>\n<h1 align=\"center\"><span style=\"color: #ff0000;\">L&rsquo;affiche rouge<a href=\"http:\/\/pcf.evry.pagesperso-orange.fr\/manouaff.htm\"><img loading=\"lazy\" decoding=\"async\" src=\"http:\/\/pcf.evry.pagesperso-orange.fr\/affiche.jpg\" alt=\"\" width=\"210\" height=\"270\" align=\"RIGHT\" \/><\/a><\/span><\/h1>\n<p><span style=\"color: #000080; font-family: Creepy; font-size: xx-large;\">Vous n&rsquo;avez r\u00e9clam\u00e9 ni gloire ni les larmes<br \/>\nNi l&rsquo;orgue ni la pri\u00e8re aux agonisants<br \/>\nOnze ans d\u00e9j\u00e0 que cela passe vite onze ans<br \/>\nVous vous \u00e9tiez servis simplement de vos armes<br \/>\nLa mort n&rsquo;\u00e9blouit pas les yeux des Partisans<\/p>\n<p>Vous aviez vos portraits sur les murs de nos villes<br \/>\nNoirs de barbe et de nuit hirsutes mena\u00e7ants<br \/>\nL&rsquo;affiche qui semblait une tache de sang<br \/>\nParce qu&rsquo;\u00e0 prononcer vos noms sont difficiles<br \/>\nY cherchait un effet de peur sur les passants<\/p>\n<p>Nul ne semblait vous voir Fran\u00e7ais de pr\u00e9f\u00e9rence<br \/>\nLes gens allaient sans yeux pour vous le jour durant<br \/>\nMais \u00e0 l&rsquo;heure du couvre-feu des doigts errants<br \/>\nAvaient \u00e9crit sous vos photos MORTS POUR LA FRANCE<\/p>\n<p>Et les mornes matins en \u00e9taient diff\u00e9rents<br \/>\nTout avait la couleur uniforme du givre<br \/>\nA la fin f\u00e9vrier pour vos derniers moments<br \/>\nEt c&rsquo;est alors que l&rsquo;un de vous dit calmement<br \/>\nBonheur \u00e0 tous Bonheur \u00e0 ceux qui vont survivre<br \/>\nJe meurs sans haine en moi pour le peuple allemand<\/p>\n<p>Adieu la peine et le plaisir Adieu les roses<br \/>\nAdieu la vie adieu la lumi\u00e8re et le vent<br \/>\nMarie-toi sois heureuse et pense \u00e0 moi souvent<br \/>\nToi qui vas demeurer dans la beaut\u00e9 des choses<br \/>\nQuand tout sera fini plus tard en Erivan<\/p>\n<p>Un grand soleil d&rsquo;hiver \u00e9claire la colline<br \/>\nQue la nature est belle et que le coeur me fend<br \/>\nLa justice viendra sur nos pas triomphants<br \/>\nMa M\u00e9lin\u00e9e \u00f4 mon amour mon orpheline<br \/>\nEt je te dis de vivre et d&rsquo;avoir un enfant<\/p>\n<p>Ils \u00e9taient vingt et trois quand les fusils fleurirent<br \/>\nVingt et trois qui donnaient le coeur avant le temps<br \/>\nVingt et trois \u00e9trangers et nos fr\u00e8res pourtant<br \/>\nVingt et trois amoureux de vivre \u00e0 en mourir<br \/>\nVingt et trois qui criaient la France en s&rsquo;abattant<\/p>\n<p><\/span><\/p>\n<p><span style=\"color: #000080; font-family: Creepy; font-size: xx-large;\">\u00a0<\/span><\/p>\n<h3><span style=\"color: #0000ff;\"><em>Po\u00e8me de Louis Aragon, chant\u00e9 par Deljehier<\/em><\/span><\/h3>\n<p>&nbsp;<\/p>\n<div align=\"center\"><span style=\"color: #ff0000; font-size: large;\">\u00a0<\/span><\/div>\n<p>&nbsp;<\/p>\n<div align=\"center\"><\/div>\n<p><center><br \/>\n<center><\/p>\n<div><\/div>\n<p><\/center><\/center><\/p>\n<gcse:search><\/gcse:search>","protected":false},"excerpt":{"rendered":"<p>Le 21 f\u00e9vrier 1944, Missak Manouchian et vingt-et-un membres de son groupe de R\u00e9sistance, le FTP-MOI (Francs-Tireurs Partisans, Main d\u2019Oeuvre Immigr\u00e9e), \u00e9taient arr\u00eat\u00e9s et fusill\u00e9s sur le Mont-Val\u00e9rien. Olga Bancic, arr\u00eat\u00e9e elle aussi, \u00e9tait d\u00e9capit\u00e9e quelques mois plus tard. Ma Ch\u00e8re M\u00e9lin\u00e9e, ma petite orpheline bien-aim\u00e9e,\u00a0 Dans quelques heures, je ne serai plus de ce [&hellip;]<\/p>\n","protected":false},"author":1,"featured_media":0,"comment_status":"open","ping_status":"open","sticky":false,"template":"","format":"standard","meta":{"footnotes":""},"categories":[173],"tags":[103,263],"class_list":["post-17131","post","type-post","status-publish","format-standard","hentry","category-no-pasaran","tag-demarche-citoyenne","tag-resistance"],"_links":{"self":[{"href":"https:\/\/alternatifs81.fr\/index.php?rest_route=\/wp\/v2\/posts\/17131","targetHints":{"allow":["GET"]}}],"collection":[{"href":"https:\/\/alternatifs81.fr\/index.php?rest_route=\/wp\/v2\/posts"}],"about":[{"href":"https:\/\/alternatifs81.fr\/index.php?rest_route=\/wp\/v2\/types\/post"}],"author":[{"embeddable":true,"href":"https:\/\/alternatifs81.fr\/index.php?rest_route=\/wp\/v2\/users\/1"}],"replies":[{"embeddable":true,"href":"https:\/\/alternatifs81.fr\/index.php?rest_route=%2Fwp%2Fv2%2Fcomments&post=17131"}],"version-history":[{"count":0,"href":"https:\/\/alternatifs81.fr\/index.php?rest_route=\/wp\/v2\/posts\/17131\/revisions"}],"wp:attachment":[{"href":"https:\/\/alternatifs81.fr\/index.php?rest_route=%2Fwp%2Fv2%2Fmedia&parent=17131"}],"wp:term":[{"taxonomy":"category","embeddable":true,"href":"https:\/\/alternatifs81.fr\/index.php?rest_route=%2Fwp%2Fv2%2Fcategories&post=17131"},{"taxonomy":"post_tag","embeddable":true,"href":"https:\/\/alternatifs81.fr\/index.php?rest_route=%2Fwp%2Fv2%2Ftags&post=17131"}],"curies":[{"name":"wp","href":"https:\/\/api.w.org\/{rel}","templated":true}]}}