{"id":17124,"date":"2016-02-19T18:46:25","date_gmt":"2016-02-19T17:46:25","guid":{"rendered":"http:\/\/alternatifs81.fr\/?p=17124"},"modified":"2016-02-19T18:46:25","modified_gmt":"2016-02-19T17:46:25","slug":"le-projet-de-loi-el-khomri-explose-les-droits-du-travail","status":"publish","type":"post","link":"https:\/\/alternatifs81.fr\/?p=17124","title":{"rendered":"Le projet de loi El Khomri explose les droits du travail"},"content":{"rendered":"<h2 class=\"post-body entry-content\" style=\"text-align: justify;\"><b><a href=\"http:\/\/alternatifs81.fr\/wp-content\/uploads\/code_travail1-1.jpg\"  rel=\"lightbox[17124] attachment wp-att-17126\"><img loading=\"lazy\" decoding=\"async\" class=\"alignleft wp-image-17126 size-medium\" src=\"http:\/\/alternatifs81.fr\/wp-content\/uploads\/code_travail1-1-300x278.jpg\" alt=\"code_travail1\" width=\"300\" height=\"278\" srcset=\"https:\/\/alternatifs81.fr\/wp-content\/uploads\/code_travail1-1-300x278.jpg 300w, https:\/\/alternatifs81.fr\/wp-content\/uploads\/code_travail1-1.jpg 350w\" sizes=\"auto, (max-width: 300px) 100vw, 300px\" \/><\/a>La r\u00e9forme du code du travail va entrer, \u00e0 partir de mars, dans sa phase l\u00e9gislative.\u00a0<\/b><\/h2>\n<h2 style=\"text-align: justify;\"><b>P. Gattaz, pr\u00e9sident du Medef, se frotte les mains. Une fois de plus le gouvernement c\u00e8de aux exigences patronales. L&rsquo;avant-projet de loi de Myriam El Khomri, ministre du travail, passe \u00e0 la moulinette la protection des salari\u00e9Es.\u00a0<\/b><\/h2>\n<h2 style=\"text-align: justify;\"><b>Si ce projet va \u00e0 son terme, ce sera un code du travail en charpie et une r\u00e9gression sociale sans pr\u00e9c\u00e9dent, que m\u00eame la droite au pouvoir n&rsquo;avait pu obtenir, qui en r\u00e9sultera. <\/b><a name=\"more\"><\/a><\/h2>\n<h2 style=\"text-align: justify;\"><b>En inversant les normes la primaut\u00e9 sera donn\u00e9 \u00e0 l&rsquo;accord d&rsquo;entreprise. M\u00eame sans accord, l&rsquo;autorit\u00e9 administrative validera les d\u00e9cisions patronales. C&rsquo;est ouvertement le choix de la clause la moins favorable aux salari\u00e9Es.<br \/>\n<\/b><\/h2>\n<p><!--more--><\/p>\n<h2 style=\"text-align: justify;\"><b>Le temps de travail fera un bond en arri\u00e8re cons\u00e9quent. Si la dur\u00e9e l\u00e9gale du travail reste \u00e0 35 heures, un accord d&rsquo;entreprise pourra la porter \u00e0 44 heures ou m\u00eame 46 heures sur 16 semaines. Le seuil de 60 heures hebdo sera m\u00eame possible.\u00a0<\/b><\/h2>\n<h2 style=\"text-align: justify;\"><b>Le salaire vers\u00e9 au titre des heures suppl\u00e9mentaires sera r\u00e9vis\u00e9 \u00e0 <a href=\"http:\/\/alternatifs81.fr\/wp-content\/uploads\/CODE-du-TRAVAIL.jpg\"  rel=\"lightbox[17124] attachment wp-att-17127\"><img loading=\"lazy\" decoding=\"async\" class=\"alignright wp-image-17127 size-full\" src=\"http:\/\/alternatifs81.fr\/wp-content\/uploads\/CODE-du-TRAVAIL.jpg\" alt=\"CODE du TRAVAIL\" width=\"200\" height=\"141\" \/><\/a>la baisse : une majoration de 10% \u00e0 partir de la 36e heure, au lieu de 25% avec un calcul qui pourra \u00eatre effectu\u00e9 sur une p\u00e9riode pouvant aller jusqu&rsquo;\u00e0 trois ans !\u00a0<\/b><\/h2>\n<h2 style=\"text-align: justify;\"><b>Le patronat aura tout pouvoir de licencier, sans que ce soit consid\u00e9r\u00e9 comme un licenciement \u00e9conomique, unE salari\u00e9E qui n&rsquo;accepterait pas les modifications apport\u00e9es \u00e0 son contrat de travail en raison de la conjoncture \u00e9conomique. C&rsquo;est une institutionnalisation inacceptable du chantage \u00e0 l&#8217;emploi.\u00a0<\/b><\/h2>\n<h2 style=\"text-align: justify;\"><b>Sur la refonte des indemnit\u00e9s prud&rsquo;homales les organisations patronales obtiennent le plafonnement qu&rsquo;elles r\u00e9clament. C&rsquo;est un nouveau coup de poignard donn\u00e9 au mouvement syndical qui est d\u00e9j\u00e0 en butte \u00e0 la r\u00e9pression dans les entreprises. Cette r\u00e9forme valide des gestions de conflit du type Air France ou Goodyear.\u00a0<\/b><\/h2>\n<h2 style=\"text-align: justify;\"><b>Contre ce funeste projet ramenant les droits des salari\u00e9Es loin en arri\u00e8re et la menace de l&rsquo;utilisation du 49-3, le monde du travail, la gauche sociale et politique, dans l&rsquo;unit\u00e9 la plus large, doit se soulever en masse.<\/b><\/h2>\n<gcse:search><\/gcse:search>","protected":false},"excerpt":{"rendered":"<p>La r\u00e9forme du code du travail va entrer, \u00e0 partir de mars, dans sa phase l\u00e9gislative.\u00a0 P. Gattaz, pr\u00e9sident du Medef, se frotte les mains. Une fois de plus le gouvernement c\u00e8de aux exigences patronales. L&rsquo;avant-projet de loi de Myriam El Khomri, ministre du travail, passe \u00e0 la moulinette la protection des salari\u00e9Es.\u00a0 Si ce [&hellip;]<\/p>\n","protected":false},"author":1,"featured_media":0,"comment_status":"open","ping_status":"open","sticky":false,"template":"","format":"standard","meta":{"footnotes":""},"categories":[295],"tags":[117,23,140],"class_list":["post-17124","post","type-post","status-publish","format-standard","hentry","category-travail-2","tag-democratie","tag-luttes","tag-travail"],"_links":{"self":[{"href":"https:\/\/alternatifs81.fr\/index.php?rest_route=\/wp\/v2\/posts\/17124","targetHints":{"allow":["GET"]}}],"collection":[{"href":"https:\/\/alternatifs81.fr\/index.php?rest_route=\/wp\/v2\/posts"}],"about":[{"href":"https:\/\/alternatifs81.fr\/index.php?rest_route=\/wp\/v2\/types\/post"}],"author":[{"embeddable":true,"href":"https:\/\/alternatifs81.fr\/index.php?rest_route=\/wp\/v2\/users\/1"}],"replies":[{"embeddable":true,"href":"https:\/\/alternatifs81.fr\/index.php?rest_route=%2Fwp%2Fv2%2Fcomments&post=17124"}],"version-history":[{"count":0,"href":"https:\/\/alternatifs81.fr\/index.php?rest_route=\/wp\/v2\/posts\/17124\/revisions"}],"wp:attachment":[{"href":"https:\/\/alternatifs81.fr\/index.php?rest_route=%2Fwp%2Fv2%2Fmedia&parent=17124"}],"wp:term":[{"taxonomy":"category","embeddable":true,"href":"https:\/\/alternatifs81.fr\/index.php?rest_route=%2Fwp%2Fv2%2Fcategories&post=17124"},{"taxonomy":"post_tag","embeddable":true,"href":"https:\/\/alternatifs81.fr\/index.php?rest_route=%2Fwp%2Fv2%2Ftags&post=17124"}],"curies":[{"name":"wp","href":"https:\/\/api.w.org\/{rel}","templated":true}]}}