{"id":16870,"date":"2016-01-20T11:43:44","date_gmt":"2016-01-20T10:43:44","guid":{"rendered":"http:\/\/alternatifs81.fr\/?p=16870"},"modified":"2016-01-20T11:43:44","modified_gmt":"2016-01-20T10:43:44","slug":"la-reaction-qui-vient-par-olivier-le-cour-grandmaison-tribune-libre","status":"publish","type":"post","link":"https:\/\/alternatifs81.fr\/?p=16870","title":{"rendered":"La R\u00e9action qui vient, par Olivier LE COUR GRANDMAISON (tribune libre)"},"content":{"rendered":"<h2 class=\"post-body entry-content\" style=\"text-align: justify;\"><b><a href=\"http:\/\/alternatifs81.fr\/wp-content\/uploads\/olivier_le_cour_grandmaison_dr.jpg\"  rel=\"lightbox[16870] attachment wp-att-16872\"><img loading=\"lazy\" decoding=\"async\" class=\"alignleft wp-image-16872 size-full\" src=\"http:\/\/alternatifs81.fr\/wp-content\/uploads\/olivier_le_cour_grandmaison_dr.jpg\" alt=\"olivier_le_cour_grandmaison_dr\" width=\"200\" height=\"200\" srcset=\"https:\/\/alternatifs81.fr\/wp-content\/uploads\/olivier_le_cour_grandmaison_dr.jpg 200w, https:\/\/alternatifs81.fr\/wp-content\/uploads\/olivier_le_cour_grandmaison_dr-150x150.jpg 150w\" sizes=\"auto, (max-width: 200px) 100vw, 200px\" \/><\/a>Les attentats terroristes de janvier et novembre 2015 ont r\u00e9v\u00e9l\u00e9 ceci : l\u2019\u00e9puisement de toute politique progressiste d\u00e9fendue par le chef de l\u2019Etat, le gouvernement et le Parti socialiste. Nous sommes les t\u00e9moins non d\u2019un \u00ab <i>compromis historique <\/i>\u00bb, que certains appelaient de leurs v\u0153ux, mais d\u2019une compromission d\u00e9sormais g\u00e9n\u00e9ralis\u00e9e et assum\u00e9e avec les forces de la r\u00e9action.\u00a0<\/b><\/h2>\n<h2 style=\"text-align: justify;\"><b>La guerre d\u2019Alg\u00e9rie a pr\u00e9cipit\u00e9 la ruine de la SFIO, corrompue politiquement par son soutien sans faille \u00e0 l\u2019empire colonial qu\u2019elle a toujours d\u00e9fendu, y compris \u00e0 l\u2019\u00e9poque r\u00e9put\u00e9e glorieuse du Front populaire. <\/b><br \/>\n<a name=\"more\"><\/a><b>Si ce dernier a am\u00e9lior\u00e9 le sort des travailleurs m\u00e9tropolitains, il n\u2019a pas r\u00e9form\u00e9, si peu que ce soit, la condition des \u00ab<i> indig\u00e8nes<\/i> \u00bb priv\u00e9s, dans les possessions fran\u00e7aises, des droits et libert\u00e9s fondamentaux, et soumis \u00e0 des dispositions r\u00e9pressives discriminatoires. \u00ab<i> Sujets fran\u00e7ais<\/i> \u00bb ils \u00e9taient, \u00ab<i> sujets fran\u00e7ais <\/i>\u00bb ils sont demeur\u00e9s jusqu\u2019en 1945.<br \/>\n<\/b><\/h2>\n<p><!--more--><\/p>\n<h2 style=\"text-align: justify;\"><b>Onze ans plus tard, les tr\u00e8s socialistes Guy Mollet et Robert Lacoste pr\u00e9sentaient la loi relative aux pouvoirs sp\u00e9ciaux, vot\u00e9e le 12 mars 1956 par une large majorit\u00e9 de d\u00e9put\u00e9s \u00e0 laquelle se sont ralli\u00e9s les \u00e9lus communistes. D\u00e9fenseurs z\u00e9l\u00e9s de l\u2019Alg\u00e9rie fran\u00e7aise, ces deux responsables politiques ont couvert tous les moyens employ\u00e9s par l\u2019arm\u00e9e pour combattre le FLN, tortures comprises ; ils furent ainsi les fossoyeurs de l\u2019organisation dirig\u00e9e au d\u00e9but du si\u00e8cle par Jean Jaur\u00e8s.\u00a0<\/b><\/h2>\n<h2 style=\"text-align: justify;\"><b>Comparaison n\u2019est pas raison, assur\u00e9ment, mais ce bref rappel historique n\u2019en \u00e9claire pas moins la situation pr\u00e9sente. Les attentats terroristes de janvier et novembre 2015 ont r\u00e9v\u00e9l\u00e9 ceci : l\u2019\u00e9puisement de toute politique progressiste d\u00e9fendue par le chef de l\u2019Etat, le gouvernement et le Parti socialiste. Plus que jamais, ce dernier se soumet au nouveau cap \u2013 \u00ab<i> \u00e0 droite toute<\/i> \u00bb \u2013 d\u00e9cid\u00e9 par l\u2019Elys\u00e9e puis ex\u00e9cut\u00e9 par Matignon. Nous sommes les t\u00e9moins non d\u2019un \u00ab <i>compromis historique<\/i> \u00bb, que certains appelaient de leurs v\u0153ux, mais d\u2019une compromission d\u00e9sormais g\u00e9n\u00e9ralis\u00e9e et assum\u00e9e avec les forces de la r\u00e9action lesquelles triomphent par la gr\u00e2ce de celui qui affirmait en 2012 : \u00ab <i>Le changement, c\u2019est maintenant.<\/i> \u00bb\u00a0<\/b><\/h2>\n<h2 style=\"text-align: justify;\"><b>A son aversion rh\u00e9torique et feinte pour la finance a succ\u00e9d\u00e9 la politique \u00e9conomique et sociale que l\u2019on sait. S\u2019y ajoute d\u00e9sormais une conversion brutale \u00e0 l\u2019\u00e9tat d\u2019exception permanent. Du poing et de la rose, adopt\u00e9s comme symbole du Parti socialiste au congr\u00e8s d\u2019Epinay en 1971, le premier seul demeure sous la forme d\u2019un poing mena\u00e7ant : celui des forces de l\u2019ordre bient\u00f4t dot\u00e9es de pouvoirs exorbitants.\u00a0<\/b><\/h2>\n<h2 style=\"text-align: justify;\"><b>Le projet de loi transmis au Conseil d\u2019Etat le 23 d\u00e9cembre 2015 en t\u00e9moigne puisque l\u2019un de ses objectifs est d\u2019assouplir les r\u00e8gles relatives \u00e0 l\u2019usage des armes \u00e0 feu par les policiers. Comme les gendarmes, ils pourraient b\u00e9n\u00e9ficier de \u00ab<i> l\u2019irresponsabilit\u00e9 p\u00e9nale<\/i> \u00bb lorsqu\u2019ils auront tir\u00e9 en \u00ab <i>\u00e9tat de n\u00e9cessit\u00e9.<\/i> \u00bb\u00a0<\/b><\/h2>\n<h2 style=\"text-align: justify;\"><b>L\u2019extr\u00eame droite d\u2019abord, Nicolas Sarkozy ensuite et les syndicats professionnels les plus virulents d\u00e9fendent cette mesure depuis longtemps ; tous obtiennent gain de cause. Si elle est adopt\u00e9e, l\u2019impunit\u00e9 des forces de l\u2019ordre ne sera plus seulement de facto \u00e9tablie, et trop souvent confirm\u00e9e par une justice dont la mansu\u00e9tude en la mati\u00e8re vient d\u2019\u00eatre sinistrement confirm\u00e9e (1), elle deviendra la r\u00e8gle. Des perquisitions de nuit, des fouilles plus ais\u00e9es des bagages et des v\u00e9hicules, des contr\u00f4les d\u2019identit\u00e9 permanents sans pr\u00e9somption d\u2019infraction ni limite g\u00e9ographique compl\u00e8tent ce projet.\u00a0<\/b><\/h2>\n<h2 style=\"text-align: justify;\"><b>De plus, sur d\u00e9cision du ministre de l\u2019Int\u00e9rieur, les individus soup\u00e7onn\u00e9s de vouloir \u00ab <i>se rendre sur un th\u00e9\u00e2tre d\u2019op\u00e9rations de groupements terroristes<\/i> \u00bb pourront \u00eatre assign\u00e9s \u00e0 r\u00e9sidence pendant un mois alors que faute d\u2019\u00e9l\u00e9ments tangibles il est impossible d\u2019ouvrir une information judiciaire.\u00a0<\/b><\/h2>\n<h2 style=\"text-align: justify;\"><b>Les preuves manquent pour \u00e9tablir la mat\u00e9rialit\u00e9 de cette pr\u00e9paration ? Qu\u2019importe. La suspicion et quelques notes des Services suffiront pour priver ceux qui sont vis\u00e9s d\u2019une libert\u00e9 fondamentale : celle d\u2019aller et de venir. Cette assignation peut \u00eatre renforc\u00e9e par un contr\u00f4le administratif \u2013 six mois maximum \u2013 des d\u00e9placements, des moyens de communication \u2013 ordinateur et t\u00e9l\u00e9phone \u2013 et des personnes fr\u00e9quent\u00e9es ; telles sont les dispositions principales arr\u00eat\u00e9es par le gouvernement.\u00a0<\/b><\/h2>\n<h2 style=\"text-align: justify;\"><b>L\u2019objectif poursuivi ? Permettre la lev\u00e9e de l\u2019\u00e9tat d\u2019urgence en inscrivant dans la loi certaines des mesures qu\u2019il autorise puisque la police, la gendarmerie, les pr\u00e9fets et le ministre de l\u2019Int\u00e9rieur disposeront de pr\u00e9rogatives nouvelles et consid\u00e9rablement \u00e9tendues.\u00a0<\/b><\/h2>\n<h2 style=\"text-align: justify;\"><b>Permanence et banalisation de l\u2019exception. Ce projet de loi nous \u00e9claire sur la d\u00e9fense de la d\u00e9ch\u00e9ance de la nationalit\u00e9 par le pr\u00e9sident de la R\u00e9publique. D\u00e9fense qui n\u2019est sans doute pas un accident mais un pr\u00e9c\u00e9dent d\u00e9sormais \u00e9rig\u00e9 en m\u00e9thode. Elle peut se r\u00e9sumer ainsi : puiser dans les programmes du Front national et des R\u00e9publicains quelques propositions s\u00e9curitaires afin d\u2019emp\u00eacher tout proc\u00e8s en laxisme, et imposer \u00e0 la majorit\u00e9 socialiste des mesures qu\u2019en d\u2019autres temps elle aurait violemment combattues.\u00a0<\/b><\/h2>\n<h2 style=\"text-align: justify;\"><b>Nul doute que cette mani\u00e8re de proc\u00e9der est justifi\u00e9e en haut lieu, comme on dit, par la gravit\u00e9 de la situation et la n\u00e9cessit\u00e9 de lutter contre \u00ab l\u2019ang\u00e9lisme \u00bb suppos\u00e9 de certains.\u00a0<\/b><\/h2>\n<h2 style=\"text-align: justify;\"><b>Ang\u00e9lique, l\u2019Union syndicale des magistrats qui d\u00e9nonce, dans un communiqu\u00e9 en date du 8 janvier 2016, une \u00ab <i>forme d\u2019\u00e9tat d\u2019urgence permanent \u00bb<\/i> rendu possible par le projet de loi pr\u00e9cit\u00e9 ?\u00a0<\/b><\/h2>\n<h2 style=\"text-align: justify;\"><b>Ang\u00e9lique, C\u00e9line Parisot, la secr\u00e9taire g\u00e9n\u00e9rale de cette organisation, qui constate qu\u2019un \u00ab <i>Etat policier s\u2019instaure de mani\u00e8re p\u00e9renne<\/i> \u00bb en raison des pouvoirs nouveaux confi\u00e9s \u00e0 \u00ab<i> l\u2019ex\u00e9cutif <\/i>\u00bb qui peut ainsi porter \u00ab<i> atteintes aux libert\u00e9s [individuelles] sans autorisation ni contr\u00f4le judiciaire pr\u00e9alable<\/i> \u00bb ?\u00a0<\/b><\/h2>\n<h2 style=\"text-align: justify;\"><b>Ang\u00e9lique, le New York Times du 4 janvier 2016 qui condamne le \u00ab<i> profilage des minorit\u00e9s par la police<\/i> \u00bb fran\u00e7aise, la multiplication des op\u00e9rations des forces de l\u2019ordre contre \u00ab <i>des maisons, des entreprises, des mosqu\u00e9es et des salles de pri\u00e8res de musulmans <\/i>\u00bb, et met en garde contre les atteintes \u00ab <i>aux libert\u00e9s civiles<\/i> \u00bb ?\u00a0<\/b><\/h2>\n<h2 style=\"text-align: justify;\"><b>Ang\u00e9lique, lord Johan Steyn, juge \u00e0 la Cour d\u2019appel de la Chambre des Lords qui, peu apr\u00e8s l\u2019adoption de dispositions d\u2019exception par les Etats-Unis et la Grande-Bretagne, suite aux attentats du 11 septembre 2001, \u00e9crivait : \u00ab <i>des lois exp\u00e9ditives et mal con\u00e7ues sont vot\u00e9es pour accorder des pouvoirs excessifs \u00e0 l\u2019ex\u00e9cutif, qui limitent les droits et libert\u00e9s individuels au-del\u00e0 des exigences de la situation <\/i>\u00bb ?\u00a0<\/b><\/h2>\n<h2 style=\"text-align: justify;\"><b>Observer la politique du chef de l\u2019Etat, de son gouvernement et de la majorit\u00e9 qui les soutient depuis les attaques meurtri\u00e8res de janvier et novembre 2015, c\u2019est parcourir les pages d\u2019un pr\u00e9cis de d\u00e9composition politique au cours de laquelle les derni\u00e8res vell\u00e9it\u00e9s progressistes ont \u00e9t\u00e9 abandonn\u00e9es par celui-l\u00e0 m\u00eame qui pr\u00e9tendait les incarner. Son fid\u00e8le chef de cabinet, qui si\u00e8ge \u00e0 Matignon, le sert bien dans cette t\u00e2che et il remplit sa mission de liquidation avec une d\u00e9termination exemplaire.\u00a0<\/b><\/h2>\n<h2 style=\"text-align: justify;\"><b>A cette offensive, Manuel Valls ajoute une note singuli\u00e8re : la d\u00e9nonciation r\u00e9it\u00e9r\u00e9e des sciences sociales et humaines au motif \u00ab <i>qu\u2019expliquer, c\u2019est d\u00e9j\u00e0 vouloir un peu excuser <\/i>\u00bb, comme il l\u2019a d\u00e9clar\u00e9 le 9 janvier dernier \u00e0 l\u2019occasion de la c\u00e9r\u00e9monie \u00e0 la m\u00e9moire des victimes de l\u2019attentat antis\u00e9mite perp\u00e9tr\u00e9 contre l\u2019Hyper Cacher.\u00a0<\/b><\/h2>\n<h2 style=\"text-align: justify;\"><b>A l\u2019extr\u00eame-droite, \u00e0 droite et chez certains essayistes, qui se croient amis de la connaissance alors qu\u2019ils ne sont que les ventriloques des opinions les plus communes, cette antienne d\u00e9magogique est classique. Elle est d\u00e9sormais celle du Premier ministre que nul, au gouvernement ou \u00e0 l\u2019Elys\u00e9e, n\u2019a publiquement critiqu\u00e9. Pas m\u00eame le diaphane et muet sous-secr\u00e9taire d\u2019Etat \u00e0 l\u2019Enseignement sup\u00e9rieur et \u00e0 la Recherche qui est suppos\u00e9 pr\u00e9sider aux destin\u00e9es de nombreux universitaires et chercheurs vers\u00e9s dans les diff\u00e9rentes disciplines mises en cause.\u00a0<\/b><\/h2>\n<h2 style=\"text-align: justify;\"><b>Belle victoire de la r\u00e9action, de l\u2019obscurantisme et de l\u2019id\u00e9ologie, laquelle, \u00e9crivait le philosophe Claude Lefort, se reconna\u00eet, entre autres, \u00e0 ceci qu\u2019elle est injonction \u00e0 ne \u00ab <i>pas penser<\/i>. \u00bb Nous y sommes. La grossi\u00e8ret\u00e9 politique appelle la grossi\u00e8ret\u00e9 intellectuelle, et r\u00e9ciproquement ; toutes deux fraient la voie aux multiples r\u00e9gressions pr\u00e9sentes.\u00a0<\/b><\/h2>\n<h2 style=\"text-align: justify;\"><b>N\u2019oublions pas le secr\u00e9taire g\u00e9n\u00e9ral du Parti socialiste qui pourrait faire sienne la formule des moines c\u00e9nobitiques : perinde ac cadaver ! Par ob\u00e9issance absolue \u00e0 la Providence divine, l\u2019un d\u2019entre eux, Jean de Lycopolis, s\u2019est rendu c\u00e9l\u00e8bre, dit-on, en arrosant pendant plusieurs ann\u00e9es un morceau de bois mort. Sur le fond et pour servir des fins assur\u00e9ment diff\u00e9rentes, Jean-Christophe Cambad\u00e9lis ne fait pas autre chose, la saintet\u00e9 en moins. Il dirige, ou croit diriger, ce qui n\u2019est plus qu\u2019une formation politique \u00e9puis\u00e9e qui structure \u2013 mais pour combien de temps encore sous sa forme pr\u00e9sente ? \u2013 un syst\u00e8me partisan fran\u00e7ais boulevers\u00e9 par la progression du Front national.\u00a0<\/b><\/h2>\n<h2 style=\"text-align: justify;\"><b>Avec une constance qui ne laisse pas de surprendre, le Parti socialiste donne raison \u00e0 ses plus farouches adversaires. Jour apr\u00e8s jour, il fait la d\u00e9monstration remarquable qu\u2019il est effectivement ce qu\u2019ils disent : un rassemblement bureaucratique de coteries diverses qui, en d\u00e9pit de leurs divergences, partagent un m\u00eame app\u00e9tit du pouvoir, et une machine \u00e9lectorale dont le seul but est d\u2019\u00eatre au service de l\u2019actuel pr\u00e9sident de la R\u00e9publique, quoi qu\u2019il dise et quoi qu\u2019il fasse.\u00a0<\/b><\/h2>\n<h2 style=\"text-align: justify;\"><b>Si volont\u00e9 de changement il y a encore, au sommet de l\u2019Etat comme du c\u00f4t\u00e9 de la rue de Solferino, c\u2019est pour adapter toujours plus les projets des uns et des autres au monde tel qu\u2019il est. Et cette soumission, qu\u2019ils d\u00e9fendent, ils la nomment de ces termes flatteurs que sont la modernisation et la r\u00e9forme. Radieuses perspectives.\u00a0<\/b><\/h2>\n<h2 style=\"text-align: justify;\"><b>L\u2019heure est cr\u00e9pusculaire mais ce n\u2019est pas le doux cr\u00e9puscule du matin qui annonce une journ\u00e9e lumineuse et l\u00e9g\u00e8re ; c\u2019est le cr\u00e9puscule du soir, pr\u00e9lude \u00e0 une nuit longue et froide. S\u2019y r\u00e9soudre ? Jamais.\u00a0<\/b><\/h2>\n<h2 style=\"text-align: justify;\"><b>Olivier Le Cour Grandmaison, universitaire.\u00a0<\/b><\/h2>\n<h2 style=\"text-align: justify;\"><b>Dernier ouvrage paru : L\u2019Empire des hygi\u00e9nistes. Vivre aux colonies, Fayard, 2014. <a href=\"https:\/\/blogs.mediapart.fr\/olivier-le-cour-grandmaison\/blog\/180116\/la-reaction-qui-vient-2\">https:\/\/blogs.mediapart.fr\/olivier-le-cour-grandmaison\/blog\/180116\/la-reaction-qui-vient-2<\/a>\u00a0<\/b><\/h2>\n<h2 style=\"text-align: justify;\"><i>1 Le 15 janvier de cette ann\u00e9e, le policier D. Saboundjian a \u00e9t\u00e9 acquitt\u00e9 par la Cour d\u2019assises de Bobigny alors que l\u2019enqu\u00eate conduite par l\u2019IGPN puis les conclusions de l\u2019avocat g\u00e9n\u00e9ral ont \u00e9tabli qu\u2019il avait tir\u00e9 dans le dos de la victime. <\/i><\/h2>\n<gcse:search><\/gcse:search>","protected":false},"excerpt":{"rendered":"<p>Les attentats terroristes de janvier et novembre 2015 ont r\u00e9v\u00e9l\u00e9 ceci : l\u2019\u00e9puisement de toute politique progressiste d\u00e9fendue par le chef de l\u2019Etat, le gouvernement et le Parti socialiste. Nous sommes les t\u00e9moins non d\u2019un \u00ab compromis historique \u00bb, que certains appelaient de leurs v\u0153ux, mais d\u2019une compromission d\u00e9sormais g\u00e9n\u00e9ralis\u00e9e et assum\u00e9e avec les forces [&hellip;]<\/p>\n","protected":false},"author":1,"featured_media":0,"comment_status":"open","ping_status":"open","sticky":false,"template":"","format":"standard","meta":{"footnotes":""},"categories":[1,244],"tags":[422,103,117,386,23],"class_list":["post-16870","post","type-post","status-publish","format-standard","hentry","category-non-classe","category-point-de-vue","tag-decheance-de-la-nationalite","tag-demarche-citoyenne","tag-democratie","tag-justice","tag-luttes"],"_links":{"self":[{"href":"https:\/\/alternatifs81.fr\/index.php?rest_route=\/wp\/v2\/posts\/16870","targetHints":{"allow":["GET"]}}],"collection":[{"href":"https:\/\/alternatifs81.fr\/index.php?rest_route=\/wp\/v2\/posts"}],"about":[{"href":"https:\/\/alternatifs81.fr\/index.php?rest_route=\/wp\/v2\/types\/post"}],"author":[{"embeddable":true,"href":"https:\/\/alternatifs81.fr\/index.php?rest_route=\/wp\/v2\/users\/1"}],"replies":[{"embeddable":true,"href":"https:\/\/alternatifs81.fr\/index.php?rest_route=%2Fwp%2Fv2%2Fcomments&post=16870"}],"version-history":[{"count":0,"href":"https:\/\/alternatifs81.fr\/index.php?rest_route=\/wp\/v2\/posts\/16870\/revisions"}],"wp:attachment":[{"href":"https:\/\/alternatifs81.fr\/index.php?rest_route=%2Fwp%2Fv2%2Fmedia&parent=16870"}],"wp:term":[{"taxonomy":"category","embeddable":true,"href":"https:\/\/alternatifs81.fr\/index.php?rest_route=%2Fwp%2Fv2%2Fcategories&post=16870"},{"taxonomy":"post_tag","embeddable":true,"href":"https:\/\/alternatifs81.fr\/index.php?rest_route=%2Fwp%2Fv2%2Ftags&post=16870"}],"curies":[{"name":"wp","href":"https:\/\/api.w.org\/{rel}","templated":true}]}}