{"id":16779,"date":"2015-12-31T14:11:43","date_gmt":"2015-12-31T13:11:43","guid":{"rendered":"http:\/\/alternatifs81.fr\/?p=16779"},"modified":"2015-12-31T14:11:43","modified_gmt":"2015-12-31T13:11:43","slug":"55-000-logements-dans-les-colonies-pour-enterrer-letat-palestinien-communique-afps","status":"publish","type":"post","link":"https:\/\/alternatifs81.fr\/?p=16779","title":{"rendered":"55 000 logements dans les colonies pour enterrer l\u2019\u00c9tat palestinien. Communiqu\u00e9 AFPS"},"content":{"rendered":"<h3 style=\"text-align: justify;\" align=\"left\"><span id=\"OBJ_PREFIX_DWT3168_com_zimbra_url\" class=\"Object\"><span id=\"OBJ_PREFIX_DWT3184_com_zimbra_url\" class=\"Object\"><\/span><\/span><span id=\"OBJ_PREFIX_DWT3169_com_zimbra_url\" class=\"Object\"><span id=\"OBJ_PREFIX_DWT3185_com_zimbra_url\" class=\"Object\"><a class=\"yiv0503485322moz-txt-link-freetext\" href=\"http:\/\/www.france-palestine.org\/55-000-logements-dans-les-colonies-pour-enterrer-l-Etat-palestinien\" target=\"_blank\" rel=\"nofollow\">http:\/\/www.france-palestine.org\/55-000-logements-dans-les-colonies-pour-enterrer-l-Etat-palestinien<\/a><\/span><\/span><\/h3>\n<h3 style=\"text-align: justify;\" align=\"left\"><\/h3>\n<h3 class=\"yiv0503485322moz-signature\" style=\"text-align: justify;\"><a href=\"http:\/\/alternatifs81.fr\/wp-content\/uploads\/logo_nat.gif\"  rel=\"lightbox[16779] attachment wp-att-6466\"><img loading=\"lazy\" decoding=\"async\" class=\"alignleft wp-image-6466\" src=\"http:\/\/alternatifs81.fr\/wp-content\/uploads\/logo_nat.gif\" alt=\"logo_nat\" width=\"250\" height=\"268\" \/><\/a>L\u2018ann\u00e9e 2015 avait commenc\u00e9 par des mesures de r\u00e9torsion isra\u00e9liennes suite \u00e0 la volont\u00e9 palestinienne d\u2019obtenir un vote du Conseil de s\u00e9curit\u00e9 pour la reconnaissance de l\u2019\u00c9tat de Palestine. Elle s\u2019ach\u00e8ve, comme l\u2019ONG isra\u00e9lienne \u00ab La Paix Maintenant \u00bb a r\u00e9ussi \u00e0 l\u2019obtenir, par la publication d\u2019un plan de construction de plus 55.000 logements dans les colonies, dont plus de 8.300 dans la zone dite E1 au nord-est de J\u00e9rusalem.<\/p>\n<p>C\u2019est un chiffre \u00e9norme, sans commune mesure avec les annonces faites jusqu\u2019alors \u00e0 ce sujet. Elles se succ\u00e9daient ces derni\u00e8res ann\u00e9es avec un ordre de grandeur tournant autour de quelques centaines de logements et provoquaient rituellement la r\u00e9probation, voire la condamnation verbale des chancelleries.<\/p>\n<p>Ce fut le cas en juillet dernier quand, apr\u00e8s avoir \u00e9t\u00e9 contraint par la Cour supr\u00eame de d\u00e9truire deux maisons en construction dans la colonie de Beit El, le gouvernement isra\u00e9lien r\u00e9pliqua par l\u2019annonce de la construction imm\u00e9diate de 300 logements dans cette m\u00eame colonie et par \u00ab la planification \u00bb de plus de 500 logements \u00e0 J\u00e9rusalem-Est. Cela lui valu une nouvelle condamnation verbale. Ou en novembre avec le lancement d\u2019un peu plus de 450 logements dans deux colonies de J\u00e9rusalem, Ramat Shlomo et Ramot.<\/p>\n<p>On est d\u00e9sormais pass\u00e9 \u00e0 un tout autre stade, avec un message politique clair : rendre impossible l\u2019\u00e9tablissement d\u2019un Etat palestinien en s\u00e9parant J\u00e9rusalem-Est de la Cisjordanie et en coupant la liaison Nord-Sud \u00e0 l\u2019int\u00e9rieur m\u00eame de la Cisjordanie.<\/h3>\n<p><!--more--><\/p>\n<h3 class=\"yiv0503485322moz-signature\" style=\"text-align: justify;\">\nC\u2019est peu dire que la France et les pays europ\u00e9ens sont confront\u00e9s au r\u00e9sultat de leur inaction politique. Ils payent le prix de leur couardise et leurs reculades tacites devant le rouleau compresseur de la colonisation. C\u2019est le r\u00e9sultat direct d\u2019une politique schizophr\u00e9nique qui rappelle sans cesse son attachement \u00e0 \u00ab la solution \u00e0 deux \u00c9tats \u00bb et condamne la colonisation qui y fait obstacle et viole le droit international, tout en refusant la moindre sanction effective et encourage au contraire les coop\u00e9rations \u00e9conomiques et universitaires dans le cadre du programme europ\u00e9en Horizon 2020 au plus grand b\u00e9n\u00e9fice d\u2019Isra\u00ebl.<\/p>\n<p>Ainsi on pr\u00e9sente comme une \u00ab success story \u00bb le bilan d\u2019un accord isra\u00e9lo-europ\u00e9en sur les lignes a\u00e9riennes et on laisse sans r\u00e9agir la ministre Hotovely pr\u00e9senter les colonies comme \u00ab\u00a0les premi\u00e8res lignes de la soci\u00e9t\u00e9 d\u00e9mocratique\u00a0\u00bb et r\u00eaver de voir le drapeau isra\u00e9lien flotter sur la mosqu\u00e9e Al Aqsa.<\/p>\n<p>En r\u00e9alit\u00e9, plus on lui fait de cadeaux, plus Isra\u00ebl sait pouvoir se comporter en voyou.<\/p>\n<p>Devant ces r\u00e9v\u00e9lations qui devraient faire l\u2019effet d\u2019une bombe, on attend avec curiosit\u00e9 la r\u00e9action officielle de la France qui r\u00e9p\u00e8te si aimablement qu\u2019elle \u00ab n\u2019est pas dans une logique de sanctions \u00bb et encourage avec cynisme la r\u00e9pression des militants exprimant leur solidarit\u00e9 avec le peuple palestinien par l\u2019appel au boycott, au d\u00e9sinvestissement, au sanctions contre Isra\u00ebl.<\/p>\n<p><span style=\"color: #0000ff;\">Le Bureau national<\/span><\/p>\n<p><b>Association France Palestine Solidarit\u00e9 (AFPS)<\/b><br \/>\n21 ter Rue Voltaire 75011 Paris<br \/>\nT\u00e9l. : 01 43 72 15 79<br \/>\nFax. : 09 56 03 15 79<br \/>\nSuivez l&rsquo;AFPS sur <span id=\"OBJ_PREFIX_DWT3170_com_zimbra_url\" class=\"Object\"><span id=\"OBJ_PREFIX_DWT3186_com_zimbra_url\" class=\"Object\"><a href=\"http:\/\/www.france-palestine.org\/\" target=\"_blank\" rel=\"nofollow\">www.france-palestine.org<\/a><\/span><\/span><span id=\"OBJ_PREFIX_DWT3171_com_zimbra_url\" class=\"Object\"><span id=\"OBJ_PREFIX_DWT3187_com_zimbra_url\" class=\"Object\"><a href=\"https:\/\/webmail.laposte.net\/mail#79\" target=\"_blank\" rel=\"nofollow\">, <\/a><\/span><\/span><span id=\"OBJ_PREFIX_DWT3172_com_zimbra_url\" class=\"Object\"><span id=\"OBJ_PREFIX_DWT3188_com_zimbra_url\" class=\"Object\"><a href=\"https:\/\/www.facebook.com\/AFPS-Association-France-Palestine-Solidarit%C3%A9-124250694261509\/timeline\/\" target=\"_blank\" rel=\"nofollow\">Facebook<\/a><\/span><\/span><span id=\"OBJ_PREFIX_DWT3173_com_zimbra_url\" class=\"Object\"><span id=\"OBJ_PREFIX_DWT3189_com_zimbra_url\" class=\"Object\"><a href=\"https:\/\/webmail.laposte.net\/mail#79\" target=\"_blank\" rel=\"nofollow\"> et <\/a><\/span><\/span><span id=\"OBJ_PREFIX_DWT3174_com_zimbra_url\" class=\"Object\"><span id=\"OBJ_PREFIX_DWT3190_com_zimbra_url\" class=\"Object\"><a href=\"https:\/\/twitter.com\/afpsofficiel\" target=\"_blank\" rel=\"nofollow\">Twitter<\/a><\/span><\/span><span id=\"OBJ_PREFIX_DWT3175_com_zimbra_url\" class=\"Object\"><span id=\"OBJ_PREFIX_DWT3191_com_zimbra_url\" class=\"Object\"><a href=\"https:\/\/webmail.laposte.net\/mail#79\" target=\"_blank\" rel=\"nofollow\"><br \/>\n<\/a><\/span><\/span><\/h3>\n<gcse:search><\/gcse:search>","protected":false},"excerpt":{"rendered":"<p>http:\/\/www.france-palestine.org\/55-000-logements-dans-les-colonies-pour-enterrer-l-Etat-palestinien L\u2018ann\u00e9e 2015 avait commenc\u00e9 par des mesures de r\u00e9torsion isra\u00e9liennes suite \u00e0 la volont\u00e9 palestinienne d\u2019obtenir un vote du Conseil de s\u00e9curit\u00e9 pour la reconnaissance de l\u2019\u00c9tat de Palestine. Elle s\u2019ach\u00e8ve, comme l\u2019ONG isra\u00e9lienne \u00ab La Paix Maintenant \u00bb a r\u00e9ussi \u00e0 l\u2019obtenir, par la publication d\u2019un plan de construction de plus 55.000 logements [&hellip;]<\/p>\n","protected":false},"author":1,"featured_media":0,"comment_status":"open","ping_status":"open","sticky":false,"template":"","format":"standard","meta":{"footnotes":""},"categories":[147],"tags":[103,117,98],"class_list":["post-16779","post","type-post","status-publish","format-standard","hentry","category-international","tag-demarche-citoyenne","tag-democratie","tag-palestine"],"_links":{"self":[{"href":"https:\/\/alternatifs81.fr\/index.php?rest_route=\/wp\/v2\/posts\/16779","targetHints":{"allow":["GET"]}}],"collection":[{"href":"https:\/\/alternatifs81.fr\/index.php?rest_route=\/wp\/v2\/posts"}],"about":[{"href":"https:\/\/alternatifs81.fr\/index.php?rest_route=\/wp\/v2\/types\/post"}],"author":[{"embeddable":true,"href":"https:\/\/alternatifs81.fr\/index.php?rest_route=\/wp\/v2\/users\/1"}],"replies":[{"embeddable":true,"href":"https:\/\/alternatifs81.fr\/index.php?rest_route=%2Fwp%2Fv2%2Fcomments&post=16779"}],"version-history":[{"count":0,"href":"https:\/\/alternatifs81.fr\/index.php?rest_route=\/wp\/v2\/posts\/16779\/revisions"}],"wp:attachment":[{"href":"https:\/\/alternatifs81.fr\/index.php?rest_route=%2Fwp%2Fv2%2Fmedia&parent=16779"}],"wp:term":[{"taxonomy":"category","embeddable":true,"href":"https:\/\/alternatifs81.fr\/index.php?rest_route=%2Fwp%2Fv2%2Fcategories&post=16779"},{"taxonomy":"post_tag","embeddable":true,"href":"https:\/\/alternatifs81.fr\/index.php?rest_route=%2Fwp%2Fv2%2Ftags&post=16779"}],"curies":[{"name":"wp","href":"https:\/\/api.w.org\/{rel}","templated":true}]}}