{"id":16679,"date":"2015-12-11T12:17:33","date_gmt":"2015-12-11T11:17:33","guid":{"rendered":"http:\/\/alternatifs81.fr\/?p=16679"},"modified":"2015-12-11T12:20:43","modified_gmt":"2015-12-11T11:20:43","slug":"refonder-lespoir-par-pierre-khalfa","status":"publish","type":"post","link":"https:\/\/alternatifs81.fr\/?p=16679","title":{"rendered":"Refonder l\u2019espoir, par Pierre KHALFA"},"content":{"rendered":"<h3 style=\"text-align: justify;\"><b><a href=\"http:\/\/alternatifs81.fr\/wp-content\/uploads\/pierre-khalfa.jpg\" rel=\"lightbox[16679]\"><img loading=\"lazy\" decoding=\"async\" class=\"alignleft wp-image-16685\" src=\"http:\/\/alternatifs81.fr\/wp-content\/uploads\/pierre-khalfa-150x107.jpg\" alt=\"pierre khalfa\" width=\"250\" height=\"134\" \/><\/a>Le premier tour des \u00e9lections r\u00e9gionales a confirm\u00e9, sous fond d\u2019abstention massive que le FN est aujourd\u2019hui le premier parti de France, faisant dans certaines r\u00e9gions des scores consid\u00e9rables. Le vote FN est certes le produit de la destruction du tissu social, de la peur du d\u00e9classement et plus globalement de l\u2019avenir. Mais c\u2019est la x\u00e9nophobie qui est le ciment de ce vote. En particulier, c\u2019est l\u2019immigration, prise comme bouc \u00e9missaire de la d\u00e9sint\u00e9gration sociale, qui <\/b>s<b>ur-d\u00e9termine la fa\u00e7on dont les \u00e9lecteurs du FN abordent les questions sociales et \u00e9conomiques, les attentats terroristes venant renforcer cette peur de l\u2019Autre qui prend aujourd\u2019hui la figure du musulman.\u00a0<\/b><\/h3>\n<h2 style=\"text-align: justify;\"><span style=\"color: #808000;\"><b>Ces \u00e9lections repr\u00e9sentent un triple \u00e9chec.\u00a0<\/b><\/span><\/h2>\n<h3 style=\"text-align: justify;\"><b>\u00c9chec d\u2019abord pour Nicolas Sarkozy et sa strat\u00e9gie qui vise \u00e0 coller au plus pr\u00e8s des th\u00e8ses frontistes afin de phagocyter le FN. Cette strat\u00e9gie a largement mis \u00e0 mal les barri\u00e8res entre l\u2019\u00e9lectorat de la droite dite r\u00e9publicaine et le FN. La reprise des th\u00e8mes et des obsessions du FN par une droite \u00ab d\u00e9complex\u00e9e \u00bb a surtout d\u00e9complex\u00e9 les \u00e9lecteurs et a entrain\u00e9 naturellement une porosit\u00e9 toujours plus grande entre les \u00e9lectorats et ce, au b\u00e9n\u00e9fice de l\u2019extr\u00eame droite.<br \/>\n<\/b><\/h3>\n<p><!--more--><\/p>\n<h3 style=\"text-align: justify;\"><b>\u00c9chec ensuite pour Fran\u00e7ois Hollande et le gouvernement Valls qui ont men\u00e9 une politique \u00e9conomique et sociale n\u00e9olib\u00e9rale au m\u00e9pris des valeurs de la gauche et de l\u2019espoir de changement qui avait pu exister au moment de son \u00e9lection. L\u2019abandon des couches populaires livr\u00e9es sans vergogne \u00e0 la logique de comp\u00e9titivit\u00e9, le d\u00e9p\u00e9rissement des services publics avec l\u2019acceptation des exigences europ\u00e9ennes en mati\u00e8re budg\u00e9taire, ou encore l\u2019abandon de territoires ont d\u00e9sesp\u00e9r\u00e9 l\u2019\u00e9lectorat de gauche dont l\u2019abstention est manifeste. Le tournant n\u00e9oconservateur suite aux attentats terroristes, avec la reprise des mesures s\u00e9curitaires promues par la droite et le FN, n\u2019a, comme on pouvait le craindre, que profiter \u00e0 ce dernier, le l\u00e9gitimant comme parti responsable.\u00a0<\/b><\/h3>\n<h3 style=\"text-align: justify;\"><b>Dans cette situation, l\u2019\u00e9chec du Front de gauche (FdG) et de EELV est embl\u00e9matique. Les alliances \u00e0 g\u00e9om\u00e9trie variables d\u2019EELV, son incapacit\u00e9 \u00e0 choisir entre une ligne d\u2019accompagnement du gouvernement et une opposition franche ont rendu illisible son positionnement politique.\u00a0<\/b><\/h3>\n<h3 style=\"text-align: justify;\"><b>Mais l\u2019\u00e9chec du FdG est encore plus significatif. Il vient de loin, c\u2019est le produit d\u2019une accumulation d\u2019erreurs et de rat\u00e9s. Le FdG n\u2019a pas su rebondir apr\u00e8s la campagne pr\u00e9sidentielle r\u00e9ussie de Jean-Luc M\u00e9lenchon. Il n\u2019a pas su se transformer en un v\u00e9ritable mouvement politique et est rest\u00e9 un cartel \u00e9lectoral soumis aux int\u00e9r\u00eats imm\u00e9diats de ses principales composantes qui ont refus\u00e9 apr\u00e8s l\u2019\u00e9lection pr\u00e9sidentielle d\u2019ouvrir les portes et les fen\u00eatres pour accueillir les dizaines de milliers de personnes qui n\u2019\u00e9taient encart\u00e9es dans aucune organisation politique mais qui s\u2019\u00e9taient engag\u00e9es activement dans la campagne \u00e9lectorale de 2012.\u00a0<\/b><\/h3>\n<h3 style=\"text-align: justify;\"><b>Une occasion historique a \u00e9t\u00e9 ainsi manqu\u00e9e. Mais le pire restait \u00e0 venir avec la confusion politique entrain\u00e9e par la d\u00e9cision du PCF d\u2019une orientation \u00e0 la carte pour les \u00e9lections municipales \u2013 tant\u00f4t avec le PS, tant\u00f4t avec les autres forces du FdG \u2013, la dramatisation op\u00e9r\u00e9e par le PG \u00e0 ce sujet et la mont\u00e9e d\u2019affrontements internes qui l\u2019a accompagn\u00e9e, ce qui a pes\u00e9 sur toute apparition politique pendant des mois. Ce conflit interne, et l\u2019image d\u2019\u00e9clatement qui s\u2019en est suivie, a perdur\u00e9 lors de la formation en 2014 des listes pour les europ\u00e9ennes avec des tensions extr\u00eames, nombre de coup de forces, une campagne en demi teinte avec, in fine, un \u00e9chec \u00e9lectoral puis ensuite une quasi disparition du FdG du champ politique.\u00a0<\/b><\/h3>\n<h3 style=\"text-align: justify;\"><b>Mais tout cela renvoie \u00e0 un mal plus profond. L\u2019incapacit\u00e9 du FdG \u00e0 avoir une posture politique lui permettant d\u2019\u00eatre en phase avec les attentes de l\u2019\u00e9lectorat de gauche.\u00a0<\/b><\/h3>\n<h3 style=\"text-align: justify;\"><b>Car il ne suffit pas de critiquer la politique gouvernementale \u2013 ce que le FdG a fait \u00e0 juste titre -, encore faut-il \u00eatre porteur d\u2019espoir, montrer qu\u2019une autre voie est concr\u00e8tement possible, qu\u2019une soci\u00e9t\u00e9 plus juste et plus \u00e9galitaire est non seulement n\u00e9cessaire mais r\u00e9alisable.\u00a0<\/b><\/h3>\n<h3 style=\"text-align: justify;\"><b>Il faut \u00eatre capable d\u2019articuler les solutions concr\u00e8tes \u00e0 un imaginaire qui permette de les envisager. Il ne sert donc pas \u00e0 grand chose d\u2019affirmer simplement \u00e0 longueur de d\u00e9clarations que tout va mal et que tout ira encore plus mal demain pour construire une alternative politique. Se contenter de ne faire que cela ne fait que rajouter de l\u2019angoisse et de l\u2019anxi\u00e9t\u00e9 dans une soci\u00e9t\u00e9 rong\u00e9e par la peur du lendemain.\u00a0<\/b><\/h3>\n<h3 style=\"text-align: justify;\"><b>Certes cette attitude n\u2019a pas \u00e9t\u00e9 le fait de toutes les composantes du FdG, mais globalement c\u2019est ainsi que le FdG est apparu. Combin\u00e9e avec les d\u00e9boires politiciens, ce positionnement n\u2019a pas permis que le vote pour le FdG apparaisse utile. Une nouvelle p\u00e9riode est en train de s\u2019ouvrir et elle n\u2019est pas tr\u00e8s plaisante.\u00a0<\/b><\/h3>\n<h3 style=\"text-align: justify;\"><b>Le pire se pr\u00e9sente devant nos yeux avec une possible arriv\u00e9e de l\u2019extr\u00eame droite au pouvoir et l\u2019histoire est l\u00e0 pour nous rappeler qu\u2019une fois au pouvoir celle-ci n\u2019a cure des libert\u00e9s d\u00e9mocratiques et que l\u2019id\u00e9e m\u00eame d\u2019alternance politique lui est \u00e9trang\u00e8re. Mais m\u00eame si ce danger peut \u00eatre provisoirement conjur\u00e9, l\u2019\u00e9tat de la soci\u00e9t\u00e9 fran\u00e7aise pr\u00e9sente des aspects tr\u00e8s inqui\u00e9tants o\u00f9 se combine une x\u00e9nophobie massive et un recul des valeurs de solidarit\u00e9 et d\u2019\u00e9galit\u00e9 comme le montrent les enqu\u00eates du Cr\u00e9doc.\u00a0<\/b><\/h3>\n<h3 style=\"text-align: justify;\"><b>La gauche, comprise ici non pas comme ses composantes partidaires mais comme courant porteur des valeurs d\u2019\u00e9galit\u00e9, de solidarit\u00e9 et de libert\u00e9, est aujourd\u2019hui menac\u00e9e dans son existence m\u00eame. Un gouvernement qui s\u2019en r\u00e9clame est en train de s\u2019attaquer aux libert\u00e9s publiques, retrouvant ainsi la matrice moll\u00e9tiste.\u00a0<\/b><\/h3>\n<h3 style=\"text-align: justify;\"><b>Le mot gauche lui-m\u00eame semble ne plus avoir de sens pour une partie non n\u00e9gligeable de l\u2019\u00e9lectorat. Sa refondation politique et programmatique s\u2019av\u00e8re incontournable sous peine de marginalisation durable ou m\u00eame de disparition pure et simple. Une telle refondation ne peut venir d\u2019une force politique particuli\u00e8re. Elle ne peut \u00eatre que l\u2019objet d\u2019un processus de d\u00e9bat, de confrontation qui d\u00e9passe les forces politiques existantes et implique les citoyen-nes. Il ne s\u2019agit pas de nier l\u2019importance des forces politiques existantes. M\u00eames tr\u00e8s affaiblies, elles restent un lieu indispensable de la vie citoyenne. Mais de simples accords d\u2019appareils ne peuvent aujourd\u2019hui cr\u00e9er la dynamique n\u00e9cessaire pour reconfigurer le champ politique et construire une nouvelle offre politique \u00e0 gauche.\u00a0<\/b><\/h3>\n<h3 style=\"text-align: justify;\"><b>Il faut donc engager un processus in\u00e9dit avec toutes celles et tous ceux, encart\u00e9s ou pas, qui sont oppos\u00e9s \u00e0 la politique actuelle et qui refusent les perspectives mortif\u00e8res de la droite et de l\u2019extr\u00eame droite. L\u2019\u00e9lection pr\u00e9sidentielle de 2017 peut \u00eatre un moment de cette refondation avec une candidate ou un candidat qui serait issu de ce processus. Plus facile \u00e0 dire qu\u2019\u00e0 faire, mais le pire serait de ne pas le tenter. <\/b><\/h3>\n<gcse:search><\/gcse:search>","protected":false},"excerpt":{"rendered":"<p>Le premier tour des \u00e9lections r\u00e9gionales a confirm\u00e9, sous fond d\u2019abstention massive que le FN est aujourd\u2019hui le premier parti de France, faisant dans certaines r\u00e9gions des scores consid\u00e9rables. Le vote FN est certes le produit de la destruction du tissu social, de la peur du d\u00e9classement et plus globalement de l\u2019avenir. Mais c\u2019est la [&hellip;]<\/p>\n","protected":false},"author":1,"featured_media":0,"comment_status":"open","ping_status":"open","sticky":false,"template":"","format":"standard","meta":{"footnotes":""},"categories":[217,173,1],"tags":[117,192,417],"class_list":["post-16679","post","type-post","status-publish","format-standard","hentry","category-libertes","category-no-pasaran","category-non-classe","tag-democratie","tag-elections-2","tag-extreme-droite"],"_links":{"self":[{"href":"https:\/\/alternatifs81.fr\/index.php?rest_route=\/wp\/v2\/posts\/16679","targetHints":{"allow":["GET"]}}],"collection":[{"href":"https:\/\/alternatifs81.fr\/index.php?rest_route=\/wp\/v2\/posts"}],"about":[{"href":"https:\/\/alternatifs81.fr\/index.php?rest_route=\/wp\/v2\/types\/post"}],"author":[{"embeddable":true,"href":"https:\/\/alternatifs81.fr\/index.php?rest_route=\/wp\/v2\/users\/1"}],"replies":[{"embeddable":true,"href":"https:\/\/alternatifs81.fr\/index.php?rest_route=%2Fwp%2Fv2%2Fcomments&post=16679"}],"version-history":[{"count":0,"href":"https:\/\/alternatifs81.fr\/index.php?rest_route=\/wp\/v2\/posts\/16679\/revisions"}],"wp:attachment":[{"href":"https:\/\/alternatifs81.fr\/index.php?rest_route=%2Fwp%2Fv2%2Fmedia&parent=16679"}],"wp:term":[{"taxonomy":"category","embeddable":true,"href":"https:\/\/alternatifs81.fr\/index.php?rest_route=%2Fwp%2Fv2%2Fcategories&post=16679"},{"taxonomy":"post_tag","embeddable":true,"href":"https:\/\/alternatifs81.fr\/index.php?rest_route=%2Fwp%2Fv2%2Ftags&post=16679"}],"curies":[{"name":"wp","href":"https:\/\/api.w.org\/{rel}","templated":true}]}}