{"id":16462,"date":"2015-11-13T18:19:44","date_gmt":"2015-11-13T17:19:44","guid":{"rendered":"http:\/\/alternatifs81.fr\/?p=16462"},"modified":"2015-12-11T11:51:08","modified_gmt":"2015-12-11T10:51:08","slug":"la-confederation-paysanne-et-via-campesina-nous-invitent-a-nous-mobiliser-pour-lagriculture-paysanne-et-la-souverainete-alimentaire","status":"publish","type":"post","link":"https:\/\/alternatifs81.fr\/?p=16462","title":{"rendered":"La Conf\u00e9d\u00e9ration Paysanne et Via Campesina nous invitent \u00e0 nous mobiliser pour l&rsquo;Agriculture Paysanne et la Souverainet\u00e9 Alimentaire"},"content":{"rendered":"<h3 style=\"text-align: justify;\">Programme des manifestations :<\/h3>\n<h3 style=\"text-align: justify;\"><a href=\"http:\/\/alternatifs81.fr\/wp-content\/uploads\/200px-Logo_conf\u00e9d\u00e9ration_paysanne1.jpg\" rel=\"lightbox[16462]\"><img loading=\"lazy\" decoding=\"async\" class=\"alignleft wp-image-15982 size-full\" src=\"http:\/\/alternatifs81.fr\/wp-content\/uploads\/200px-Logo_conf\u00e9d\u00e9ration_paysanne1.jpg\" alt=\"200px-Logo_conf\u00e9d\u00e9ration_paysanne\" width=\"200\" height=\"165\" \/><\/a>La Conf\u00e9d\u00e9ration Paysanne avec la Via Campesina est impliqu\u00e9e et suit depuis le d\u00e9but la coalition climat 21 qui vise \u00e0 organiser et faire converger les mobilisations de la soci\u00e9t\u00e9 civile et des mouvements sociaux pour les renforcer.<\/h3>\n<h3 style=\"text-align: justify;\">\u25a0 28 et 29 novembre, grandes marches \u00e0 Paris et dans toutes les grandes villes du monde. En particulier \u00e0 Toulouse le 28.<\/h3>\n<h3 style=\"text-align: justify;\">\u25a0 week-end des 5 et 6 d\u00e9cembre Sommet Citoyen pour le Climat \u00e0 Montreuil. La Conf\u00e9d\u00e9ration paysanne et la Via Campesina y participerons par le biais de conf\u00e9rences, ateliers, etc. Les Amis de la Conf\u00e9d\u00e9ration paysanne y organisent un grand march\u00e9 paysan.<\/h3>\n<h3 style=\"text-align: justify;\">\u25a0 La Conf\u00e9d\u00e9ration Paysanne et la Via Campesina feront du mercredi 9 d\u00e9cembre la \u00ab Journ\u00e9e de l&rsquo;Agriculture Paysanne et de la souverainet\u00e9 alimentaire \u00bb. Cette journ\u00e9e sera aussi l&rsquo;occasion de d\u00e9noncer les fausses solutions et les fossoyeurs du climat !<\/h3>\n<h3 style=\"text-align: justify;\">\u25a0 12 d\u00e9cembre, convergence des mouvements sociaux et des actions de d\u00e9sob\u00e9issance civile. Nous appelons les paysans et paysannes \u00e0 se mobiliser en masse sur cette journ\u00e9e afin de renforcer la r\u00e9sistance contre les fausses solutions et d\u00e9fendre la souverainet\u00e9 alimentaire !<\/h3>\n<h3 style=\"text-align: justify;\">La mobilisation des paysan-ne-s du monde vise \u00e0 porter le projet de souverainet\u00e9 alimentaire \u00e0 m\u00eame de faire face au d\u00e9fi du changement climatique. Pour cela la lutte contre les fausses solutions qui font dispara\u00eetre paysans et paysannes est une n\u00e9cessit\u00e9<\/h3>\n<gcse:search><\/gcse:search>","protected":false},"excerpt":{"rendered":"<p>Programme des manifestations : La Conf\u00e9d\u00e9ration Paysanne avec la Via Campesina est impliqu\u00e9e et suit depuis le d\u00e9but la coalition climat 21 qui vise \u00e0 organiser et faire converger les mobilisations de la soci\u00e9t\u00e9 civile et des mouvements sociaux pour les renforcer. \u25a0 28 et 29 novembre, grandes marches \u00e0 Paris et dans toutes les [&hellip;]<\/p>\n","protected":false},"author":1,"featured_media":0,"comment_status":"open","ping_status":"open","sticky":false,"template":"","format":"standard","meta":{"footnotes":""},"categories":[154],"tags":[381,103,169,23],"class_list":["post-16462","post","type-post","status-publish","format-standard","hentry","category-agriculture","tag-changement-climatique","tag-demarche-citoyenne","tag-ecologie-2","tag-luttes"],"_links":{"self":[{"href":"https:\/\/alternatifs81.fr\/index.php?rest_route=\/wp\/v2\/posts\/16462","targetHints":{"allow":["GET"]}}],"collection":[{"href":"https:\/\/alternatifs81.fr\/index.php?rest_route=\/wp\/v2\/posts"}],"about":[{"href":"https:\/\/alternatifs81.fr\/index.php?rest_route=\/wp\/v2\/types\/post"}],"author":[{"embeddable":true,"href":"https:\/\/alternatifs81.fr\/index.php?rest_route=\/wp\/v2\/users\/1"}],"replies":[{"embeddable":true,"href":"https:\/\/alternatifs81.fr\/index.php?rest_route=%2Fwp%2Fv2%2Fcomments&post=16462"}],"version-history":[{"count":0,"href":"https:\/\/alternatifs81.fr\/index.php?rest_route=\/wp\/v2\/posts\/16462\/revisions"}],"wp:attachment":[{"href":"https:\/\/alternatifs81.fr\/index.php?rest_route=%2Fwp%2Fv2%2Fmedia&parent=16462"}],"wp:term":[{"taxonomy":"category","embeddable":true,"href":"https:\/\/alternatifs81.fr\/index.php?rest_route=%2Fwp%2Fv2%2Fcategories&post=16462"},{"taxonomy":"post_tag","embeddable":true,"href":"https:\/\/alternatifs81.fr\/index.php?rest_route=%2Fwp%2Fv2%2Ftags&post=16462"}],"curies":[{"name":"wp","href":"https:\/\/api.w.org\/{rel}","templated":true}]}}