{"id":16201,"date":"2015-10-17T09:17:40","date_gmt":"2015-10-17T08:17:40","guid":{"rendered":"http:\/\/alternatifs81.fr\/?p=16201"},"modified":"2015-10-17T09:17:40","modified_gmt":"2015-10-17T08:17:40","slug":"notre-dame-des-landes-preparation-dinterventions-de-milices-privees-anti-zad-par-copain44-adeca-acipa","status":"publish","type":"post","link":"https:\/\/alternatifs81.fr\/?p=16201","title":{"rendered":"Notre Dame des Landes : pr\u00e9paration d\u2019interventions de milices priv\u00e9es anti-ZAD ? &#8211; par Copain44, ADECA, ACIPA"},"content":{"rendered":"<h3 id=\"post-body-5983895557936990734\" class=\"post-body entry-content\" style=\"text-align: justify;\">\n<a href=\"http:\/\/alternatifs81.fr\/wp-content\/uploads\/473702.jpg\" rel=\"lightbox[16201]\"><img loading=\"lazy\" decoding=\"async\" class=\"alignleft wp-image-7091 size-medium\" src=\"http:\/\/alternatifs81.fr\/wp-content\/uploads\/473702-300x199.jpg\" alt=\"473702\" width=\"300\" height=\"199\" srcset=\"https:\/\/alternatifs81.fr\/wp-content\/uploads\/473702-300x199.jpg 300w, https:\/\/alternatifs81.fr\/wp-content\/uploads\/473702.jpg 476w\" sizes=\"auto, (max-width: 300px) 100vw, 300px\" \/><\/a><b>Nous avons \u00e9t\u00e9 inform\u00e9s dans la journ\u00e9e de rumeurs de pr\u00e9paration d\u2019une op\u00e9ration commando sur la ZAD de Notre-Dame-des-Landes, par des groupements de types milices priv\u00e9es issues des milieux du transport routier et\/ou du BTP pro a\u00e9roport.\u00a0<\/b><\/p>\n<p><b>\u00c0 Sivens, de telles actions violentes avaient \u00e9t\u00e9 port\u00e9es par des milices de la FNSEA et la pr\u00e9fecture du Tarn s\u2019\u00e9tait fait remarquer par son laisser-faire irresponsable.\u00a0<\/b><\/p>\n<p><b>Envisager, \u00e0 des fins de politique r\u00e9gionale, que le m\u00eame sc\u00e9nario puisse se reproduire ici, port\u00e9 par d&rsquo;autres organisations pro a\u00e9roport, rel\u00e8ve de l&rsquo;inconscience vu les enjeux et les mobilisations en place.\u00a0 <\/b><\/h3>\n<p><!--more--><\/p>\n<h3 class=\"post-body entry-content\" style=\"text-align: justify;\">\n<b>Toute tentative de passage en force directe ou indirecte rencontrera notre d\u00e9termination, ici et sur l&rsquo;ensemble du territoire national. En pleine p\u00e9riode de r\u00e9flexion sur le climat, au lieu de traiter le vrai d\u00e9bat : \u00ab <i>Faut-il gaspiller l\u2019argent public et d\u00e9truire une zone humide pour d\u00e9placer un a\u00e9roport tr\u00e8s performant ? <\/i>\u00bb, certains candidats aux \u00e9lections r\u00e9gionales et les pouvoirs en place &#8211; gouvernement et pr\u00e9fecture &#8211; pr\u00e9f\u00e8rent semer la peur et parler de zone de non droit \u00e0 \u00e9radiquer.\u00a0<\/b><\/p>\n<p><b>Toutes ces man\u0153uvres ont pour objectif d&rsquo;\u00e9luder le d\u00e9bat sur le fond du dossier pour entra\u00eener l&rsquo;opinion publique sur des questions de droit commun et de faits divers, bien marginales en regard de l&rsquo;importance des enjeux. Tous nos travaux, toutes nos \u00e9tudes d\u00e9montrent \u00e0 l&rsquo;\u00e9vidence l&rsquo;incoh\u00e9rence de ce projet, nous demandons donc toujours l&rsquo;annulation de la DUP et la prise en compte des vraies donn\u00e9es techniques du projet de Notre-Dame-des-Landes et du r\u00e9am\u00e9nagement de Nantes Atlantique.\u00a0<\/b><\/p>\n<p><span style=\"color: #0000ff;\"><b>Copain44 &#8211; ACIPA &#8211; ADEC,<em> le 16 octobre 2015<\/em> <\/b><\/span><\/h3>\n<div><span style=\"color: #0000ff;\">\u00a0<\/span><\/div>\n<p>&nbsp;<\/p>\n<div class=\"post-footer\">\n<h3 class=\"post-footer-line post-footer-line-1\" style=\"text-align: justify;\"><span class=\"post-icons\"> <span class=\"item-action\"> <a title=\"Envoyer l'article par e-mail\" href=\"https:\/\/www.blogger.com\/email-post.g?blogID=4403768413086716301&amp;postID=5983895557936990734\"> <img loading=\"lazy\" decoding=\"async\" class=\"icon-action\" src=\"http:\/\/img1.blogblog.com\/img\/icon18_email.gif\" alt=\"\" width=\"18\" height=\"13\" \/> <\/a> <\/span><\/span><\/h3>\n<\/div>\n<gcse:search><\/gcse:search>","protected":false},"excerpt":{"rendered":"<p>Nous avons \u00e9t\u00e9 inform\u00e9s dans la journ\u00e9e de rumeurs de pr\u00e9paration d\u2019une op\u00e9ration commando sur la ZAD de Notre-Dame-des-Landes, par des groupements de types milices priv\u00e9es issues des milieux du transport routier et\/ou du BTP pro a\u00e9roport.\u00a0 \u00c0 Sivens, de telles actions violentes avaient \u00e9t\u00e9 port\u00e9es par des milices de la FNSEA et la pr\u00e9fecture [&hellip;]<\/p>\n","protected":false},"author":1,"featured_media":0,"comment_status":"open","ping_status":"open","sticky":false,"template":"","format":"standard","meta":{"footnotes":""},"categories":[217],"tags":[23,204],"class_list":["post-16201","post","type-post","status-publish","format-standard","hentry","category-libertes","tag-luttes","tag-notre-dame-des-landes"],"_links":{"self":[{"href":"https:\/\/alternatifs81.fr\/index.php?rest_route=\/wp\/v2\/posts\/16201","targetHints":{"allow":["GET"]}}],"collection":[{"href":"https:\/\/alternatifs81.fr\/index.php?rest_route=\/wp\/v2\/posts"}],"about":[{"href":"https:\/\/alternatifs81.fr\/index.php?rest_route=\/wp\/v2\/types\/post"}],"author":[{"embeddable":true,"href":"https:\/\/alternatifs81.fr\/index.php?rest_route=\/wp\/v2\/users\/1"}],"replies":[{"embeddable":true,"href":"https:\/\/alternatifs81.fr\/index.php?rest_route=%2Fwp%2Fv2%2Fcomments&post=16201"}],"version-history":[{"count":0,"href":"https:\/\/alternatifs81.fr\/index.php?rest_route=\/wp\/v2\/posts\/16201\/revisions"}],"wp:attachment":[{"href":"https:\/\/alternatifs81.fr\/index.php?rest_route=%2Fwp%2Fv2%2Fmedia&parent=16201"}],"wp:term":[{"taxonomy":"category","embeddable":true,"href":"https:\/\/alternatifs81.fr\/index.php?rest_route=%2Fwp%2Fv2%2Fcategories&post=16201"},{"taxonomy":"post_tag","embeddable":true,"href":"https:\/\/alternatifs81.fr\/index.php?rest_route=%2Fwp%2Fv2%2Ftags&post=16201"}],"curies":[{"name":"wp","href":"https:\/\/api.w.org\/{rel}","templated":true}]}}