{"id":16053,"date":"2015-09-27T16:06:26","date_gmt":"2015-09-27T15:06:26","guid":{"rendered":"http:\/\/alternatifs81.fr\/?p=16053"},"modified":"2015-09-27T16:06:26","modified_gmt":"2015-09-27T15:06:26","slug":"grece-declaration-du-conseil-politique-de-lunite-populaire","status":"publish","type":"post","link":"https:\/\/alternatifs81.fr\/?p=16053","title":{"rendered":"GRECE : D\u00e9claration du Conseil Politique de l\u2019Unit\u00e9 Populaire."},"content":{"rendered":"<h3 class=\"article-header\" style=\"text-align: justify;\"><b><a href=\"http:\/\/alternatifs81.fr\/wp-content\/uploads\/11952743_867821706635783_8407567187132757453_o.jpg\" rel=\"lightbox[16053]\"><img loading=\"lazy\" decoding=\"async\" class=\"alignleft wp-image-16055 size-full\" src=\"http:\/\/alternatifs81.fr\/wp-content\/uploads\/11952743_867821706635783_8407567187132757453_o.jpg\" alt=\"11952743_867821706635783_8407567187132757453_o\" width=\"260\" height=\"85\" \/><\/a>1. Le Conseil Politique de l\u2019Unit\u00e9 Populaire s\u2019est r\u00e9uni pour faire une premi\u00e8re \u00e9valuation du r\u00e9sultat \u00e9lectoral et \u00e9laborer le programme d\u2019action jusqu\u2019\u00e0 la fin de l\u2019ann\u00e9e.<\/b><b> <\/b><\/h3>\n<h3 class=\"article-content entry-content\" style=\"text-align: justify;\"><b><span lang=\"fr-FR\">Le Conseil Politique adresse ses chaleureux remerciements aux 155 000 citoyens qui ont soutenu par leur vote l\u2019Unit\u00e9 Populaire, rejetant ainsi le chantage politique et affectif et d\u00e9passant la tentative d\u2019imposition de la terreur sur le corps \u00e9lectoral. Il salue les membres et amis de l\u2019Unit\u00e9 Populaire, qui ont livr\u00e9 la bataille \u00e9lectorale avec abn\u00e9gation et altruisme. Cette contribution \u00e0 la lutte nous charge de responsabilit\u00e9s et renforce notre d\u00e9termination \u00e0 poursuivre l\u2019effort que nous venons d\u2019amorcer. <\/span><\/b><br \/>\n<b> <\/b><br \/>\n<b><span lang=\"fr-FR\">2. Le r\u00e9sultat \u00e9lectoral refl\u00e8te la d\u00e9sillusion et la confusion qu\u2019a suscit\u00e9es dans une grande partie des couches populaires l\u2019imposition du troisi\u00e8me M\u00e9morandum. Le fait que cette gravissime d\u00e9faite soit survenue tout de suite apr\u00e8s le grand \u2026 du \u00ab\u00a0OXI\u00a0\u00bb et ait \u00e9t\u00e9 conclue par des dirigeants qui parlent au nom de la Gauche, a donn\u00e9 plus encore de force \u00e0 la logique du\u00a0 \u00ab\u00a0il n\u2019existe pas d\u2019alternative\u00a0\u00bb.\u00a0 <\/span><\/b><br \/>\n<b> <\/b><\/h3>\n<p><!--more--><\/p>\n<h3 class=\"article-content entry-content\" style=\"text-align: justify;\"><b><span lang=\"fr-FR\">Le Parlement actuel est domin\u00e9, de fa\u00e7on \u00e9crasante, par les forces qui soutiendront la mise en \u0153uvre du troisi\u00e8me M\u00e9morandum et des lois d\u2019application.\u00a0L\u2019augmentation du pourcentage de voix donn\u00e9es \u00e0 l\u2019Aube Dor\u00e9e n\u00e9onazie constitue une mise en garde inqui\u00e9tante. La force qui lutte pour une solution militante, radicale, alternative pour aujourd\u2019hui et non pour un lointain avenir, l\u2019Unit\u00e9 Populaire, est rest\u00e9e, pour peu de voix, hors du Parlement. <\/span><\/b><br \/>\n<b> <\/b><br \/>\n<b><span lang=\"fr-FR\">3. Le r\u00e9sultat \u00e9lectoral de l\u2019Unit\u00e9 Populaire est fort loin de nos attentes. Cela s\u2019explique par d\u2019\u00e9vidents facteurs objectifs. Il \u00e9tait in\u00e9vitable qu\u2019une formation politique n\u00e9e 28 jours tout juste avant les \u00e9lections express, sans moyens financiers, faisant face \u00e0 l\u2019hostilit\u00e9 de la quasi-totalit\u00e9 des medias, rencontre d\u2019\u00e9normes probl\u00e8mes d\u2019organisation et de communication.\u00a0<\/span><\/b><\/h3>\n<h3 style=\"text-align: justify;\"><b> <\/b><b><span lang=\"fr-FR\">Cependant, \u00e0 ces facteurs objectifs sont venus s\u2019adjoindre des insuffisances, des faiblesses et des d\u00e9faillances de notre campagne \u00e9lectorale. Nous avons sous-estim\u00e9 la d\u00e9sillusion qu\u2019a caus\u00e9e \u00e0 une large partie du peuple du \u00ab\u00a0OXI\u00a0\u00bb la capitulation du 13 juillet, ce qui a conduit vers l\u2019abstention une grande partie du corps \u00e9lectoral et particuli\u00e8rement de la jeunesse. Nous n\u2019avons pas pris \u00e0 temps la mesure de la pression qu\u2019exer\u00e7ait sur certains citoyens de gauche l\u2019image artificielle et mensong\u00e8re d\u2019un \u00ab\u00a0derby\u00a0\u00bb entre le SYRIZA et la Nouvelle D\u00e9mocratie, ainsi que le risque de nous retrouver hors du Parlement. Il y a eu des lacunes d\u00e9terminantes dans la mise \u00e0 jour des mesures antipopulaires du troisi\u00e8me m\u00e9morandum, et particuli\u00e8rement dans l\u2019\u00e9laboration et la promotion de notre proposition alternative et radicale pour mettre un terme \u00e0 l\u2019aust\u00e9rit\u00e9, la mise en valeur d\u2019un nouveau mod\u00e8le de production et de croissance sociale et la redistribution de la richesse, avec pour horizon le socialisme.\u00a0<\/span><\/b><\/h3>\n<h3 style=\"text-align: justify;\"><b><span lang=\"fr-FR\">Notre proposition comprend (en tant qu\u2019outil, et non comme un but en soi) la sortie de la zone euro avec l\u2019\u00e9laboration d\u2019une monnaie nationale, position difficile \u00e0 argumenter de fa\u00e7on convaincante au c\u0153ur d\u2019une campagne pr\u00e9\u00e9lectorale de d\u00e9sinformation, usant et abusant du th\u00e8me de la catastrophe, de la part de toutes les forces syst\u00e9miques, ce qui a cr\u00e9\u00e9 de s\u00e9rieux obstacles au d\u00e9veloppement de notre poids \u00e9lectoral. Des probl\u00e8mes plus g\u00e9n\u00e9raux de physionomie et d\u2019identit\u00e9 ont \u00e9galement jou\u00e9 leur r\u00f4le. <\/span><\/b><br \/>\n<b> <\/b><br \/>\n<b><span lang=\"fr-FR\">Le d\u00e9bat au sein des comit\u00e9s locaux de l\u2019Unit\u00e9 Populaire viendra enrichir la r\u00e9flexion fertile dans un esprit d\u2019autocritique, mais aussi avec la conviction que si nous avons perdu une bataille, nous n\u2019avons pas perdu la guerre. Le poids politique et le rayonnement moral de l\u2019Unit\u00e9 Populaire sont bien plus larges que ne le laisse voir son premier enregistrement \u00e9lectoral. En un temps minimum, nous avons rassembl\u00e9 autour de nous un nombre remarquable de militants exp\u00e9riment\u00e9s et de jeunes, qui constituent une garantie pour le futur de nos efforts. <\/span><\/b><br \/>\n<b> <\/b><br \/>\n<b><span lang=\"fr-FR\">4. En d\u00e9pit du r\u00e9sultat n\u00e9gatif, pour le peuple, le r\u00e9gime m\u00e9morandaire ne s\u2019est pas stabilis\u00e9 et il ne lui sera pas ais\u00e9 de se stabiliser dans le futur imm\u00e9diat. \u00c9conomiquement, le troisi\u00e8me M\u00e9morandum \u00e9chouera, comme ont \u00e9chou\u00e9 les pr\u00e9c\u00e9dents, \u00e0 conduire vers une forme, quelle qu\u2019elle soit, de stabilisation \u2013 croissance. Socialement, il provoquera de nouvelles catastrophes et de nouvelles r\u00e9actions, avec les mesures d\u2019une s\u00e9v\u00e9rit\u00e9 extr\u00eame qui sont d\u00e9j\u00e0 \u00e0 notre porte\u00a0\u2013 pillage fiscal, r\u00e9gime des retraites et de s\u00e9curit\u00e9 sociale, baisses des salaires, droit du travail, annulation de la mesure pour le remboursement des dettes en 100 versements, bradage des biens publics, etc. Mais au plan politique aussi, la situation est bien plus instable que ce qu\u2019il n\u2019y para\u00eet une fois jet\u00e9 un premier coup d\u2019\u0153il aux rapports de force n\u00e9gatifs au sein du parlement.\u00a0<\/span><\/b><\/h3>\n<h3 style=\"text-align: justify;\"><b> <\/b><b><span lang=\"fr-FR\">Plus de 800 000 des citoyens qui avaient vot\u00e9 en janvier ne se sont pas rendus aux urnes pour ce scrutin-ci \u2013 abstention qui refl\u00e8te des tendances de renonciation, mais aussi, pour une large part, de rejet de la capitulation m\u00e9morandaire et du r\u00e9gime politique bourgeois, f\u00fbt-ce par des voies diff\u00e9rentes de celles que nous voudrions voir. <\/span><\/b><br \/>\n<b> <\/b> <b><span lang=\"fr-FR\">Les partis pro m\u00e9morandum, anciens et nouveaux, ont perdu plus de 900 000 voix.\u00a0<\/span><\/b><\/h3>\n<h3 style=\"text-align: justify;\"><b><span lang=\"fr-FR\">Plus de 550 000 ont fait confiance \u00e0 des bulletins de gauche, anti m\u00e9morandum et communistes. Mais une grande partie des \u00e9lecteurs, membres et cadres du Syriza est \u00e9galement loin d\u2019\u00eatre d\u2019accord avec sa mutation m\u00e9morandaire, social d\u00e9mocrate.\u00a0<\/span><\/b><\/h3>\n<h3 style=\"text-align: justify;\"><b><span lang=\"fr-FR\">L\u2019Unit\u00e9 Populaire s\u2019adressera sans pr\u00e9jug\u00e9s \u00e0 tous ces hommes et femmes, dans le but de parvenir \u00e0 la plus large unit\u00e9 d\u2019action possible dans les luttes sociales et politiques et dans le d\u00e9bat pour le pr\u00e9sent et l\u2019avenir de la Gauche. <\/span><\/b><br \/>\n<b> <\/b><br \/>\n<b><span lang=\"fr-FR\">5. Le Conseil Politique de l\u2019Unit\u00e9 Populaire va inaugurer un cycle de discussions publiques, ouvertes \u00e0 tous. Elle appelle \u00e0 une rencontre panhell\u00e9nique des repr\u00e9sentants de ses comit\u00e9s locaux, en vue d\u2019\u00e9valuer le r\u00e9sultat \u00e9lectoral et de dessiner le programme d\u2019action, dans le courant du mois d\u2019octobre. De plus, le Conseil Politique a pris des mesures pour la pr\u00e9paration du premier corps repr\u00e9sentatif constituant de l\u2019Unit\u00e9 Populaire, qui aura lieu dans les prochains mois. Enfin, il a abouti \u00e0 des mesures visant au soutien rapide du d\u00e9veloppement organisationnel, de l\u2019intervention en mati\u00e8re de communication et de l\u2019action de l\u2019Unit\u00e9 Populaire dans des espaces sociaux d\u00e9terminants.<\/span><\/b><\/h3>\n<h3 style=\"text-align: justify;\"><b> <\/b><span style=\"color: #0000ff;\"><b>Traduction :Marie-Laure Veihlan<\/b><\/span><\/h3>\n<h3 style=\"text-align: justify;\"><b>\u00a0<a href=\"http:\/\/unitepopulaire-fr.org\/\">http:\/\/unitepopulaire-fr.org<\/a><\/b><\/h3>\n<gcse:search><\/gcse:search>","protected":false},"excerpt":{"rendered":"<p>1. Le Conseil Politique de l\u2019Unit\u00e9 Populaire s\u2019est r\u00e9uni pour faire une premi\u00e8re \u00e9valuation du r\u00e9sultat \u00e9lectoral et \u00e9laborer le programme d\u2019action jusqu\u2019\u00e0 la fin de l\u2019ann\u00e9e. Le Conseil Politique adresse ses chaleureux remerciements aux 155 000 citoyens qui ont soutenu par leur vote l\u2019Unit\u00e9 Populaire, rejetant ainsi le chantage politique et affectif et d\u00e9passant [&hellip;]<\/p>\n","protected":false},"author":1,"featured_media":0,"comment_status":"open","ping_status":"open","sticky":false,"template":"","format":"standard","meta":{"footnotes":""},"categories":[147],"tags":[103,117,192,205],"class_list":["post-16053","post","type-post","status-publish","format-standard","hentry","category-international","tag-demarche-citoyenne","tag-democratie","tag-elections-2","tag-grece"],"_links":{"self":[{"href":"https:\/\/alternatifs81.fr\/index.php?rest_route=\/wp\/v2\/posts\/16053","targetHints":{"allow":["GET"]}}],"collection":[{"href":"https:\/\/alternatifs81.fr\/index.php?rest_route=\/wp\/v2\/posts"}],"about":[{"href":"https:\/\/alternatifs81.fr\/index.php?rest_route=\/wp\/v2\/types\/post"}],"author":[{"embeddable":true,"href":"https:\/\/alternatifs81.fr\/index.php?rest_route=\/wp\/v2\/users\/1"}],"replies":[{"embeddable":true,"href":"https:\/\/alternatifs81.fr\/index.php?rest_route=%2Fwp%2Fv2%2Fcomments&post=16053"}],"version-history":[{"count":0,"href":"https:\/\/alternatifs81.fr\/index.php?rest_route=\/wp\/v2\/posts\/16053\/revisions"}],"wp:attachment":[{"href":"https:\/\/alternatifs81.fr\/index.php?rest_route=%2Fwp%2Fv2%2Fmedia&parent=16053"}],"wp:term":[{"taxonomy":"category","embeddable":true,"href":"https:\/\/alternatifs81.fr\/index.php?rest_route=%2Fwp%2Fv2%2Fcategories&post=16053"},{"taxonomy":"post_tag","embeddable":true,"href":"https:\/\/alternatifs81.fr\/index.php?rest_route=%2Fwp%2Fv2%2Ftags&post=16053"}],"curies":[{"name":"wp","href":"https:\/\/api.w.org\/{rel}","templated":true}]}}