{"id":15920,"date":"2015-09-09T22:16:41","date_gmt":"2015-09-09T21:16:41","guid":{"rendered":"http:\/\/alternatifs81.fr\/?p=15920"},"modified":"2015-09-27T10:10:49","modified_gmt":"2015-09-27T09:10:49","slug":"se-passer-de-patron-chiche-le-26-septembre-a-graulhet-81","status":"publish","type":"post","link":"https:\/\/alternatifs81.fr\/?p=15920","title":{"rendered":"\u00ab\u00a0Se passer de patron? Chiche !\u00a0\u00bb. Le 26 septembre  \u00e0 GRAULHET (81)"},"content":{"rendered":"<h3 style=\"text-align: justify;\"><a href=\"http:\/\/alternatifs81.fr\/wp-content\/uploads\/patron-coul-derni\u00e8re-version.jpg\" rel=\"lightbox[15920]\"><img loading=\"lazy\" decoding=\"async\" class=\"alignleft wp-image-15923 size-medium\" src=\"http:\/\/alternatifs81.fr\/wp-content\/uploads\/patron-coul-derni\u00e8re-version-212x300.jpg\" alt=\"patron coul derni\u00e8re version\" width=\"212\" height=\"300\" srcset=\"https:\/\/alternatifs81.fr\/wp-content\/uploads\/patron-coul-derni\u00e8re-version-212x300.jpg 212w, https:\/\/alternatifs81.fr\/wp-content\/uploads\/patron-coul-derni\u00e8re-version-724x1024.jpg 724w\" sizes=\"auto, (max-width: 212px) 100vw, 212px\" \/><\/a><span style=\"font-size: large;\"><b><span style=\"font-family: 'Times New Roman','serif';\">Cr\u00e9\u00e9 en 2011, le Collectif Marinaleda 81 a, pour son coup d\u2019essai, fait venir Juan Manuel Sanchez Gordillo, maire de Marinaleda,\u00a0une bourgade andalouse pr\u00e8s de S\u00e9ville. Un coup de ma\u00eetre\u00a0: plus de huit cents personnes venues de toute la r\u00e9gion ont particip\u00e9 \u00e0 l\u2019une ou l\u2019autre des activit\u00e9s pr\u00e9vues au programme, voire \u00e0 toutes\u00a0! Le d\u00e9bat central tournait autour des questions suivantes\u00a0: ce mod\u00e8le politique est-il transposable\u00a0? Avec quelle prise en compte des questions environnementales\u00a0?<\/span><\/b><\/span><\/h3>\n<h3 style=\"margin: 0px; line-height: normal; text-align: justify;\"><span style=\"font-size: large;\"><b><span style=\"font-family: 'Times New Roman','serif';\">Ce succ\u00e8s en appelant d\u2019autres, en septembre 2012, nous avons discut\u00e9 autour de l\u2019exp\u00e9rience de la Coop\u00e9rative Int\u00e9grale Catalane puis, en septembre 2013, l\u2019autogestion municipale et la d\u00e9mocratie active \u00e9taient au centre de la r\u00e9flexion et des d\u00e9bats.<\/span><\/b><\/span><\/h3>\n<p>&nbsp;<\/p>\n<h3 style=\"margin: 0px; line-height: normal; text-align: justify;\"><span style=\"font-size: large;\"><b><span style=\"font-family: 'Times New Roman','serif';\">Cette ann\u00e9e, le 26 septembre prochain, le th\u00e8me choisi est\u00a0: \u00ab\u00a0Se passer de patron? Chiche\u00a0!\u00a0\u00bb. <\/span><\/b><\/span><\/h3>\n<h3 style=\"margin: 0px; line-height: normal; text-align: justify;\"><span style=\"font-size: large;\"><b><span style=\"font-family: 'Times New Roman','serif';\">Nos invit\u00e9s sont tous des acteurs dans ce domaine. <\/span><\/b><\/span><\/h3>\n<h3 style=\"margin: 0px; line-height: normal; text-align: justify;\"><span style=\"font-size: large;\"><b><span style=\"font-family: 'Times New Roman','serif';\">Ils ont repris leur entreprise ou ont cr\u00e9\u00e9 la leur. Leur point commun\u00a0? Prendre collectivement en charge leur travail, son sens, son organisation, la production, la commercialisation. Y associer d\u2019autres producteurs, les clientEs devenuEs usagerEs. Prendre en charge leur environnement, leur avenir, leurs vies. <\/span><\/b><\/span><\/h3>\n<h3 style=\"margin: 0px; line-height: normal; text-align: justify;\"><span style=\"font-size: large;\"><b><span style=\"font-family: 'Times New Roman','serif';\">C\u2019est autour de ces questions que nous pourrons nous informer et \u00e9changer, autour de stands le matin, dans des ateliers de discussions l\u2019apr\u00e8s-midi, samedi 26 septembre au Foyer Leo Lagrange \u00e0 GRAULHET, \u00e0 partir de 9h 30. <\/span><\/b><\/span><\/h3>\n<p>&nbsp;<\/p>\n<h3 style=\"text-align: justify;\">Participeront,t\u00e9moigneront, animeront des ateliers:<\/h3>\n<h3 style=\"text-align: justify;\">&#8211; Les coop\u00e9rateurs audois de \u00ab\u00a0La Coop\u00e9rative du Sud\u00a0\u00bb(ex-Pilpa) qui ont repris apr\u00e8s deux ans de luttes, leur fabrique de glaces<\/h3>\n<h3 style=\"text-align: justify;\">&#8211; les coop\u00e9rateurs de la Soci\u00e9t\u00e9 Coop\u00e9rative Ouvri\u00e8re Proven\u00e7ale de Th\u00e9s et Infusions, qui apr\u00e8s 4 ans des luttes ont repris leur usine (Fralib, les th\u00e9s de l\u2019\u00c9l\u00e9phant)<\/h3>\n<h3 style=\"text-align: justify;\">&#8211; la \u00ab\u00a0Chouette Coop\u00a0\u00bb, projet de \u00ab\u00a0supermarch\u00e9 coop\u00e9ratif\u00a0\u00bb \u00e0 Toulouse.<\/h3>\n<h3 style=\"text-align: justify;\">-Archibrazo (Centre Social argentin autog\u00e9r\u00e9)<\/h3>\n<h3 style=\"text-align: justify;\">&#8211; la Coop\u00e9rative Int\u00e9grale Toulousaine.<\/h3>\n<h3 style=\"text-align: justify;\">&#8211; Charles PIAGET, qui fut un des animateurs de la lutte des LIP en 1972-73 est attendu \u00e9galement (<em>sous r\u00e9serves<\/em>)<\/h3>\n<h3 style=\"text-align: justify;\">\u00a0d&rsquo;autres exp\u00e9rimentations men\u00e9es dans la r\u00e9gion seront pr\u00e9sentes. Leurs membres\u00a0 t\u00e9moigneront \u00e9galement.<\/h3>\n<h3 style=\"text-align: justify;\"><span style=\"font-size: large;\"><b><span style=\"font-family: 'Times New Roman','serif';\">La journ\u00e9e se terminera, en soir\u00e9e, autour du nouveau film de Yannis YOULOUNTAS, \u00abJe lutte donc je suis\u00bb<\/span><\/b><\/span><\/h3>\n<h3 style=\"text-align: justify;\">http:\/\/confluences81.fr\/category\/actu\/collectif-marinaleda-81\/<\/h3>\n<h3 style=\"text-align: justify;\"><\/h3>\n<p>&nbsp;<\/p>\n<p style=\"margin: 0px; text-align: justify; line-height: normal;\"><span style=\"font-size: large;\"><b><span style=\"font-family: 'Times New Roman','serif';\">\u00a0<\/span><\/b><\/span><\/p>\n<gcse:search><\/gcse:search>","protected":false},"excerpt":{"rendered":"<p>Cr\u00e9\u00e9 en 2011, le Collectif Marinaleda 81 a, pour son coup d\u2019essai, fait venir Juan Manuel Sanchez Gordillo, maire de Marinaleda,\u00a0une bourgade andalouse pr\u00e8s de S\u00e9ville. Un coup de ma\u00eetre\u00a0: plus de huit cents personnes venues de toute la r\u00e9gion ont particip\u00e9 \u00e0 l\u2019une ou l\u2019autre des activit\u00e9s pr\u00e9vues au programme, voire \u00e0 toutes\u00a0! Le [&hellip;]<\/p>\n","protected":false},"author":1,"featured_media":0,"comment_status":"open","ping_status":"open","sticky":false,"template":"","format":"standard","meta":{"footnotes":""},"categories":[391,15,4,348,6],"tags":[398,103,117,23],"class_list":["post-15920","post","type-post","status-publish","format-standard","hentry","category-alternatives-et-autogestion","category-autogestion","category-confluences81","category-construire-des-alternatives","category-notre-projet","tag-autogestion","tag-demarche-citoyenne","tag-democratie","tag-luttes"],"_links":{"self":[{"href":"https:\/\/alternatifs81.fr\/index.php?rest_route=\/wp\/v2\/posts\/15920","targetHints":{"allow":["GET"]}}],"collection":[{"href":"https:\/\/alternatifs81.fr\/index.php?rest_route=\/wp\/v2\/posts"}],"about":[{"href":"https:\/\/alternatifs81.fr\/index.php?rest_route=\/wp\/v2\/types\/post"}],"author":[{"embeddable":true,"href":"https:\/\/alternatifs81.fr\/index.php?rest_route=\/wp\/v2\/users\/1"}],"replies":[{"embeddable":true,"href":"https:\/\/alternatifs81.fr\/index.php?rest_route=%2Fwp%2Fv2%2Fcomments&post=15920"}],"version-history":[{"count":0,"href":"https:\/\/alternatifs81.fr\/index.php?rest_route=\/wp\/v2\/posts\/15920\/revisions"}],"wp:attachment":[{"href":"https:\/\/alternatifs81.fr\/index.php?rest_route=%2Fwp%2Fv2%2Fmedia&parent=15920"}],"wp:term":[{"taxonomy":"category","embeddable":true,"href":"https:\/\/alternatifs81.fr\/index.php?rest_route=%2Fwp%2Fv2%2Fcategories&post=15920"},{"taxonomy":"post_tag","embeddable":true,"href":"https:\/\/alternatifs81.fr\/index.php?rest_route=%2Fwp%2Fv2%2Ftags&post=15920"}],"curies":[{"name":"wp","href":"https:\/\/api.w.org\/{rel}","templated":true}]}}