{"id":15916,"date":"2015-09-09T20:15:57","date_gmt":"2015-09-09T19:15:57","guid":{"rendered":"http:\/\/alternatifs81.fr\/?p=15916"},"modified":"2015-09-09T20:15:57","modified_gmt":"2015-09-09T19:15:57","slug":"attaques-de-foules-coordonnees-et-lynchages-contre-les-kurdes-dans-louest-de-la-turquie-appel-du-congres-national-du-kurdistan-knk","status":"publish","type":"post","link":"https:\/\/alternatifs81.fr\/?p=15916","title":{"rendered":"Attaques de foules coordonn\u00e9es et lynchages contre les Kurdes dans l\u2019ouest de la Turquie, appel du Congr\u00e8s National du Kurdistan (KNK)"},"content":{"rendered":"<div class=\"article-content entry-content\">\n<h3 class=\"separator\" style=\"text-align: justify;\"><a href=\"http:\/\/4.bp.blogspot.com\/-PplKYzmvVGw\/VfAdm5KfJyI\/AAAAAAAANTo\/QwxQxP3KwrQ\/s1600\/4971115_eff69a06958755cd5a74d5b218edb0a818031ee9_545x460_autocrop.jpg\" rel=\"lightbox[15916]\"><img loading=\"lazy\" decoding=\"async\" class=\"alignleft\" src=\"http:\/\/4.bp.blogspot.com\/-PplKYzmvVGw\/VfAdm5KfJyI\/AAAAAAAANTo\/QwxQxP3KwrQ\/s200\/4971115_eff69a06958755cd5a74d5b218edb0a818031ee9_545x460_autocrop.jpg\" alt=\"\" width=\"200\" height=\"132\" border=\"0\" \/><\/a><b>Des centaines de civils kurdes ont \u00e9t\u00e9 bless\u00e9s dans l\u2019ouest de la Turquie et plusieurs ont \u00e9t\u00e9 tu\u00e9s dans des attaques commises par des foules auxquelles la police a particip\u00e9.\u00a0<\/b><\/h3>\n<h3 style=\"text-align: justify;\"><b>Le Pr\u00e9sident turc Erdogan et son parti, l\u2019AKP, ont incit\u00e9 des groupes racistes, nationalistes et fascistes \u00e0 des manifestations violentes. Ceux-ci ont entrepris des actions de terreur contre les civils kurdes dans de nombreuses villes de l\u2019ouest de la Turquie, notamment \u00e0 Istanbul, Ankara, Kirsehir, Kocaeli, \u0130zmir, Balikesir, Malatya, Mulga, Mersin, Ke\u00e7i\u00f6ren, Tuzlu\u00e7ay\u0131r, Beypazar\u0131, Balgat, Isparta, Konya et Antalya. Ils ont men\u00e9 des attaques coordonn\u00e9es contre les maisons, commerces et \u00e9tablissements des Kurdes, ainsi que contre les bureaux du HDP.\u00a0<\/b><\/h3>\n<h3 style=\"text-align: justify;\"><b>Ces attaques durent depuis 48 heures. Des centaines de civils kurdes ont \u00e9t\u00e9 bless\u00e9s au cours de ces attaques et plusieurs ont \u00e9t\u00e9 tu\u00e9s. Des centaines de Kurdes sont par ailleurs bloqu\u00e9s dans diff\u00e9rents bureau du HDP o\u00f9 ils se sont r\u00e9fugi\u00e9s pour se prot\u00e9ger des lynchages de foule. Les groupes racistes ont d\u00e9moli les enseignes, cass\u00e9 les vitres et scand\u00e9 des slogans contre les Kurdes et le HDP. Cependant, la police turque n\u2019est pas intervenue pour faire cesser ces actes de terreur et de vandalisme.\u00a0\u00a0 <\/b><\/h3>\n<p><!--more--><\/p>\n<h3 style=\"text-align: justify;\"><b>Depuis le d\u00e9but de la guerre men\u00e9e par la Turquie contre les Kurdes, soit depuis 32 ans, c\u2019est la premi\u00e8re fois que l\u2019on assiste \u00e0 des violences commises \u00e0 une aussi large \u00e9chelle. Ces violences racistes et nationalistes sont directement et d\u00e9lib\u00e9r\u00e9ment provoqu\u00e9es par Erdogan et l\u2019AKP.\u00a0<\/b><\/h3>\n<h3 style=\"text-align: justify;\"><b>Il y a deux jours, Erdogan a officiellement ordonn\u00e9 aux forces de police de tirer \u00e0 vue sur tout civil consid\u00e9r\u00e9 comme repr\u00e9sentant une \u00ab menace \u00bb. Il a par ailleurs appel\u00e9 la population \u00e0 d\u00e9noncer tout individu jug\u00e9 \u00ab suspect \u00bb. Ceci refl\u00e8te une volont\u00e9 de diviser la soci\u00e9t\u00e9, d\u2019attiser les conflits interethniques et de stimuler le racisme anti-kurde.\u00a0<\/b><\/h3>\n<h3 style=\"text-align: justify;\"><b>Les violences contre les Kurdes sont planifi\u00e9es et coordonn\u00e9es via les r\u00e9seaux sociaux. En l\u2019espace de 48 heures, 128 bureaux du HDP ont \u00e9t\u00e9 attaqu\u00e9s, leurs enseignes ont \u00e9t\u00e9 d\u00e9truites et remplac\u00e9es par des drapeaux turcs. Plusieurs bureaux ont par ailleurs \u00e9t\u00e9 incendi\u00e9s.\u00a0<\/b><\/h3>\n<h3 style=\"text-align: justify;\"><b>Les groupes de violence ont stopp\u00e9 des bus de longue ligne et contr\u00f4l\u00e9 les identit\u00e9s de passagers afin d\u2019identifier ceux qui \u00e9taient kurdes. Quand les chauffeurs ont essay\u00e9 de poursuivre leur trajet afin d\u2019\u00e9chapper aux groupes enrag\u00e9s, la police est intervenue pour stopper les bus, exposant les chauffeurs et les passager \u00e0 davantage de violences.\u00a0<\/b><\/h3>\n<h3 style=\"text-align: justify;\"><b>A plusieurs reprises, on a vu la police participer aux attaques commises contre les Kurdes par les groupes fascistes. Les agressions contre les Kurdes se poursuivent dans les villes de l\u2019ouest, mena\u00e7ant des centaines de milliers de personnes.\u00a0<\/b><\/h3>\n<h3 style=\"text-align: justify;\"><b>Nous appelons la communaut\u00e9 internationale \u00e0 soutenir les Kurdes face \u00e0 ces agressions extr\u00eamement inqui\u00e9tantes men\u00e9es de fa\u00e7on coordonn\u00e9e et \u00e0 appeler imm\u00e9diatement le gouvernement d\u2019Erdogan \u00e0 mettre un terme \u00e0 ses politiques de division pr\u00f4nant la violence et le racisme.\u00a0<\/b><\/h3>\n<h3 style=\"text-align: justify;\"><b><span style=\"color: #0000ff;\">Congr\u00e8s National du Kurdistan (KNK) <\/span><\/b><\/h3>\n<h3 style=\"text-align: justify;\"><em><b><span style=\"color: #0000ff;\">8 septembre 2015<\/span> <\/b><\/em><\/h3>\n<\/div>\n<gcse:search><\/gcse:search>","protected":false},"excerpt":{"rendered":"<p>Des centaines de civils kurdes ont \u00e9t\u00e9 bless\u00e9s dans l\u2019ouest de la Turquie et plusieurs ont \u00e9t\u00e9 tu\u00e9s dans des attaques commises par des foules auxquelles la police a particip\u00e9.\u00a0 Le Pr\u00e9sident turc Erdogan et son parti, l\u2019AKP, ont incit\u00e9 des groupes racistes, nationalistes et fascistes \u00e0 des manifestations violentes. Ceux-ci ont entrepris des actions [&hellip;]<\/p>\n","protected":false},"author":1,"featured_media":0,"comment_status":"open","ping_status":"open","sticky":false,"template":"","format":"standard","meta":{"footnotes":""},"categories":[173],"tags":[43,117,367,133],"class_list":["post-15916","post","type-post","status-publish","format-standard","hentry","category-no-pasaran","tag-appel","tag-democratie","tag-kurdes","tag-turquie"],"_links":{"self":[{"href":"https:\/\/alternatifs81.fr\/index.php?rest_route=\/wp\/v2\/posts\/15916","targetHints":{"allow":["GET"]}}],"collection":[{"href":"https:\/\/alternatifs81.fr\/index.php?rest_route=\/wp\/v2\/posts"}],"about":[{"href":"https:\/\/alternatifs81.fr\/index.php?rest_route=\/wp\/v2\/types\/post"}],"author":[{"embeddable":true,"href":"https:\/\/alternatifs81.fr\/index.php?rest_route=\/wp\/v2\/users\/1"}],"replies":[{"embeddable":true,"href":"https:\/\/alternatifs81.fr\/index.php?rest_route=%2Fwp%2Fv2%2Fcomments&post=15916"}],"version-history":[{"count":0,"href":"https:\/\/alternatifs81.fr\/index.php?rest_route=\/wp\/v2\/posts\/15916\/revisions"}],"wp:attachment":[{"href":"https:\/\/alternatifs81.fr\/index.php?rest_route=%2Fwp%2Fv2%2Fmedia&parent=15916"}],"wp:term":[{"taxonomy":"category","embeddable":true,"href":"https:\/\/alternatifs81.fr\/index.php?rest_route=%2Fwp%2Fv2%2Fcategories&post=15916"},{"taxonomy":"post_tag","embeddable":true,"href":"https:\/\/alternatifs81.fr\/index.php?rest_route=%2Fwp%2Fv2%2Ftags&post=15916"}],"curies":[{"name":"wp","href":"https:\/\/api.w.org\/{rel}","templated":true}]}}