{"id":15908,"date":"2015-09-09T19:36:14","date_gmt":"2015-09-09T18:36:14","guid":{"rendered":"http:\/\/alternatifs81.fr\/?p=15908"},"modified":"2015-09-12T10:13:47","modified_gmt":"2015-09-12T09:13:47","slug":"cercle-de-silence-samedi-12-septembre-2015-de-10h30-a-11h30-a-mazamet","status":"publish","type":"post","link":"https:\/\/alternatifs81.fr\/?p=15908","title":{"rendered":"Cercle de Silence, samedi 12 septembre 2015 de 10h30 \u00e0 11h30 \u00e0 Mazamet"},"content":{"rendered":"<div class=\"mail-content-readonly\">\n<table class=\"mail-content-readonly-table\">\n<tbody>\n<tr>\n<td>\n<div id=\"message\" class=\"mail-content-read\">\n<div dir=\"ltr\">\n<h3 style=\"text-align: justify;\"><a href=\"http:\/\/alternatifs81.fr\/wp-content\/uploads\/Cercle-Silence-300x2922.png\" rel=\"lightbox[15908]\"><img loading=\"lazy\" decoding=\"async\" class=\"alignleft wp-image-7447\" src=\"http:\/\/alternatifs81.fr\/wp-content\/uploads\/Cercle-Silence-300x2922-150x150.png\" alt=\"Cercle-Silence-300x292\" width=\"250\" height=\"243\" \/><\/a>Comme tous les 2\u00e8mes samedi de chaque mois, depuis 5 ans, nous d\u00e9non\u00e7ons le non respect des droits de l&rsquo;Homme, par la France et l&rsquo;Union Europ\u00e9enne, notamment envers les \u00e9trangers dans les CRA.<\/h3>\n<p><span style=\"font-size: large; color: #808000;\"><b>Sauver, Prot\u00e9ger et accueillir les migrants.<\/b><\/span><\/p>\n<h3 style=\"text-align: justify;\">L\u2019afflux actuel de migrants vers l\u2019Europe d\u00e9montre, si besoin \u00e9tait, que la question migratoire s\u2019inscrit profond\u00e9ment dans la nature humaine. Loin d\u2019\u00eatre un ph\u00e9nom\u00e8ne conjoncturel, l\u2019homme a toujours souhait\u00e9 se d\u00e9placer, par-del\u00e0 les fronti\u00e8res.<\/h3>\n<h3 style=\"text-align: justify;\">\u00a0Consid\u00e9rant cette dimension et reconnaissant la libert\u00e9 de se d\u00e9placer comme un des droits fondamentaux de l\u2019\u00eatre, nous affirmons que cette libert\u00e9 doit rester enti\u00e8re. <strong>A<span style=\"color: #008000;\">ffirmant ainsi cette libert\u00e9 de se d\u00e9placer, nous affirmons \u00e9galement que nul ne peut refuser \u00e0 un \u00eatre d\u2019esp\u00e9rer une vie meilleure et s\u00e9curis\u00e9e pour lui comme pour ses descendants.<\/span> Cette qu\u00eate doit pouvoir \u00eatre accessible \u00e0 tous.<\/strong><\/h3>\n<h2 style=\"text-align: justify;\"><span style=\"color: #808000;\">La France a notamment le devoir d\u2019aider les \u00eatres en danger \u00e0 construire et consolider leur avenir.<\/span><\/h2>\n<p><!--more--><\/p>\n<h3 style=\"text-align: justify;\">\u00a0L\u2019afflux de migrants accentue la place et la responsabilit\u00e9 de la France et de l\u2019Europe face aux guerres et exactions qui se jouent \u00e0 nos portes. L\u2019accueil de personnes victimes de ces violences est un signal et une r\u00e9ponse a minima de notre refus de la guerre comme constitutive du mode de relation entre les hommes et de notre appel \u00e0 rechercher un vivre-ensemble paisible, constituant notre socle social et garant du pacte r\u00e9publicain.<\/h3>\n<h3 style=\"text-align: justify;\"><span style=\"color: #008000;\">\u00a0<strong>Estimant que l\u2019attitude europ\u00e9enne et fran\u00e7aise face aux drames v\u00e9cus par les migrants aux portes de l\u2019Europe est contraire aux valeurs qui constituent notre continent et notre pays, nous appelons \u00e0 un sursaut des consciences humaines, \u00e9conomiques, sociales et politiques pour faire face \u00e0 ce d\u00e9fi et ainsi sauver, prot\u00e9ger et accueillir les migrants qui cherchent un refuge en Europe.<\/strong><\/span><\/h3>\n<h3 style=\"text-align: justify;\"><span style=\"color: #808000;\">\u00a0<strong>Face \u00e0 la guerre, aux violences, aux injustices, la France ne peut pas rester un pays ferm\u00e9.<\/strong><\/span> Alors que l\u2019Allemagne s\u2019appr\u00eate \u00e0 enregistrer \u00e0 ce jour plus de 900 000 demandes d\u2019asile en 2015, <span style=\"color: #808000;\"><strong>nous appelons les autorit\u00e9s fran\u00e7aises \u00e0 ouvrir plus largement notre accueil, \u00e0 changer les discours autoritaires en mati\u00e8re de migration et \u00e0 assouplir les conditions d\u2019accueil et de demande d\u2019asile, dans le respect de la Convention de Gen\u00e8ve du 28 juillet 1951.<\/strong><\/span><\/h3>\n<h3 style=\"text-align: justify;\"><strong>Constatant l\u2019amalgame et la confusion faite entre migrants et demandeurs d\u2019asile, <span style=\"color: #008000;\">nous demandons que la question migratoire face l\u2019objet d\u2019un d\u00e9bat national<\/span><\/strong><span style=\"color: #008000;\">,<\/span> soulignant les opportunit\u00e9s que les migrants non demandeurs d\u2019asile peuvent apporter \u00e0 notre pays. <strong>Concernant les r\u00e9fugi\u00e9s, nous demandons \u00e0 ce que toutes les demandes d\u2019asile, pour cause de violence, guerre ou exactions puissent \u00eatre examin\u00e9es avec humanit\u00e9, discernement et g\u00e9n\u00e9rosit\u00e9.<\/strong><\/h3>\n<h3 style=\"text-align: justify;\"><strong>Cherchant \u00e0 constituer une r\u00e9ponse europ\u00e9enne commune \u00e0 ce d\u00e9fi, nous nous associons et soutenons le projet<\/strong> <a href=\"https:\/\/mediterraneanhope.wordpress.com\/\" target=\"_blank\">Mediterranean Hope<\/a><\/h3>\n<\/div>\n<\/div>\n<\/td>\n<\/tr>\n<\/tbody>\n<\/table>\n<\/div>\n<div class=\"mail-bottom-options-bloc\"><\/div>\n<gcse:search><\/gcse:search>","protected":false},"excerpt":{"rendered":"<p>Comme tous les 2\u00e8mes samedi de chaque mois, depuis 5 ans, nous d\u00e9non\u00e7ons le non respect des droits de l&rsquo;Homme, par la France et l&rsquo;Union Europ\u00e9enne, notamment envers les \u00e9trangers dans les CRA. Sauver, Prot\u00e9ger et accueillir les migrants. L\u2019afflux actuel de migrants vers l\u2019Europe d\u00e9montre, si besoin \u00e9tait, que la question migratoire s\u2019inscrit profond\u00e9ment [&hellip;]<\/p>\n","protected":false},"author":1,"featured_media":0,"comment_status":"open","ping_status":"open","sticky":false,"template":"","format":"standard","meta":{"footnotes":""},"categories":[217],"tags":[119,103],"class_list":["post-15908","post","type-post","status-publish","format-standard","hentry","category-libertes","tag-cercle-du-silence","tag-demarche-citoyenne"],"_links":{"self":[{"href":"https:\/\/alternatifs81.fr\/index.php?rest_route=\/wp\/v2\/posts\/15908","targetHints":{"allow":["GET"]}}],"collection":[{"href":"https:\/\/alternatifs81.fr\/index.php?rest_route=\/wp\/v2\/posts"}],"about":[{"href":"https:\/\/alternatifs81.fr\/index.php?rest_route=\/wp\/v2\/types\/post"}],"author":[{"embeddable":true,"href":"https:\/\/alternatifs81.fr\/index.php?rest_route=\/wp\/v2\/users\/1"}],"replies":[{"embeddable":true,"href":"https:\/\/alternatifs81.fr\/index.php?rest_route=%2Fwp%2Fv2%2Fcomments&post=15908"}],"version-history":[{"count":0,"href":"https:\/\/alternatifs81.fr\/index.php?rest_route=\/wp\/v2\/posts\/15908\/revisions"}],"wp:attachment":[{"href":"https:\/\/alternatifs81.fr\/index.php?rest_route=%2Fwp%2Fv2%2Fmedia&parent=15908"}],"wp:term":[{"taxonomy":"category","embeddable":true,"href":"https:\/\/alternatifs81.fr\/index.php?rest_route=%2Fwp%2Fv2%2Fcategories&post=15908"},{"taxonomy":"post_tag","embeddable":true,"href":"https:\/\/alternatifs81.fr\/index.php?rest_route=%2Fwp%2Fv2%2Ftags&post=15908"}],"curies":[{"name":"wp","href":"https:\/\/api.w.org\/{rel}","templated":true}]}}