{"id":15380,"date":"2015-07-04T13:05:20","date_gmt":"2015-07-04T12:05:20","guid":{"rendered":"http:\/\/alternatifs81.fr\/?p=15380"},"modified":"2015-07-04T13:05:20","modified_gmt":"2015-07-04T12:05:20","slug":"discours-d-alexis-tsipras-a-athenes-hier-vendredi-3-juillet","status":"publish","type":"post","link":"https:\/\/alternatifs81.fr\/?p=15380","title":{"rendered":"Discours d&rsquo; Alexis TSIPRAS  \u00e0 Ath\u00e8nes , hier vendredi 3 Juillet :"},"content":{"rendered":"<div>\n<h3 style=\"text-align: justify;\"><a href=\"http:\/\/alternatifs81.fr\/wp-content\/uploads\/tsipras_syriza1.jpg\" rel=\"lightbox[15380]\"><img loading=\"lazy\" decoding=\"async\" class=\"alignleft wp-image-14783 size-full\" src=\"http:\/\/alternatifs81.fr\/wp-content\/uploads\/tsipras_syriza1.jpg\" alt=\"tsipras_syriza\" width=\"260\" height=\"160\" \/><\/a>Citoyens d\u2019Ath\u00e8nes, peuple grec,<\/h3>\n<h3 style=\"text-align: justify;\"><span id=\"OBJ_PREFIX_DWT235_com_zimbra_date\" class=\"Object\">Aujourd\u2019hui<\/span> nous ne protestons pas, nous ne manifestons pas\u00a0; <span id=\"OBJ_PREFIX_DWT236_com_zimbra_date\" class=\"Object\">aujourd\u2019hui<\/span> est un jour de f\u00eate. Ce jour est une f\u00eate de la d\u00e9mocratie.<\/h3>\n<h3 style=\"text-align: justify;\">La d\u00e9mocratie est une f\u00eate et une joie, la d\u00e9mocratie est une lib\u00e9ration, la d\u00e9mocratie est une issue.<\/h3>\n<h3 style=\"text-align: justify;\">Et nous c\u00e9l\u00e9brons <span id=\"OBJ_PREFIX_DWT237_com_zimbra_date\" class=\"Object\">aujourd\u2019hui<\/span> la victoire de la d\u00e9mocratie. Nous sommes d\u00e9j\u00e0 victorieux, quelle que soit l\u2019issue du scrutin de <span id=\"OBJ_PREFIX_DWT238_com_zimbra_date\" class=\"Object\">dimanche<\/span>, car la Gr\u00e8ce a envoy\u00e9 un message de dignit\u00e9, un message de fiert\u00e9.<\/h3>\n<h3 style=\"text-align: justify;\">Personne ne peut ignorer cette passion, cet anxieux d\u00e9sir de vie, cet anxieux d\u00e9sir d\u2019espoir, cet anxieux d\u00e9sir d\u2019optimisme.<\/h3>\n<h3 style=\"text-align: justify;\">Nous c\u00e9l\u00e9brons <span id=\"OBJ_PREFIX_DWT239_com_zimbra_date\" class=\"Object\">aujourd\u2019hui<\/span> l\u2019audace et la d\u00e9termination qui nous ont conduits \u00e0 prendre notre destin en mains, \u00e0 rendre la parole au peuple grec.<\/h3>\n<h3 style=\"text-align: justify;\"><span id=\"OBJ_PREFIX_DWT240_com_zimbra_date\" class=\"Object\">Aujourd\u2019hui<\/span>, nous faisons la f\u00eate et nous chantons. Nous faisons la f\u00eate et chantons pour supplanter le chantage et lapeur.<\/h3>\n<p><!--more--><\/p>\n<h3 style=\"text-align: justify;\">L\u2019Europe telle que nous la connaissions, l\u2019Europe telle qu\u2019elle appara\u00eet au miroir de ses principes fondateurs n\u2019a pas le moindre rapport avec les menaces et les ultimatums.<\/h3>\n<h3 style=\"text-align: justify;\">Et <span id=\"OBJ_PREFIX_DWT241_com_zimbra_date\" class=\"Object\">aujourd\u2019hui<\/span>, en ce moment m\u00eame, l\u2019Europe enti\u00e8re a les yeux tourn\u00e9s vers nous, vers le peuple grec, vers ses 3 millions de pauvres et son million et demi de ch\u00f4meurs.<\/h3>\n<h3 style=\"text-align: justify;\"><span id=\"OBJ_PREFIX_DWT242_com_zimbra_date\" class=\"Object\">Aujourd\u2019hui<\/span> la plan\u00e8te enti\u00e8re a les yeux riv\u00e9s sur la Place de la Constitution et sur toutes les places, petites ou grandes, de notre patrie.<\/h3>\n<h3 style=\"text-align: justify;\">Dans ce lieu qui a vu na\u00eetre la d\u00e9mocratie, nous donnons \u00e0 la d\u00e9mocratie une chance de revenir.<\/h3>\n<h3 style=\"text-align: justify;\">De revenir en Europe, car nous voulons que l\u2019Europe revienne \u00e0 ses principes fondateurs.<\/h3>\n<h3 style=\"text-align: justify;\">\u00c0 ces principes qu\u2019elle a si longtemps balay\u00e9s pour appliquer des programmes d\u2019aust\u00e9rit\u00e9 sans issue, violant la volont\u00e9 des peuples.<\/h3>\n<h3 style=\"text-align: justify;\"><\/h3>\n<h3 style=\"text-align: justify;\">Citoyens d\u2019Ath\u00e8nes, peuple grec,<\/h3>\n<h3 style=\"text-align: justify;\"><span id=\"OBJ_PREFIX_DWT243_com_zimbra_date\" class=\"Object\">Dimanche<\/span>, nous adresserons tous ensemble un message de d\u00e9mocratie et de dignit\u00e9 \u00e0 l\u2019Europe et au monde.<\/h3>\n<h3 style=\"text-align: justify;\">Nous enverrons aux peuples un nouveau message d\u2019espoir.<\/h3>\n<h3 style=\"text-align: justify;\">Car nous ne d\u00e9ciderons pas seulement, <span id=\"OBJ_PREFIX_DWT244_com_zimbra_date\" class=\"Object\">ce dimanche<\/span>, de demeurer en Europe.<\/h3>\n<h3 style=\"text-align: justify;\">Nous d\u00e9ciderons de vivre avec dignit\u00e9 en Europe, de travailler et de prosp\u00e9rer en Europe.<\/h3>\n<h3 style=\"text-align: justify;\">D\u2019\u00eatre \u00e9gaux en Europe, \u00e0 \u00e9galit\u00e9 avec tous.<\/h3>\n<h3 style=\"text-align: justify;\">Et, croyez-moi, nul n\u2019a le droit de menacer de couper la Gr\u00e8ce de son espace g\u00e9ographique naturel.<\/h3>\n<h3 style=\"text-align: justify;\">Nul n\u2019a le droit de menacer de diviser l\u2019Europe.<\/h3>\n<h3 style=\"text-align: justify;\">La Gr\u00e8ce, notre patrie, \u00e9tait, est et demeurera le berceau de la civilisation europ\u00e9enne.<\/h3>\n<h3 style=\"text-align: justify;\">C\u2019est en ce lieu, dit la mythologie, que Zeus, en l\u2019enlevant, a conduit la princesse Europe.<\/h3>\n<h3 style=\"text-align: justify;\">Et c\u2019est de ce lieu que les technocrates de l\u2019aust\u00e9rit\u00e9 souhaitent \u00e0 pr\u00e9sent l\u2019enlever.<\/h3>\n<h3 style=\"text-align: justify;\">Mais cela ne sera pas. Car, <span id=\"OBJ_PREFIX_DWT245_com_zimbra_date\" class=\"Object\">dimanche<\/span>, nous leur dirons \u00ab\u00a0non\u00a0\u00bb.<\/h3>\n<h3 style=\"text-align: justify;\">Nous ne laisserons pas l\u2019Europe entre les mains de ceux qui souhaitent soustraire l\u2019Europe \u00e0 sa tradition d\u00e9mocratique, \u00e0 ses conqu\u00eates d\u00e9mocratiques, \u00e0 ses principes fondateurs, aux principes de d\u00e9mocratie, de solidarit\u00e9 et de respect mutuel.<\/h3>\n<h3 style=\"text-align: justify;\"><\/h3>\n<h3 style=\"text-align: justify;\">Citoyens d\u2019Ath\u00e8nes, hommes et femmes de tous \u00e2ges qui vous trouvez ici, <span id=\"OBJ_PREFIX_DWT246_com_zimbra_date\" class=\"Object\">aujourd\u2019hui<\/span>, qui submergez la Place de la Constitution, les rues d\u2019Ath\u00e8nes et des autres grandes villes en bravant la mont\u00e9e de la peur orchestr\u00e9e, la rh\u00e9torique de la terreur propag\u00e9e tous ces derniers jours,<\/h3>\n<h3 style=\"text-align: justify;\">Citoyens d\u2019Ath\u00e8nes,<\/h3>\n<h3 style=\"text-align: justify;\">Le peuple grec a maintes fois d\u00e9montr\u00e9 au cours de son histoire qu\u2019il savait retourner un ultimatum \u00e0 son exp\u00e9diteur. Car les ultimatums, parfois, reviennent \u00e0 l\u2019envoyeur.<\/h3>\n<h3 style=\"text-align: justify;\">Les pages les plus \u00e9clatantes de l\u2019histoire de ce pays et de ce peuple ont \u00e9t\u00e9 des pages d\u2019audace et de vertu.<\/h3>\n<h3 style=\"text-align: justify;\">Je vous appelle \u00e0 ce que nous \u00e9crivions ensemble, de nouveau, des pages historiques, celles de notre r\u00e9tablissement et de notre libert\u00e9.<\/h3>\n<h3 style=\"text-align: justify;\">Je vous appelle, <span id=\"OBJ_PREFIX_DWT247_com_zimbra_date\" class=\"Object\">ce dimanche<\/span>, \u00e0 opposer un \u00ab\u00a0non\u00a0\u00bb haut et clair aux ultimatums. \u00c0 tourner le dos \u00e0 ceux qui s\u00e8ment chaque jour la peur et l\u2019intimidation.<\/h3>\n<h3 style=\"text-align: justify;\">Et, <span id=\"OBJ_PREFIX_DWT248_com_zimbra_date\" class=\"Object\">lundi<\/span>, quel que soit le r\u00e9sultat du processus d\u00e9mocratique, de ce verdict populaire que certains redoutaient et \u00a0voulaient entraver, nous opposerons \u00e9galement un \u00ab\u00a0non\u00a0\u00bb sans appel \u00e0 la division.<\/h3>\n<h3 style=\"text-align: justify;\"><span id=\"OBJ_PREFIX_DWT249_com_zimbra_date\" class=\"Object\">Lundi<\/span>, quelle que soit l\u2019issue du scrutin, les Grecques et les Grecs n\u2019auront rien qui les s\u00e9pare. Ensemble, nous nous battrons pour reconstruire une Gr\u00e8ce meilleure que celle que nous ont laiss\u00e9e cinq ann\u00e9es de d\u00e9sastre.<\/h3>\n<h3 style=\"text-align: justify;\">Je vous appelle enfin \u00e0 ne pas pr\u00eater l\u2019oreille \u00e0 ces sir\u00e8nes dont l\u2019\u00e9cho ne cesse de s\u2019amplifier, ces sir\u00e8nes qui hurlent \u00e0 la peur.<\/h3>\n<h3 style=\"text-align: justify;\">\u00c0 d\u00e9cider avec votre esprit et votre c\u0153ur.<\/h3>\n<h3 style=\"text-align: justify;\">\u00c0 vous d\u00e9terminer avec calme et r\u00e9solution.<\/h3>\n<h3 style=\"text-align: justify;\">\u00c0 vous prononcer en faveur d\u2019une Gr\u00e8ce fi\u00e8re dans une Europe d\u00e9mocratique.<\/h3>\n<h3 style=\"text-align: justify;\">En faveur d\u2019un peuple, d\u2019un petit peuple qui se bat, comme le dit le po\u00e8me,\u00a0<i>sans \u00e9p\u00e9es<\/i><i>\u00a0et sans balles<\/i>.<\/h3>\n<h3 style=\"text-align: justify;\">Qui se bat cependant en ayant dans les mains la plus puissante des armes\u00a0: la justice.<\/h3>\n<h3 style=\"text-align: justify;\">Parce que la justice est avec nous, parce que nous sommes dans notre droit, nous vaincrons.<\/h3>\n<h3 style=\"text-align: justify;\">Et nul ne peut effacer cela. Nul ne peut occulter ce fait\u00a0: nous sommes dans notre droit.<\/h3>\n<h3 style=\"text-align: justify;\">Citoyens d\u2019Ath\u00e8nes, peuple grec,<\/h3>\n<h3 style=\"text-align: justify;\"><i>La libert\u00e9 demande de la vertu et de l\u2019audace<\/i>. Nous, vous, nous tous, disposons d\u2019audace comme de vertu. Et nous sommes libres. Nous respirons un vent de libert\u00e9. Quoi qu\u2019il arrive, nous sommes victorieux. Nous serons victorieux. La Gr\u00e8ce a vaincu. La d\u00e9mocratie a vaincu. Le chantage et les menaces ont \u00e9t\u00e9 d\u00e9faits.<\/h3>\n<h3 style=\"text-align: justify;\">Salut \u00e0 tous! Soyez forts, soyez fiers et dignes. Notre \u00ab\u00a0non\u00a0\u00bb s&rsquo;inscrira dans l\u2019Histoire. Notre peuple ira de l\u2019avant \u2015 la Gr\u00e8ce, dans une Europe d\u00e9mocratique et solidaire.<\/h3>\n<h3 style=\"text-align: justify;\"><\/h3>\n<\/div>\n<p><!--more--><\/p>\n<gcse:search><\/gcse:search>","protected":false},"excerpt":{"rendered":"<p>Citoyens d\u2019Ath\u00e8nes, peuple grec, Aujourd\u2019hui nous ne protestons pas, nous ne manifestons pas\u00a0; aujourd\u2019hui est un jour de f\u00eate. Ce jour est une f\u00eate de la d\u00e9mocratie. La d\u00e9mocratie est une f\u00eate et une joie, la d\u00e9mocratie est une lib\u00e9ration, la d\u00e9mocratie est une issue. Et nous c\u00e9l\u00e9brons aujourd\u2019hui la victoire de la d\u00e9mocratie. Nous [&hellip;]<\/p>\n","protected":false},"author":1,"featured_media":0,"comment_status":"open","ping_status":"open","sticky":false,"template":"","format":"standard","meta":{"footnotes":""},"categories":[147],"tags":[43,103,117,16,205],"class_list":["post-15380","post","type-post","status-publish","format-standard","hentry","category-international","tag-appel","tag-demarche-citoyenne","tag-democratie","tag-economie","tag-grece"],"_links":{"self":[{"href":"https:\/\/alternatifs81.fr\/index.php?rest_route=\/wp\/v2\/posts\/15380","targetHints":{"allow":["GET"]}}],"collection":[{"href":"https:\/\/alternatifs81.fr\/index.php?rest_route=\/wp\/v2\/posts"}],"about":[{"href":"https:\/\/alternatifs81.fr\/index.php?rest_route=\/wp\/v2\/types\/post"}],"author":[{"embeddable":true,"href":"https:\/\/alternatifs81.fr\/index.php?rest_route=\/wp\/v2\/users\/1"}],"replies":[{"embeddable":true,"href":"https:\/\/alternatifs81.fr\/index.php?rest_route=%2Fwp%2Fv2%2Fcomments&post=15380"}],"version-history":[{"count":0,"href":"https:\/\/alternatifs81.fr\/index.php?rest_route=\/wp\/v2\/posts\/15380\/revisions"}],"wp:attachment":[{"href":"https:\/\/alternatifs81.fr\/index.php?rest_route=%2Fwp%2Fv2%2Fmedia&parent=15380"}],"wp:term":[{"taxonomy":"category","embeddable":true,"href":"https:\/\/alternatifs81.fr\/index.php?rest_route=%2Fwp%2Fv2%2Fcategories&post=15380"},{"taxonomy":"post_tag","embeddable":true,"href":"https:\/\/alternatifs81.fr\/index.php?rest_route=%2Fwp%2Fv2%2Ftags&post=15380"}],"curies":[{"name":"wp","href":"https:\/\/api.w.org\/{rel}","templated":true}]}}