{"id":15158,"date":"2015-05-19T13:13:46","date_gmt":"2015-05-19T12:13:46","guid":{"rendered":"http:\/\/alternatifs81.fr\/?p=15158"},"modified":"2015-05-19T17:25:11","modified_gmt":"2015-05-19T16:25:11","slug":"construire-le-soutien-a-la-grece","status":"publish","type":"post","link":"https:\/\/alternatifs81.fr\/?p=15158","title":{"rendered":"Construire le soutien \u00e0 la Gr\u00e8ce"},"content":{"rendered":"<div><span style=\"color: #808000;\"><em><strong>Il faut lire cet appel du gouvernement grec.<\/strong><\/em><\/span><\/div>\n<div><span style=\"color: #808000;\"><em><strong>C\u2019est la premi\u00e8re fois que la solidarit\u00e9 des peuples d\u2019Europe est explicitement demand\u00e9e.<\/strong><\/em><\/span><\/div>\n<div><span style=\"color: #808000;\"><em><strong>Il faudrait r\u00e9fl\u00e9chir et inventer partout des formes d\u2019action pour soutenir le peuple grec dans sa lutte contre les politiques d\u2019aust\u00e9rit\u00e9, car leur combat est le notre.<br \/>\n<\/strong><\/em><\/span><\/div>\n<h2 style=\"text-align: justify;\"><span style=\"color: #008000;\">Moment de v\u00e9rit\u00e9 pour l&rsquo;Europe<\/span><\/h2>\n<h3 style=\"text-align: justify;\"><a href=\"http:\/\/alternatifs81.fr\/wp-content\/uploads\/Drapeau-grec.jpg\" rel=\"lightbox[15158]\"><img loading=\"lazy\" decoding=\"async\" class=\"alignleft size-thumbnail wp-image-15147\" src=\"http:\/\/alternatifs81.fr\/wp-content\/uploads\/Drapeau-grec-150x150.jpg\" alt=\"Drapeau grec\" width=\"150\" height=\"150\" \/><\/a>Chers amis,<\/h3>\n<h3>Apr\u00e8s presque quatre mois de n\u00e9gociations intensives, nous avons atteint un moment de v\u00e9rit\u00e9 pour notre projet europ\u00e9en commun. Le gouvernement dirig\u00e9 par SYRIZA fait de son mieux pour parvenir \u00e0 un accord honorable avec ses partenaires europ\u00e9ens et internationaux respectant \u00e0 la fois les obligations de la Gr\u00e8ce en tant qu\u2019\u00c9tat membre-europ\u00e9en, mais aussi le mandat \u00e9lectoral du peuple grec.<br \/>\nLe gouvernement dirig\u00e9 par Syriza a d\u00e9j\u00e0 entam\u00e9 une s\u00e9rie de r\u00e9formes qui s\u2019en prennent \u00e0 la<br \/>\ncorruption et \u00e0 l&rsquo;\u00e9vasion fiscale g\u00e9n\u00e9ralis\u00e9e. Les d\u00e9penses sont frein\u00e9es et les recettes fiscales<br \/>\ncollect\u00e9es d\u00e9passent les attentes, permettant d\u2019atteindre un exc\u00e9dent budg\u00e9taire primaire de<br \/>\n2,16 milliards (janvier-avril 2015), bien sup\u00e9rieur \u00e0 l&rsquo;estimation initiale d&rsquo;un d\u00e9ficit de 287<br \/>\nmillions. Parall\u00e8lement, la Gr\u00e8ce a honor\u00e9 toutes les obligations de sa dette avec ses<br \/>\nressources propres \u2013 cas unique parmi les Nations europ\u00e9ennes &#8211; puisque tout versement de<br \/>\nfonds a \u00e9t\u00e9 coup\u00e9 depuis ao\u00fbt 2014.<\/h3>\n<p><!--more--><\/p>\n<h3>Quatre mois de n\u00e9gociations \u00e9puisantes ont pass\u00e9, durant lesquels, syst\u00e9matiquement, les<br \/>\ncr\u00e9anciers de la Gr\u00e8ce ont tout fait pour contraindre le gouvernement dirig\u00e9 par SYRIZA \u00e0<br \/>\nappliquer l\u2019exact programme d&rsquo;aust\u00e9rit\u00e9 rejet\u00e9 par le peuple grec aux \u00e9lections du 25 janvier.<br \/>\nL\u2019asphyxie de liquidit\u00e9s orchestr\u00e9e par les institutions a conduit \u00e0 une situation critique pour<br \/>\nles finances de notre pays, rendant insupportable le service des titres de cr\u00e9ance \u00e0 venir.<br \/>\nLe gouvernement grec a fait de son mieux pour parve nir \u00e0 un accord, mais les lignes rouges \u2013<br \/>\nayant \u00e0 voir avec des exc\u00e9dents primaires durables et r\u00e9alistes, la restauration des contrats<br \/>\ncollectifs et du salaire minimum, la protection des travailleurs contre les licenciements<br \/>\nmassifs, la protection des salaires, des pensions et du syst\u00e8me de s\u00e9curit\u00e9 sociale contre de<br \/>\nnouvelles r\u00e9ductions, l&rsquo;arr\u00eat des privatisations \u00e0 prix brad\u00e9, etc- doivent \u00eatre respect\u00e9es. La<br \/>\nsouverainet\u00e9 populaire et les mandats d\u00e9mocratiques doivent \u00eatre respect\u00e9s. Il ne faut pas<br \/>\nconfondre la patience et la bonne volont\u00e9 du peuple grec avec la propension \u00e0 c\u00e9der \u00e0 un<br \/>\nchantage sans pr\u00e9c\u00e9dent. La d\u00e9mocratie europ\u00e9enne ne doit pas \u00eatre asphyxi\u00e9e.<br \/>\nLa p\u00e9riode est cruciale ; nos partenaires europ\u00e9ens doivent faire preuve de volont\u00e9 politique<br \/>\npour surmonter l&rsquo;impasse actuelle. Cet appel n\u2019est pas seulement un appel \u00e0 la solidarit\u00e9, c\u2019est<br \/>\nun appel au respect des valeurs europ\u00e9ennes essentielles.<\/h3>\n<h3>Dans ce cadre, SYRIZA appelle tous les acteurs sociaux et politiques, progressistes et<br \/>\nd\u00e9mocratiques, conscients du fait que la lutte de la Gr\u00e8ce ne se limite pas \u00e0 ses fronti\u00e8res<br \/>\nnationales, mais qu\u2019elle est une lutte pour la d\u00e9mocratie et la justice sociale en Europe.<br \/>\nDans ces moments critiques, nous appelons \u00e0 des actions de solidarit\u00e9 sociale et politique,<br \/>\nallant de l&rsquo;organisation de rassemblements et de campagnes de sensibilisation \u00e0 travers<br \/>\nl&rsquo;Europe, \u00e0 des initiatives institutionnelles dans les assembl\u00e9es locales, r\u00e9gionales et<br \/>\nnationales et des d\u00e9clarations individuelles ou collectives de soutien aux efforts de la Gr\u00e8ce<br \/>\npour faire passer le paradigme europ\u00e9en d\u2019une aust\u00e9rit\u00e9 d\u00e9sastreuse \u00e0 un nouveau mod\u00e8le de<br \/>\ncroissance durable.<br \/>\nVotre soutien est d&rsquo;une importance capitale, non seulement pour le peuple grec, mais aussi<br \/>\npour l\u2019avenir de l&rsquo;id\u00e9e europ\u00e9enne.<\/h3>\n<h3>Avec nos meilleures salutations,<\/h3>\n<h3>Ath\u00e8nes, le 18 mai 2015<br \/>\nTasos Koronakis,<br \/>\nSecr\u00e9taire du Comit\u00e9 central de la SYRIZA<\/h3>\n<h3 style=\"text-align: justify;\">Pour plus d&rsquo;informations, voir la derni\u00e8re d\u00e9claration du Secr\u00e9tariat politique de SYRIZA :<br \/>\nhttp:\/\/tinyurl.com\/o892gmt<\/h3>\n<p>&nbsp;<\/p>\n<gcse:search><\/gcse:search>","protected":false},"excerpt":{"rendered":"<p>Il faut lire cet appel du gouvernement grec. C\u2019est la premi\u00e8re fois que la solidarit\u00e9 des peuples d\u2019Europe est explicitement demand\u00e9e. Il faudrait r\u00e9fl\u00e9chir et inventer partout des formes d\u2019action pour soutenir le peuple grec dans sa lutte contre les politiques d\u2019aust\u00e9rit\u00e9, car leur combat est le notre. Moment de v\u00e9rit\u00e9 pour l&rsquo;Europe Chers amis, [&hellip;]<\/p>\n","protected":false},"author":1,"featured_media":0,"comment_status":"open","ping_status":"open","sticky":false,"template":"","format":"standard","meta":{"footnotes":""},"categories":[147,1],"tags":[117,16,205,23],"class_list":["post-15158","post","type-post","status-publish","format-standard","hentry","category-international","category-non-classe","tag-democratie","tag-economie","tag-grece","tag-luttes"],"_links":{"self":[{"href":"https:\/\/alternatifs81.fr\/index.php?rest_route=\/wp\/v2\/posts\/15158","targetHints":{"allow":["GET"]}}],"collection":[{"href":"https:\/\/alternatifs81.fr\/index.php?rest_route=\/wp\/v2\/posts"}],"about":[{"href":"https:\/\/alternatifs81.fr\/index.php?rest_route=\/wp\/v2\/types\/post"}],"author":[{"embeddable":true,"href":"https:\/\/alternatifs81.fr\/index.php?rest_route=\/wp\/v2\/users\/1"}],"replies":[{"embeddable":true,"href":"https:\/\/alternatifs81.fr\/index.php?rest_route=%2Fwp%2Fv2%2Fcomments&post=15158"}],"version-history":[{"count":0,"href":"https:\/\/alternatifs81.fr\/index.php?rest_route=\/wp\/v2\/posts\/15158\/revisions"}],"wp:attachment":[{"href":"https:\/\/alternatifs81.fr\/index.php?rest_route=%2Fwp%2Fv2%2Fmedia&parent=15158"}],"wp:term":[{"taxonomy":"category","embeddable":true,"href":"https:\/\/alternatifs81.fr\/index.php?rest_route=%2Fwp%2Fv2%2Fcategories&post=15158"},{"taxonomy":"post_tag","embeddable":true,"href":"https:\/\/alternatifs81.fr\/index.php?rest_route=%2Fwp%2Fv2%2Ftags&post=15158"}],"curies":[{"name":"wp","href":"https:\/\/api.w.org\/{rel}","templated":true}]}}