{"id":15143,"date":"2015-05-16T22:06:09","date_gmt":"2015-05-16T21:06:09","guid":{"rendered":"http:\/\/alternatifs81.fr\/?p=15143"},"modified":"2015-05-16T22:06:09","modified_gmt":"2015-05-16T21:06:09","slug":"grece-pourquoi-yanis-varoufakis-est-il-insupportable-aux-europeens-par-romaric-godin-la-tribune","status":"publish","type":"post","link":"https:\/\/alternatifs81.fr\/?p=15143","title":{"rendered":"Gr\u00e8ce : pourquoi Yanis VAROUFAKIS est-il insupportable aux Europ\u00e9ens ?, par Romaric GODIN (la Tribune)"},"content":{"rendered":"<h3 style=\"text-align: justify;\"><span style=\"color: #808000;\"><strong>La volont\u00e9 de l&rsquo;Eurogroupe de se d\u00e9barrasser du ministre grec des Finances ne repose pas sur un \u00ab\u00a0style\u00a0\u00bb, mais bien plut\u00f4t sur des divergences plus profondes.\u00a0<\/strong><\/span><\/h3>\n<h3 style=\"text-align: justify;\"><a href=\"http:\/\/alternatifs81.fr\/wp-content\/uploads\/yanis-varoufakis-9.jpg\" rel=\"lightbox[15143]\"><img loading=\"lazy\" decoding=\"async\" class=\"alignleft wp-image-15148\" src=\"http:\/\/alternatifs81.fr\/wp-content\/uploads\/yanis-varoufakis-9-300x225.jpg\" alt=\"yanis-varoufakis-9\" width=\"250\" height=\"188\" srcset=\"https:\/\/alternatifs81.fr\/wp-content\/uploads\/yanis-varoufakis-9-300x225.jpg 300w, https:\/\/alternatifs81.fr\/wp-content\/uploads\/yanis-varoufakis-9-1024x768.jpg 1024w, https:\/\/alternatifs81.fr\/wp-content\/uploads\/yanis-varoufakis-9.jpg 1200w\" sizes=\"auto, (max-width: 250px) 100vw, 250px\" \/><\/a>Il semble que l&rsquo;exercice soit devenu le passage oblig\u00e9 de tout journaliste travaillant sur les questions europ\u00e9ennes. Depuis quelques semaines, les colonnes des journaux s&#8217;emplissent d&rsquo;articles \u00e0 charge contre le ministre hell\u00e9nique des Finances, Yanis Varoufakis. Le dernier en date est celui publi\u00e9 par le journal fran\u00e7ais de r\u00e9f\u00e9rence, <em>Le Monde<\/em>, qui titre, <a href=\"http:\/\/abonnes.lemonde.fr\/europe\/article\/2015\/05\/11\/yanis-varoufakis-la-rockstar-qui-agace-a-bruxelles_4630927_3214.html\">avec appel de une<\/a>, sur \u00ab\u00a0<em>l&rsquo;exasp\u00e9rant Monsieur Varoufakis.<\/em>\u00a0\u00bb<\/h3>\n<h2><span style=\"color: #008000;\">L&rsquo;agacement europ\u00e9en<\/span><\/h2>\n<h3 style=\"text-align: justify;\">Le sch\u00e9ma de ces articles est souvent le m\u00eame\u00a0: l&rsquo;homme est jug\u00e9 \u00e9videmment comp\u00e9tent (il est difficile de lui contester cette qualit\u00e9, sauf \u00e0 contester celle des habituels \u00ab\u00a0clients\u00a0\u00bb des journaux \u00e9conomiques), mais insupportable et absolument nul en n\u00e9gociations.<\/h3>\n<h3 style=\"text-align: justify;\">De nombreuses citations issues de Bruxelles suivent pour montrer combien, en effet, cet \u00e9conomiste grec est \u00ab\u00a0<em>aga\u00e7ant<\/em>\u00a0\u00bb aux yeux des fonctionnaires et officiels europ\u00e9ens, avec ses chemises bariol\u00e9es, son ton docte et son \u00ab\u00a0<em>fort ego\u00a0\u00bb.<\/em><\/h3>\n<p><!--more--><\/p>\n<h3 style=\"text-align: justify;\">Son crime principal, aux yeux de Bruxelles, est de ne pas avoir chang\u00e9 pour <em>\u00ab\u00a0rentrer dans le rang\u00a0\u00bb<\/em>. Comme le \u00ab\u00a0<em>d\u00e9plore une source europ\u00e9enne<\/em>\u00a0\u00bb, pour reprendre l&rsquo;article du Monde dat\u00e9 du mardi 12 mai, il a refus\u00e9 de suivre le chemin de son pr\u00e9d\u00e9cesseur Evangelos Venizelos, le pr\u00e9sident du Pasok, qui, lui avait \u00ab\u00a0<em>chang\u00e9\u00a0\u00bb<\/em>.<\/h3>\n<h3 style=\"text-align: justify;\">Pour finir, le portrait du ministre est celui d&rsquo;une <em>\u00ab\u00a0rock star\u00a0\u00bb<\/em>, d&rsquo;un Icare m\u00e9diatique attir\u00e9 irr\u00e9sistiblement par le soleil m\u00e9diatique. Entre les lignes, le lecteur comprend que, si ce Yanis Varoufakis est si insupportable, c&rsquo;est parce qu&rsquo;il n&rsquo;est qu&rsquo;un narcisse superficiel qui fait son \u00ab\u00a0show\u00a0\u00bb. Son r\u00f4le n&rsquo;aura \u00e9t\u00e9 que d&rsquo;agiter les bras pour rendre les n\u00e9gociations aussi captivantes qu&rsquo;une s\u00e9rie am\u00e9ricaine. Bref, ce ministre n&rsquo;est qu&rsquo;une sorte de clown, utile un moment, mais qui aurait fait son temps.<\/h3>\n<h2><span style=\"color: #808000;\">Le <em>storytelling<\/em> europ\u00e9en contre Yanis Varoufakis<\/span><\/h2>\n<h3 style=\"text-align: justify;\">Cette image a \u00e9t\u00e9 construite soigneusement par l&rsquo;Eurogroupe et la Commission depuis les premiers jours du gouvernement Tsipras. Le pr\u00e9sident de l&rsquo;Eurogroupe, Jeroen Dijsselbloem n&rsquo;a jamais cach\u00e9 qu&rsquo;il n&rsquo;avait pas dig\u00e9r\u00e9 \u00ab\u00a0l&rsquo;humiliation\u00a0\u00bb du 30 janvier, lorsqu&rsquo;un Yanis Varoufakis, tr\u00e8s \u00e0 l&rsquo;aise, l&rsquo;avait surpris en proclamant la fin de la tro\u00efka.<br \/>\nL&rsquo;acm\u00e9 de ce <em>storytelling <\/em>a \u00e9t\u00e9 la r\u00e9union de Riga du 25 avril, lorsque le ministre grec a \u00e9t\u00e9 accus\u00e9 par ses dix-huit coll\u00e8gues d&rsquo;\u00eatre \u00e0 l&rsquo;origine du blocage. Ce m\u00eame <em>storytelling<\/em>, tiss\u00e9 avec soin par Jeroen Dijsselbloem le soir du 11 mai, a enfonc\u00e9 le clou en notant les \u00ab\u00a0progr\u00e8s\u00a0\u00bb des n\u00e9gociations une fois la \u00ab\u00a0rock star\u00a0\u00bb disparue.<\/h3>\n<h3 style=\"text-align: justify;\">Mais tout ceci n&rsquo;est qu&rsquo;un \u00e9cran de fum\u00e9e. Alexis Tsipras a \u00e9t\u00e9 soucieux d&rsquo;\u00f4ter rapidement un argument aux cr\u00e9anciers. Depuis, les n\u00e9gociations n&rsquo;ont en r\u00e9alit\u00e9 pas v\u00e9ritablement avanc\u00e9. La situation reste la m\u00eame\u00a0: les n\u00e9gociations n&rsquo;avancent que parce que la Gr\u00e8ce fait des concessions. Yanis Varoufakis ou pas, les blocages demeurent\u00a0: la Gr\u00e8ce refuse toujours les \u00ab\u00a0r\u00e9formes\u00a0\u00bb des retraites et du march\u00e9 du travail que lui r\u00e9clament ses cr\u00e9anciers.<\/h3>\n<h3 style=\"text-align: justify;\">Yanis Varoufakis n&rsquo;\u00e9tait, en r\u00e9alit\u00e9, pas le probl\u00e8me. Son rejet \u00e9tait le sympt\u00f4me d&rsquo;un rejet politique du nouveau gouvernement grec.<\/h3>\n<h2><span style=\"color: #008000;\">Le miroir amer tendu par le ministre \u00e0 ses coll\u00e8gues<\/span><\/h2>\n<h3 style=\"text-align: justify;\">La r\u00e9alit\u00e9 du \u00ab\u00a0probl\u00e8me Varoufakis\u00a0\u00bb est donc ailleurs. Elle peut se d\u00e9cliner en plusieurs points.<\/h3>\n<h3 style=\"text-align: justify;\">Le premier est la d\u00e9termination du ministre-\u00e9conomiste \u00e0 placer ses coll\u00e8gues devant leurs responsabilit\u00e9s. En 2010, Yanis Varoufakis s&rsquo;\u00e9tait oppos\u00e9 aux \u00ab\u00a0plans de sauvetage\u00a0\u00bb, jugeant, non sans raison, comme il le soulignait dans son ouvrage <em>Le Minotaure Plan\u00e9taire*<\/em>, que \u00ab\u00a0<em>les rem\u00e8des que l&rsquo;Europe applique sont pires que le mal\u00a0\u00bb.<\/em>\u00a0Pour lui, il \u00e9tait donc urgent &#8211; et c&rsquo;\u00e9tait la t\u00e2che \u00e0 lui assign\u00e9e par Alexis Tsipras &#8211; de rompre avec la logique du \u00ab\u00a0programme\u00a0\u00bb qui a conduit la Gr\u00e8ce dans une spirale d\u00e9flationniste et a d\u00e9truit une grande part de sa capacit\u00e9 productive. D&rsquo;o\u00f9 les coups de boutoir ass\u00e9n\u00e9s \u00e0 ce syst\u00e8me lors des premiers jours du gouvernement\u00a0: le refus de discuter avec la tro\u00efka, les demandes de restructuration de la dette, le blocage de l&rsquo;Eurogroupe sur la question du \u00ab\u00a0programme existant\u00a0\u00bb.<\/h3>\n<h3 style=\"text-align: justify;\">Pour les coll\u00e8gues de Yanis Varoufakis, cette remise en cause de la logique en place depuis 2010 est inacceptable. D&rsquo;abord parce que cette logique est le ciment de l&rsquo;Eurogroupe, lequel n&rsquo;a jamais fait de mea culpa sur cette politique. Mais surtout parce que cette politique remettait en cause un autre storytelling europ\u00e9en\u00a0: celui de la reprise de l&rsquo;\u00e9conomie grecque gr\u00e2ce aux \u00ab\u00a0<em>r\u00e9formes qui portent enfin leurs fruits\u00a0\u00bb<\/em>. Or, Yanis Varoufakis, en bon \u00e9conomiste, sait parfaitement que cette \u00ab\u00a0reprise\u00a0\u00bb est \u00e0 la fois de fa\u00e7ade et fragile. Apr\u00e8s un effondrement \u00e9conomique in\u00e9dit en temps de paix, seul un effort d&rsquo;investissement massif au niveau europ\u00e9en alli\u00e9 \u00e0 une restructuration de grande ampleur de la dette peut r\u00e9ellement contribuer \u00e0 redresser le pays. Mais cette vision s&rsquo;oppose \u00e0 la pens\u00e9e dominante de l&rsquo;Eurogroupe: la purge est n\u00e9cessaire et doit \u00eatre men\u00e9e jusqu&rsquo;au bout pour qu&rsquo;advienne\u00a0\u00ab\u00a0la croissance saine\u00a0\u00bb.<\/h3>\n<h3 style=\"text-align: justify;\">Yanis Varoufakis est donc, dans l&rsquo;Eurogroupe, un corps id\u00e9ologique \u00e9tranger qui leur tendrait le miroir hideux des erreurs de l&rsquo;Europe depuis 2010. En r\u00e9clamant un changement de politique envers la Gr\u00e8ce, le ministre hell\u00e9nique prend des allures de mauvaise conscience insupportable venant briser le mythe de la reprise radieuse qui succ\u00e8de \u00e0 l&rsquo;aust\u00e9rit\u00e9.<\/h3>\n<h3 style=\"text-align: justify;\">Et pire, il s&rsquo;ent\u00eate. Et c&rsquo;est l\u00e0 tout le sens de la d\u00e9ploration de la \u00ab\u00a0source europ\u00e9enne\u00a0\u00bb cit\u00e9e par \u00ab\u00a0Le Monde\u00a0\u00bb : en 2011 aussi, Evangelos Venizelos avait tent\u00e9 de mettre en garde contre ces erreurs. Mais, heureusement, il \u00e9tait rentr\u00e9 dans le rang. Et l&rsquo;on avait pu continuer cette politique insens\u00e9e qui a ruin\u00e9 la Gr\u00e8ce.<\/h3>\n<h3 style=\"text-align: justify;\">Quatre ans plus tard, Yanis Varoufakis ne peut accepter de faire la m\u00eame erreur. Et c&rsquo;est pourquoi il fallait l&rsquo;\u00e9carter.<\/h3>\n<h2><span style=\"color: #808000;\">L&rsquo;obsession de la justice sociale<\/span><\/h2>\n<h3 style=\"text-align: justify;\">Pourquoi cet ent\u00eatement\u00a0? Principalement, parce que le ministre a une obsession &#8211; et c&rsquo;est sa deuxi\u00e8me faute devant les cr\u00e9anciers-, celui de la justice sociale. Sa position est que l&rsquo;aust\u00e9rit\u00e9 pratiqu\u00e9e depuis cinq ans en Gr\u00e8ce a surtout fait payer les plus pauvres.<br \/>\nDes \u00e9tudes sont, du reste, venues lui donner raison. Il sait que la nature de la reprise ne pouvait gu\u00e8re renverser la vapeur et, l\u00e0 aussi, il demande donc une action urgente. D&rsquo;o\u00f9 son insistance, dans les deux premiers mois du gouvernement, \u00e0 int\u00e9grer aux discussions avec l&rsquo;Eurogroupe le traitement de \u00ab\u00a0l&rsquo;urgence humanitaire\u00a0\u00bb. Son ambition affich\u00e9e est politique\u00a0: le d\u00e9veloppement de la pauvret\u00e9 et la paup\u00e9risation des classes moyennes font \u00e9videmment le jeu des extr\u00eames.<\/h3>\n<h3 style=\"text-align: justify;\">La position du ministre grec est alors simple\u00a0: l&rsquo;Europe doit utiliser la victoire de Syriza comme une chance en \u00e9coutant ses propositions \u00ab\u00a0mod\u00e9r\u00e9es\u00a0\u00bb afin d&rsquo;\u00e9viter d&rsquo;avoir \u00e0 traiter avec les extr\u00eames, du type Aube Dor\u00e9e. <a href=\"http:\/\/www.ekathimerini.com\/4dcgi\/_w_articles_wsite1_1_05\/02\/2015_546927\">Le 5 f\u00e9vrier<\/a>, devant Wolfgang Sch\u00e4uble, il met ainsi en garde\u00a0:<\/h3>\n<h3 style=\"text-align: justify;\">\u00ab\u00a0<em>Quand je reviendrai chez moi ce soir, je me trouverai devant un parlement dans lequel le troisi\u00e8me parti n&rsquo;est pas un parti n\u00e9o-nazi, mais un parti nazi.<\/em>\u00a0\u00bb<br \/>\nMais ce discours est inaudible au sein d&rsquo;un Eurogroupe qui juge pr\u00e9cis\u00e9ment que les Grecs sont d\u00e9j\u00e0 aux mains d&rsquo;extr\u00e9mistes qu&rsquo;il faut mater (en avril, un officiel d\u00e9clarera qu&rsquo;Alexis Tsipras doit rompre avec son aile gauche). Les ministres de la zone euro n&rsquo;y voient qu&rsquo;un chantage \u00e0 Aube Dor\u00e9e pour leur arracher des concessions.<\/h3>\n<h3 style=\"text-align: justify;\">Surtout, le traitement \u00ab\u00a0social\u00a0\u00bb de la pauvret\u00e9 est, pour les Europ\u00e9ens, une erreur. L\u00e0 encore, l&rsquo;id\u00e9ologie joue \u00e0 plein. Dans la vision de l&rsquo;Eurogroupe, la lutte\u00a0contre la pauvret\u00e9\u00a0vient naturellement <em>apr\u00e8s<\/em>, c&rsquo;est une cons\u00e9quence de l&rsquo;assainissement et de la lib\u00e9ralisation de l&rsquo;\u00e9conomie. Ces deux \u00e9l\u00e9ments cr\u00e9ent de la richesse qui, <em>in fine<\/em>, se r\u00e9pand dans les couches les plus basses de l&rsquo;\u00e9conomie. La patience est donc une obligation. Mieux m\u00eame, tout traitement\u00a0\u00ab\u00a0social\u00a0\u00bb de ce probl\u00e8me freine la mutation \u00ab\u00a0structurelle\u00a0\u00bb n\u00e9cessaire en accroissant le r\u00f4le de l&rsquo;Etat et en cr\u00e9ant des distorsions sur le march\u00e9 de l&#8217;emploi.<\/h3>\n<h3 style=\"text-align: justify;\">Bref, les demandes de Yanis Varoufakis ne sont que du mis\u00e9rabilisme au mieux, du populisme au pire. On aura la preuve \u00e9vidente de cette id\u00e9ologie \u00e0 la mi-mars lorsqu&rsquo;un <a href=\"http:\/\/www.latribune.fr\/economie\/union-europeenne\/grece-ce-que-revele-le-refus-de-bruxelles-de-traiter-l-urgence-humanitaire-461789.html\">fonctionnaire europ\u00e9en tente de stopper la loi de lutte contre l&rsquo;urgence humanitaire<\/a>.<br \/>\nSur ce plan, Yanis Varoufakis a finalement eu raison des cr\u00e9anciers, la loi est pass\u00e9e. Mais cette victoire n&rsquo;est que partielle: la lutte contre la pauvret\u00e9 doit passer par un changement de politique, donc par la remise en cause de la logique du programme.<\/h3>\n<h2><span style=\"color: #008000;\">Un probl\u00e8me personnel qui cache un foss\u00e9 id\u00e9ologique<\/span><\/h2>\n<h3 style=\"text-align: justify;\">Le troisi\u00e8me point de rupture avec Yanis Varoufakis: il a en r\u00e9alit\u00e9 pay\u00e9 sa coh\u00e9rence. Le ministre hell\u00e9nique n&rsquo;a jamais abandonn\u00e9 ses objectifs. Jusqu&rsquo;\u00e0 ce lundi 11 mai au soir o\u00f9 il a r\u00e9p\u00e9t\u00e9 que les deux \u00ab\u00a0lignes rouges\u00a0\u00bb d&rsquo;Ath\u00e8nes \u00e9taient la fin du cercle vicieux d\u00e9flationniste et la meilleure r\u00e9partition de l&rsquo;effort. Bref, les deux pr\u00e9c\u00e9dents points de rupture.<\/h3>\n<h3 style=\"text-align: justify;\">A chacune de ses listes de r\u00e9formes, toutes rejet\u00e9s par l&rsquo;Eurogroupe, il a pris en compte ces deux \u00e9l\u00e9ments: meilleure justice dans la r\u00e9partition de l&rsquo;imp\u00f4t, lutte contre l&rsquo;\u00e9vasion fiscale des entreprises et des plus ais\u00e9s, facilitation de la reprise par la mise en place d&rsquo;un traitement des arri\u00e9r\u00e9s fiscaux pour les PME et les particuliers&#8230;<\/h3>\n<h3 style=\"text-align: justify;\">Le c\u0153ur du rejet de ces listes, comme celui de l&rsquo;agacement que susciterait\u00a0Yanis Varoufakis, ne r\u00e9side pas en r\u00e9alit\u00e9 dans les chemises fantaisie du ministre ou dans son aspect d\u00e9contract\u00e9 de rock star.\u00a0Il repose\u00a0sur des fondements id\u00e9ologiques.\u00a0Les cr\u00e9anciers europ\u00e9ens ne veulent pas admettre leurs erreurs pass\u00e9es, car c&rsquo;est tout le fondement de leur logique \u00e9conomique qui s&rsquo;effondrerait alors. Ils ne peuvent donc admettre les positions de Yanis Varoufakis. La volont\u00e9 de le discr\u00e9diter en permanence n&rsquo;est donc pas le fruit d&rsquo;une logique personnelle.<\/h3>\n<h2><span style=\"color: #808000;\">Les le\u00e7ons du Fran\u00e7ois Hollande de 2012<\/span><\/h2>\n<h3 style=\"text-align: justify;\">Beaucoup cependant s&rsquo;interrogent sur le style trop \u00ab\u00a0agressif\u00a0\u00bb du ministre grec. La critique est fr\u00e9quente du manque de \u00ab\u00a0sens politique\u00a0\u00bb de Yanis Varoufakis, qui\u00a0n&rsquo;a pas accept\u00e9 les r\u00e8gles en vigueur \u00e0 Bruxelles pour les contourner.<\/h3>\n<h3 style=\"text-align: justify;\">Ceci s&rsquo;explique cependant ais\u00e9ment par le pr\u00e9c\u00e9dent fran\u00e7ais. Comme il l&rsquo;avait soulign\u00e9, dix jours avant l&rsquo;\u00e9lection, dans un entretien accord\u00e9 \u00e0 \u00ab\u00a0La Tribune\u00a0\u00bb, Yanis Varoufakis a \u00e9t\u00e9 marqu\u00e9 par les suites de l&rsquo;\u00e9lection de Fran\u00e7ois Hollande qui, selon lui, n&rsquo;a <em>\u00ab\u00a0rien tent\u00e9\u00a0\u00bb<\/em> contre la logique aust\u00e9ritaire. Du coup, la strat\u00e9gie du compromis du pr\u00e9sident fran\u00e7ais en 2012, qui s&rsquo;est sold\u00e9e par un \u00e9chec patent (le fameux \u00ab\u00a0pacte de croissance\u00a0\u00bb dont l&rsquo;existence reste \u00e0 prouver) est devenu la strat\u00e9gie \u00e0 \u00e9viter par excellence.<\/h3>\n<h3 style=\"text-align: justify;\">Face \u00e0 un blocage id\u00e9ologique, le ministre grec a tent\u00e9 de forcer la d\u00e9cision en prenant d&#8217;embl\u00e9e des mesures fortes, comme la dissolution unilat\u00e9rale de la tro\u00efka. Le succ\u00e8s de cette strat\u00e9gie n&rsquo;est pas certain, mais elle a clairement mis les Europ\u00e9ens dans l&#8217;embarras, les confrontant aux cons\u00e9quences ultimes de leur propre fermet\u00e9.<\/h3>\n<h2><span style=\"color: #008000;\">La r\u00e9alit\u00e9 de la strat\u00e9gie europ\u00e9enne<\/span><\/h2>\n<h3 style=\"text-align: justify;\">En r\u00e9alit\u00e9, derri\u00e8re ce durcissement, la position de Yanis Varoufakis \u00e9tait une des plus mod\u00e9r\u00e9e au sein de Syriza. Le ministre grec a toujours \u00e9t\u00e9 d\u00e9favorable \u00e0 la sortie de la zone euro, il a toujours propos\u00e9 une solution europ\u00e9enne au probl\u00e8me grec.<br \/>\nAlexis Tsipras aurait pu nommer Costas Lapavitsas, par exemple, un \u00e9conomiste de Syriza clairement partisan de l&rsquo;annulation de la dette et de la sortie de l&rsquo;euro. Les cr\u00e9anciers auraient alors pu paniquer.<\/h3>\n<h3 style=\"text-align: justify;\">En d\u00e9truisant Yanis Varoufakis, les Europ\u00e9ens ont\u00a0d\u00e9voil\u00e9\u00a0leur but: non pas trouver un \u00ab\u00a0compromis\u00a0\u00bb raisonnable, mais mettre au pas un gouvernement qui ne leur convient pas. Comme le souligne dans la pr\u00e9face \u00e0 l&rsquo;\u00e9dition fran\u00e7aise du <em>Minotaure Plan\u00e9taire<\/em>, Yanis Varoufakis, \u00ab\u00a0<em>l&rsquo;Union europ\u00e9enne a, de longue date, pris l&rsquo;habitude de consid\u00e9rer la d\u00e9mocratie comme un luxe et un d\u00e9sagr\u00e9ment\u00a0\u00bb.<\/em><\/h3>\n<h3 style=\"text-align: justify;\"><em>\u00a0<a href=\"http:\/\/www.latribune.fr\/economie\/union-europeenne\/grece-pourquoi-yanis-varoufakis-est-il-insupportable-aux-europeens-475672.html\">http:\/\/www.latribune.fr\/economie\/union-europeenne\/grece-pourquoi-yanis-varoufakis-est-il-insupportable-aux-europeens-475672.html<\/a><\/em><\/h3>\n<gcse:search><\/gcse:search>","protected":false},"excerpt":{"rendered":"<p>La volont\u00e9 de l&rsquo;Eurogroupe de se d\u00e9barrasser du ministre grec des Finances ne repose pas sur un \u00ab\u00a0style\u00a0\u00bb, mais bien plut\u00f4t sur des divergences plus profondes.\u00a0 Il semble que l&rsquo;exercice soit devenu le passage oblig\u00e9 de tout journaliste travaillant sur les questions europ\u00e9ennes. Depuis quelques semaines, les colonnes des journaux s&#8217;emplissent d&rsquo;articles \u00e0 charge contre [&hellip;]<\/p>\n","protected":false},"author":1,"featured_media":0,"comment_status":"open","ping_status":"open","sticky":false,"template":"","format":"standard","meta":{"footnotes":""},"categories":[147],"tags":[117,16,205,23],"class_list":["post-15143","post","type-post","status-publish","format-standard","hentry","category-international","tag-democratie","tag-economie","tag-grece","tag-luttes"],"_links":{"self":[{"href":"https:\/\/alternatifs81.fr\/index.php?rest_route=\/wp\/v2\/posts\/15143","targetHints":{"allow":["GET"]}}],"collection":[{"href":"https:\/\/alternatifs81.fr\/index.php?rest_route=\/wp\/v2\/posts"}],"about":[{"href":"https:\/\/alternatifs81.fr\/index.php?rest_route=\/wp\/v2\/types\/post"}],"author":[{"embeddable":true,"href":"https:\/\/alternatifs81.fr\/index.php?rest_route=\/wp\/v2\/users\/1"}],"replies":[{"embeddable":true,"href":"https:\/\/alternatifs81.fr\/index.php?rest_route=%2Fwp%2Fv2%2Fcomments&post=15143"}],"version-history":[{"count":0,"href":"https:\/\/alternatifs81.fr\/index.php?rest_route=\/wp\/v2\/posts\/15143\/revisions"}],"wp:attachment":[{"href":"https:\/\/alternatifs81.fr\/index.php?rest_route=%2Fwp%2Fv2%2Fmedia&parent=15143"}],"wp:term":[{"taxonomy":"category","embeddable":true,"href":"https:\/\/alternatifs81.fr\/index.php?rest_route=%2Fwp%2Fv2%2Fcategories&post=15143"},{"taxonomy":"post_tag","embeddable":true,"href":"https:\/\/alternatifs81.fr\/index.php?rest_route=%2Fwp%2Fv2%2Ftags&post=15143"}],"curies":[{"name":"wp","href":"https:\/\/api.w.org\/{rel}","templated":true}]}}