{"id":14712,"date":"2015-03-24T17:16:05","date_gmt":"2015-03-24T16:16:05","guid":{"rendered":"http:\/\/alternatifs81.fr\/?p=14712"},"modified":"2015-03-24T17:27:19","modified_gmt":"2015-03-24T16:27:19","slug":"cest-quoi-la-securite-reflexion-collective-du-cercle-de-silence-de-marseille-tribune-libre","status":"publish","type":"post","link":"https:\/\/alternatifs81.fr\/?p=14712","title":{"rendered":"La s\u00e9curit\u00e9 ?  Tribune libre du Cercle de Silence de MARSEILLE.  (r\u00e9flexion collective)"},"content":{"rendered":"<h3 style=\"text-align: justify;\"><span style=\"font-size: medium; color: #808000;\"><i>Les copains, les coll\u00e8gues, les camarades, les fr\u00e8res (Libert\u00e9, \u00c9galit\u00e9 <b>Fraternit\u00e9<\/b>) qui participaient au Cercle de Silence de Marseille, le 19 mars dernier, ont r\u00e9fl\u00e9chi sur la s\u00e9curit\u00e9\u00a0: voil\u00e0 leurs r\u00e9flexions.<\/i><\/span><\/h3>\n<h3 style=\"text-align: justify;\"><a href=\"http:\/\/alternatifs81.fr\/wp-content\/uploads\/Cercle-Silence-300x2922.png\" rel=\"lightbox[14712]\"><img loading=\"lazy\" decoding=\"async\" class=\"alignleft wp-image-7447\" src=\"http:\/\/alternatifs81.fr\/wp-content\/uploads\/Cercle-Silence-300x2922-150x150.png\" alt=\"Cercle-Silence-300x292\" width=\"250\" height=\"243\" \/><\/a>Surtout en p\u00e9riode \u00e9lectorale, les questions de s\u00e9curit\u00e9 sont mises en avant pour justifier des mesures polici\u00e8res de surveillance accrue et de m\u00e9fiance, tout particuli\u00e8rement \u00e0 l\u2019\u00e9gard des personnes \u00e9trang\u00e8res.<br \/>\nNous pensons souhaitable de se poser quelques questions et avant tout celle-ci :<br \/>\nQu\u2019est-ce que la \u00ab\u00a0s\u00e9curit\u00e9 que l\u2019on invoque si souvent ?<br \/>\nEst-ce le fait de n\u2019avoir \u00e0 faire face \u00e0 aucun danger ? Aujourd\u2019hui et depuis une vingtaine d\u2019ann\u00e9es, c\u2019est ce que l\u2019on nous dit ; et cela se traduit par une recrudescence de policiers, de cam\u00e9ras de surveillance, de portes \u00e9lectroniquement ferm\u00e9es, d\u2019appels \u00e0 la m\u00e9fiance\u2026 Cela ne nous m\u00e8ne-t-il pas directement dans des sortes de prisons que nous aurons nous-m\u00eames \u00e9difi\u00e9es ? Cette demande n\u2019est-elle pas sans r\u00e9ponse, car le\u00a0 \u00ab\u00a0z\u00e9ro danger\u00a0\u00bb n\u2019existe tout simplement pas ?<br \/>\nLes anciens consid\u00e9raient que la v\u00e9ritable s\u00e9curit\u00e9 est la s\u00e9r\u00e9nit\u00e9 face au danger, une s\u00e9r\u00e9nit\u00e9 qui nous permet d\u2019y faire face avec sagesse et efficacit\u00e9, qui nous \u00e9vite de consid\u00e9rer comme un danger ce et ceux qui n\u2019en sont pas. Car la peur est mauvaise conseill\u00e8re, elle nous enferme et nous rend irrationnels.<\/h3>\n<p><!--more--><\/p>\n<h3 style=\"text-align: justify;\">La s\u00e9curit\u00e9, pour nous, c\u2019est avant tout le droit de pouvoir vivre dignement, en bonne sant\u00e9, et en harmonie avec ses semblables et la nature qui nous accueille. A l\u2019inverse, l\u2019ins\u00e9curit\u00e9, c\u2019est d\u2019abord le ch\u00f4mage, m\u00eame lorsqu\u2019il se cache derri\u00e8re des petits boulots exploit\u00e9s, le d\u00e9mant\u00e8lement des services publics, sous pr\u00e9texte que nous ne pourrions plus nous les payer, alors qu\u2019ils ont \u00e9t\u00e9 mis en place apr\u00e8s la seconde guerre dans un pays en ruine et sans moyens. La s\u00e9curit\u00e9, c\u2019est le droit d\u2019avoir les moyens suffisants pour se nourrir correctement, et non de se faire empoisonner \u00e0 petit feu par la malbouffe dans laquelle les produits chimiques l\u2019emportent sur les produits naturels.<br \/>\nCe sont d\u2019ailleurs toutes ces ins\u00e9curit\u00e9s et celles qui sont li\u00e9es \u00e0 la guerre et la mis\u00e8re qui finissent par pousser quantit\u00e9 de personnes \u00e0 l\u2019exil.<br \/>\nLa source de la s\u00e9curit\u00e9 ne peut r\u00e9sider que dans la justice, l\u2019\u00e9quit\u00e9, le respect de tous les droits fondamentaux dont le seul sujet est l\u2019\u00eatre humain, tout \u00eatre humain.<br \/>\nUne soci\u00e9t\u00e9 en s\u00e9curit\u00e9 est une soci\u00e9t\u00e9 dans laquelle le travail est un droit effectif, tous les droits sociaux une r\u00e9alit\u00e9 accessible pour tous ;<br \/>\nUne soci\u00e9t\u00e9 dans laquelle le sens de l\u2019humain est la r\u00e9f\u00e9rence premi\u00e8re et ultime ; une soci\u00e9t\u00e9 qui recherche \u00e0 d\u00e9velopper la qualit\u00e9 des liens sociaux de solidarit\u00e9, et renonce \u00e0 multiplier les biens mat\u00e9riels au-del\u00e0 de ce qui est n\u00e9cessaire et suffisant pour vivre dignement et en accord avec la nature.<\/h3>\n<p>&nbsp;<\/p>\n<p align=\"JUSTIFY\"><span style=\"color: #008000;\"><strong><em>Je vous propose aussi de regarder le t\u00e9moignage des membres du groupe ZEBDA de Toulouse, \u00e0 propos de la campagne valeur ajout\u00e9e de la Cimade.<\/em><\/strong><\/span><\/p>\n<h3 align=\"JUSTIFY\"><span id=\"OBJ_PREFIX_DWT175_com_zimbra_url\" class=\"Object\"><span id=\"OBJ_PREFIX_DWT177_com_zimbra_url\" class=\"Object\"><a href=\"http:\/\/www.valeurajoutee.lacimade.org\/\" target=\"_blank\">http:\/\/www.valeurajoutee.lacimade.org\/<\/a><\/span><\/span><\/h3>\n<h3><span style=\"color: #0000ff;\">Eric VERGNIOL<\/span><\/h3>\n<gcse:search><\/gcse:search>","protected":false},"excerpt":{"rendered":"<p>Les copains, les coll\u00e8gues, les camarades, les fr\u00e8res (Libert\u00e9, \u00c9galit\u00e9 Fraternit\u00e9) qui participaient au Cercle de Silence de Marseille, le 19 mars dernier, ont r\u00e9fl\u00e9chi sur la s\u00e9curit\u00e9\u00a0: voil\u00e0 leurs r\u00e9flexions. Surtout en p\u00e9riode \u00e9lectorale, les questions de s\u00e9curit\u00e9 sont mises en avant pour justifier des mesures polici\u00e8res de surveillance accrue et de m\u00e9fiance, tout [&hellip;]<\/p>\n","protected":false},"author":1,"featured_media":0,"comment_status":"open","ping_status":"open","sticky":false,"template":"","format":"standard","meta":{"footnotes":""},"categories":[217],"tags":[119,103,50],"class_list":["post-14712","post","type-post","status-publish","format-standard","hentry","category-libertes","tag-cercle-du-silence","tag-demarche-citoyenne","tag-discriminations"],"_links":{"self":[{"href":"https:\/\/alternatifs81.fr\/index.php?rest_route=\/wp\/v2\/posts\/14712","targetHints":{"allow":["GET"]}}],"collection":[{"href":"https:\/\/alternatifs81.fr\/index.php?rest_route=\/wp\/v2\/posts"}],"about":[{"href":"https:\/\/alternatifs81.fr\/index.php?rest_route=\/wp\/v2\/types\/post"}],"author":[{"embeddable":true,"href":"https:\/\/alternatifs81.fr\/index.php?rest_route=\/wp\/v2\/users\/1"}],"replies":[{"embeddable":true,"href":"https:\/\/alternatifs81.fr\/index.php?rest_route=%2Fwp%2Fv2%2Fcomments&post=14712"}],"version-history":[{"count":0,"href":"https:\/\/alternatifs81.fr\/index.php?rest_route=\/wp\/v2\/posts\/14712\/revisions"}],"wp:attachment":[{"href":"https:\/\/alternatifs81.fr\/index.php?rest_route=%2Fwp%2Fv2%2Fmedia&parent=14712"}],"wp:term":[{"taxonomy":"category","embeddable":true,"href":"https:\/\/alternatifs81.fr\/index.php?rest_route=%2Fwp%2Fv2%2Fcategories&post=14712"},{"taxonomy":"post_tag","embeddable":true,"href":"https:\/\/alternatifs81.fr\/index.php?rest_route=%2Fwp%2Fv2%2Ftags&post=14712"}],"curies":[{"name":"wp","href":"https:\/\/api.w.org\/{rel}","templated":true}]}}