{"id":14658,"date":"2015-03-19T10:04:58","date_gmt":"2015-03-19T09:04:58","guid":{"rendered":"http:\/\/alternatifs81.fr\/?p=14658"},"modified":"2015-03-19T11:26:16","modified_gmt":"2015-03-19T10:26:16","slug":"quel-beau-pays-mathieu-colloghan","status":"publish","type":"post","link":"https:\/\/alternatifs81.fr\/?p=14658","title":{"rendered":"FORMIDABLE MOBILISATION POPULAIRE ! Mathieu COLLOGHAN"},"content":{"rendered":"<h3 class=\"texte\" dir=\"ltr\" style=\"text-align: justify;\"><a href=\"http:\/\/alternatifs81.fr\/wp-content\/uploads\/je-suis-Z.jpg\" rel=\"lightbox[14658]\"><img loading=\"lazy\" decoding=\"async\" class=\"alignleft wp-image-14662\" src=\"http:\/\/alternatifs81.fr\/wp-content\/uploads\/je-suis-Z-150x150.jpg\" alt=\"Charlie Hebdo support in Nice France\" width=\"250\" height=\"133\" srcset=\"https:\/\/alternatifs81.fr\/wp-content\/uploads\/je-suis-Z-300x160.jpg 300w, https:\/\/alternatifs81.fr\/wp-content\/uploads\/je-suis-Z.jpg 1000w\" sizes=\"auto, (max-width: 250px) 100vw, 250px\" \/><\/a>Qu\u2019est-ce qu\u2019elles sont \u00e9mouvantes ces images qui vont faire le tour du monde&#8230;<br \/>\n\u00c0 Paris, \u00e0 Marseille, dans toutes les grandes villes, ces cort\u00e8ges d\u2019hommes et de femmes de tout \u00e2ge, de toutes couleurs, l\u2019air grave, r\u00e9unis dans une m\u00eame \u00e9motion. Ces pancartes lev\u00e9es par millions\u00a0 \u00ab\u00a0Je Suis Zyed, je suis Bouna\u00a0\u00bb.<br \/>\nCe premier ministre, au bord des larmes, qui s\u2019interroge \u00e0 haute voix\u00a0:\u00a0 \u00ab\u00a0quel est donc ce pays o\u00f9 la police tue nos enfants, les enfants de la R\u00e9publique\u00a0?\u00a0\u00bb. Sur les plateaux t\u00e9l\u00e9, des \u00e9ditorialistes de droite se demandent ce qui cloche dans notre \u00ab\u00a0vivre ensemble\u00a0\u00bb pour que des jeunes, \u00e0 la vue de policiers, partent en courant.<\/h3>\n<p><!--more--><\/p>\n<h3 class=\"texte\" dir=\"ltr\" style=\"text-align: justify;\">Des sociologues de gauche r\u00e9pondent, sur d\u2019autres plateaux\u00a0 \u00ab\u00a0mais pourquoi donc des policiers courent apr\u00e8s ces jeunes\u00a0?\u00a0\u00bb<br class=\"autobr\" \/> Des personnalit\u00e9s du monde entier, des chefs d\u2019Etat au bilan d\u00e9mocratique contestable, se pr\u00e9cipitent pour \u00eatre sur la photo \u00e0 Paris. Le tout Paris, intellectuels \u00e0 la g\u00e2chette, humoriste de plateau t\u00e9l\u00e9, chanteurs et sportifs se joignent au cort\u00e8ge. Partout le m\u00eame souffle\u00a0: \u00ab\u00a0je Suis Zyed, je suis Bouna\u00a0\u00bb.<br class=\"autobr\" \/> Le premier ministre, \u00e0 qui personne n\u2019avait rien demand\u00e9, invite la droite \u00ab\u00a0\u00e0 rejoindre les cort\u00e8ges citoyens\u00a0\u00bb. Le FN ne sera pas le bienvenu.<\/h3>\n<h3 class=\"texte\" dir=\"ltr\" style=\"text-align: justify;\">Djordje Clooney, lors de la remise de l\u2019Emmy machin ou du Golden truc se penche sur son pupitre, grave, tenant d\u2019une main son Nespresso, de l\u2019autre le micro et, en fran\u00e7ais\u00a0: \u00ab\u00a0Je souis Dzyed, dje souis Bouna\u00a0\u00bb. \u00c9motion.<br class=\"autobr\" \/> Le ministre de la matraque donne des consignes\u00a0: il ne laissera aucun policier contester ou interroger la minute de silence dans les commissariats. Alliance, le syndicat de matraqueurs d\u2019extr\u00eame-droite d\u00e9clenche une pol\u00e9mique en \u00e9voquant de possibles circonstances att\u00e9nuantes pour les policiers assassins. Dieudonn\u00e9, \u00e0 peine sorti du Palais de justice pour une autre affaire, diffuse sur la toile un \u00ab\u00a0<span id=\"OBJ_PREFIX_DWT4618_com_zimbra_date\" class=\"Object\">ce soir<\/span> j\u2019ai envie de dire que je me sens transfo\u00a0\u00bb qui le renvoie illico en garde \u00e0 vue.<br class=\"autobr\" \/> Le Herald titre sur cette le\u00e7on de d\u00e9mocratie qui vient du vieux continent\u00a0: \u00ab\u00a0On ne laisse pas mourir dans l\u2019indiff\u00e9rence deux enfants parce qu\u2019ils sont noirs ou arabes\u00a0: C\u2019est \u00e7a le vivre-ensemble \u201d\u00e0 la fran\u00e7aise\u201d \u00ab\u00a0.<br \/>\n\u00c0 ce moment, au prix exorbitant de ces deux morts, dans toutes les villes, tous les quartiers, tout le territoire national, devant cette d\u00e9monstration \u00e0 grande \u00e9chelle que non, il n\u2019y a pas deux poids deux mesures , on se sent une m\u00eame communaut\u00e9 de destin.<\/p>\n<p><span style=\"color: #808000;\"> Mais en fait, non.<\/span><br class=\"autobr\" \/><span style=\"color: #008000;\"> C\u2019est pas \u00e7a qui s\u2019est pass\u00e9.<\/span><\/p>\n<p><span style=\"color: #0000ff;\"> Mathieu COLLOGHAN<\/span><\/h3>\n<gcse:search><\/gcse:search>","protected":false},"excerpt":{"rendered":"<p>Qu\u2019est-ce qu\u2019elles sont \u00e9mouvantes ces images qui vont faire le tour du monde&#8230; \u00c0 Paris, \u00e0 Marseille, dans toutes les grandes villes, ces cort\u00e8ges d\u2019hommes et de femmes de tout \u00e2ge, de toutes couleurs, l\u2019air grave, r\u00e9unis dans une m\u00eame \u00e9motion. Ces pancartes lev\u00e9es par millions\u00a0 \u00ab\u00a0Je Suis Zyed, je suis Bouna\u00a0\u00bb. Ce premier ministre, [&hellip;]<\/p>\n","protected":false},"author":1,"featured_media":0,"comment_status":"open","ping_status":"open","sticky":false,"template":"","format":"standard","meta":{"footnotes":""},"categories":[244],"tags":[103,117,23],"class_list":["post-14658","post","type-post","status-publish","format-standard","hentry","category-point-de-vue","tag-demarche-citoyenne","tag-democratie","tag-luttes"],"_links":{"self":[{"href":"https:\/\/alternatifs81.fr\/index.php?rest_route=\/wp\/v2\/posts\/14658","targetHints":{"allow":["GET"]}}],"collection":[{"href":"https:\/\/alternatifs81.fr\/index.php?rest_route=\/wp\/v2\/posts"}],"about":[{"href":"https:\/\/alternatifs81.fr\/index.php?rest_route=\/wp\/v2\/types\/post"}],"author":[{"embeddable":true,"href":"https:\/\/alternatifs81.fr\/index.php?rest_route=\/wp\/v2\/users\/1"}],"replies":[{"embeddable":true,"href":"https:\/\/alternatifs81.fr\/index.php?rest_route=%2Fwp%2Fv2%2Fcomments&post=14658"}],"version-history":[{"count":0,"href":"https:\/\/alternatifs81.fr\/index.php?rest_route=\/wp\/v2\/posts\/14658\/revisions"}],"wp:attachment":[{"href":"https:\/\/alternatifs81.fr\/index.php?rest_route=%2Fwp%2Fv2%2Fmedia&parent=14658"}],"wp:term":[{"taxonomy":"category","embeddable":true,"href":"https:\/\/alternatifs81.fr\/index.php?rest_route=%2Fwp%2Fv2%2Fcategories&post=14658"},{"taxonomy":"post_tag","embeddable":true,"href":"https:\/\/alternatifs81.fr\/index.php?rest_route=%2Fwp%2Fv2%2Ftags&post=14658"}],"curies":[{"name":"wp","href":"https:\/\/api.w.org\/{rel}","templated":true}]}}