{"id":14645,"date":"2015-03-18T22:14:40","date_gmt":"2015-03-18T21:14:40","guid":{"rendered":"http:\/\/alternatifs81.fr\/?p=14645"},"modified":"2015-05-10T07:43:38","modified_gmt":"2015-05-10T06:43:38","slug":"communique-dalternatives-et-autogestion-mouvement-issu-des-alternatifs","status":"publish","type":"post","link":"https:\/\/alternatifs81.fr\/?p=14645","title":{"rendered":"Naissance d&rsquo;Alternatives et Autogestion, mouvement issu des Alternatifs"},"content":{"rendered":"<h3 style=\"text-align: justify;\"><em><span style=\"color: #808000;\">\u00ab\u00a0La t\u00e2che est grande<\/span><\/em><br \/>\n<em><span style=\"color: #808000;\">On y suffit \u00e0 peine.<\/span><\/em><br \/>\n<em><span style=\"color: #808000;\">Il faut d&rsquo;abord refaire la vie,<\/span><\/em><br \/>\n<em><span style=\"color: #808000;\">une fois faite on pourra la chanter \u00ab\u00a0. (&#8230;.)<\/span> <\/em><\/h3>\n<h3 style=\"text-align: justify;\"><span style=\"color: #0000ff;\">Vladimir Ma\u00efakovski <em>(\u00c9coutez si on allume les \u00e9toiles )<\/em><\/span><\/h3>\n<h3 style=\"text-align: justify;\"><a href=\"http:\/\/alternatifs81.fr\/wp-content\/uploads\/logoAA.jpg\" rel=\"lightbox[14645]\"><img loading=\"lazy\" decoding=\"async\" class=\"alignleft wp-image-14661\" src=\"http:\/\/alternatifs81.fr\/wp-content\/uploads\/logoAA-150x150.jpg\" alt=\"logoAA\" width=\"250\" height=\"139\" srcset=\"https:\/\/alternatifs81.fr\/wp-content\/uploads\/logoAA-300x167.jpg 300w, https:\/\/alternatifs81.fr\/wp-content\/uploads\/logoAA.jpg 697w\" sizes=\"auto, (max-width: 250px) 100vw, 250px\" \/><\/a>Le congr\u00e8s extraordinaire des Alternatifs du 15 mars 2015 a tranch\u00e9.<br \/>\nUne majorit\u00e9 \u00e0 choisi de mettre fin \u00e0 l&rsquo;aventure qui nous liait depuis 17 ans et d\u00e9cid\u00e9 de rejoindre Ensemble! C&rsquo;est son choix et nous le respecterons.<br \/>\nNous avons d\u00e9cid\u00e9 de continuer cette aventure alternative :<br \/>\n&#8211; de faire vivre un projet autogestionnaire, solidaire, f\u00e9ministe et\u00a0 \u00e9cologiste.<br \/>\n&#8211; d&rsquo;agir pour concr\u00e9tiser dans tous nos lieux de vie des m\u00e9thodes et pratiques autogestionnaires<br \/>\n&#8211; de d\u00e9noncer et lutter contre des modes de production qui oppriment les plus faibles<br \/>\n&#8211; de combattre toutes les in\u00e9galit\u00e9s qui frappent les femmes en particulier<br \/>\n&#8211; et enfin de lutter pour une r\u00e9elle \u00e9cologie, pour la biodiversit\u00e9 et la protection animale, contre le nucl\u00e9aire, les grands projets inutiles, la mal-bouffe &#8230;..<\/h3>\n<h3 style=\"text-align: justify;\">Si ce projet vous int\u00e9resse, construisez-le avec nous!<\/h3>\n<h3 class=\"\"><span style=\"color: #000000;\"><span style=\"font-family: Arial,Helvetica,sans-serif;\"><span style=\"text-decoration: underline;\">mail:<\/span>\u00a0\u00a0\u00a0\u00a0\u00a0\u00a0 <\/span><\/span><span class=\"Apple-style-span\" style=\"color: #ff0000;\"><a id=\"contact@alternatives-et-autogestion.org_body\" class=\"adr black-to-orange contextEntry\" href=\"https:\/\/webmail1m.orange.fr\/webmail\/fr_FR\/read.html?FOLDER=SF_INBOX&amp;IDMSG=135772&amp;check=&amp;SORTBY=1#\" target=\"_blank\">contact@alternatives-et-autogestion.org<\/a><\/span><span style=\"color: #000000;\"><span style=\"font-family: Arial,Helvetica,sans-serif;\"><br \/>\n<span style=\"text-decoration: underline;\">internet :<\/span><\/span><\/span>\u00a0\u00a0 <span id=\"OBJ_PREFIX_DWT481_com_zimbra_url\" class=\"Object\"><a href=\"http:\/\/alternatives-et-autogestion.org\" target=\"_blank\">http:\/\/alternatives-et-autogestion.org<\/a><\/span><\/h3>\n<h3 style=\"text-align: justify;\"><\/h3>\n<p>&nbsp;<\/p>\n<gcse:search><\/gcse:search>","protected":false},"excerpt":{"rendered":"<p>\u00ab\u00a0La t\u00e2che est grande On y suffit \u00e0 peine. Il faut d&rsquo;abord refaire la vie, une fois faite on pourra la chanter \u00ab\u00a0. (&#8230;.) Vladimir Ma\u00efakovski (\u00c9coutez si on allume les \u00e9toiles ) Le congr\u00e8s extraordinaire des Alternatifs du 15 mars 2015 a tranch\u00e9. Une majorit\u00e9 \u00e0 choisi de mettre fin \u00e0 l&rsquo;aventure qui nous [&hellip;]<\/p>\n","protected":false},"author":1,"featured_media":0,"comment_status":"open","ping_status":"open","sticky":false,"template":"","format":"standard","meta":{"footnotes":""},"categories":[348],"tags":[43,103],"class_list":["post-14645","post","type-post","status-publish","format-standard","hentry","category-construire-des-alternatives","tag-appel","tag-demarche-citoyenne"],"_links":{"self":[{"href":"https:\/\/alternatifs81.fr\/index.php?rest_route=\/wp\/v2\/posts\/14645","targetHints":{"allow":["GET"]}}],"collection":[{"href":"https:\/\/alternatifs81.fr\/index.php?rest_route=\/wp\/v2\/posts"}],"about":[{"href":"https:\/\/alternatifs81.fr\/index.php?rest_route=\/wp\/v2\/types\/post"}],"author":[{"embeddable":true,"href":"https:\/\/alternatifs81.fr\/index.php?rest_route=\/wp\/v2\/users\/1"}],"replies":[{"embeddable":true,"href":"https:\/\/alternatifs81.fr\/index.php?rest_route=%2Fwp%2Fv2%2Fcomments&post=14645"}],"version-history":[{"count":0,"href":"https:\/\/alternatifs81.fr\/index.php?rest_route=\/wp\/v2\/posts\/14645\/revisions"}],"wp:attachment":[{"href":"https:\/\/alternatifs81.fr\/index.php?rest_route=%2Fwp%2Fv2%2Fmedia&parent=14645"}],"wp:term":[{"taxonomy":"category","embeddable":true,"href":"https:\/\/alternatifs81.fr\/index.php?rest_route=%2Fwp%2Fv2%2Fcategories&post=14645"},{"taxonomy":"post_tag","embeddable":true,"href":"https:\/\/alternatifs81.fr\/index.php?rest_route=%2Fwp%2Fv2%2Ftags&post=14645"}],"curies":[{"name":"wp","href":"https:\/\/api.w.org\/{rel}","templated":true}]}}