{"id":14640,"date":"2015-03-18T18:00:32","date_gmt":"2015-03-18T17:00:32","guid":{"rendered":"http:\/\/alternatifs81.fr\/?p=14640"},"modified":"2015-03-21T09:36:12","modified_gmt":"2015-03-21T08:36:12","slug":"cercle-de-silence-de-castres-vendredi-27-mars-2015-de-18-h-a-19-h","status":"publish","type":"post","link":"https:\/\/alternatifs81.fr\/?p=14640","title":{"rendered":"CERCLE DE SILENCE de Castres Vendredi 27 mars 2015,  de 18 h \u00e0 19 h"},"content":{"rendered":"<h3 style=\"text-align: justify;\"><span style=\"font-size: small;\"><span style=\"color: #808000;\"><strong><a href=\"http:\/\/alternatifs81.fr\/wp-content\/uploads\/cercle-de-silence5.jpg\" rel=\"lightbox[14640]\"><img loading=\"lazy\" decoding=\"async\" class=\"alignleft wp-image-6963\" src=\"http:\/\/alternatifs81.fr\/wp-content\/uploads\/cercle-de-silence5.jpg\" alt=\"cercle-de-silence\" width=\"200\" height=\"188\" \/><\/a>Deux choses sont \u00e0 craindre lors des prochaines \u00e9lections : l&rsquo;abstention et l&rsquo;arriv\u00e9e au pouvoir de parti extr\u00eame que cette abstention favorisera. <\/strong><\/span><br \/>\nCeux qui nous gouvernent font peu de choses pour les sans papiers, pourtant ce sont des humains et \u00e0 ce titre ils doivent \u00eatre trait\u00e9s avec plus de dignit\u00e9.<br \/>\nParmi les pr\u00e9rogatives de l&rsquo;Assembl\u00e9e d\u00e9partementale il y a le Social. Que va-t-il arriver si nous laissons des politiques qui ne pensent qu&rsquo;\u00e0 leur pouvoir, leur profit et leur confort au d\u00e9triment des plus d\u00e9favoris\u00e9s parmi lesquels \u00a0\u00bb les Sans Papiers\u00a0\u00bb.?<br \/>\nIl sont l\u00e0.<br \/>\nDevons-nous les laisser croupir dans le plus grand d\u00e9nuement ? Acceptons-nous que l&rsquo;on enferme des enfants (ce qui est contraire \u00e0 la loi), que l&rsquo;on s\u00e9pare des familles ?<\/span><\/h3>\n<h3>Pensez-y au moment de voter, et venez apporter votre soutien en participant au<\/h3>\n<p><strong><span style=\"font-size: small;\"><span style=\"color: #808000;\">prochain CERCLE DE SILENCE de Castres<\/span><br \/>\n<span style=\"color: #808000;\"><span id=\"OBJ_PREFIX_DWT1028_com_zimbra_date\" class=\"Object\">Vendredi<\/span> 27 mars de 18 h \u00e0 19 h<\/span><br \/>\n<span style=\"color: #808000;\">Place Jean Jaur\u00e8s<\/span><\/span><\/strong><!--more--><\/p>\n<p>&nbsp;<\/p>\n<h3>On ne vide pas Calais \u00e0 coups d\u2019OQTF<br \/>\nADDE &#8211; Gisti &#8211; La Cimade<br \/>\nLe pr\u00e9fet du Pas-de-Calais condamn\u00e9 pour d\u00e9tournement de pouvoir<\/h3>\n<p>Pour vider la ville de ses \u00ab ind\u00e9sirables \u00bb, \u00e0 plusieurs reprises le pr\u00e9c\u00e9dent pr\u00e9fet a d\u00e9tourn\u00e9 un pouvoir tr\u00e8s coercitif que la loi met \u00e0 sa disposition : celui d\u2019expulser du territoire fran\u00e7ais des personnes sans autorisation de s\u00e9jour.<\/p>\n<p>Ainsi, le 2 juillet 2014, pour d\u00e9loger des occupants sans titre de la rue de Moscou, le pr\u00e9fet prononce en l\u2019espace de quelques heures 205 obligations de quitter le territoire fran\u00e7ais (OQTF) \u00e0 destination de l\u2019\u00c9rythr\u00e9e, du Soudan ou de l\u2019Afghanistan.<\/p>\n<p>La rafle et la tentative d\u2019expulsion ont un caract\u00e8re manifestement collectif, au d\u00e9triment de l\u2019examen des situations individuelles. Les personnes interpell\u00e9es font l\u2019objet d\u2019auditions \u00e9clair qui s\u2019encha\u00eenent \u00e0 raison d\u2019une toutes les dix minutes.<\/p>\n<p>Et le 2 juillet au soir, le but du pr\u00e9fet est atteint : la rue de Moscou et ses alentours sont vid\u00e9s des migrants, et le maigre mat\u00e9riel de survie distribu\u00e9 par les associations humanitaires s\u2019empile dans des bennes \u00e0 ordures g\u00e9antes, pour les dissuader de revenir.<\/p>\n<p>Il faut rappeler pourtant que la veille, la Cour europ\u00e9enne des droits de l&rsquo;Homme, qui avait \u00e9t\u00e9 saisie en urgence par six migrants de Calais avait autoris\u00e9 cette \u00e9vacuation du terrain parce qu\u2019elle estimait avoir re\u00e7u des garanties suffisantes de la part des autorit\u00e9s fran\u00e7aises concernant notamment l\u2019h\u00e9bergement d\u2019urgence des personnes \u00e9vacu\u00e9es et leur acc\u00e8s aux droits, dont celui de solliciter l\u2019asile.<\/p>\n<p>Or dans les faits, et en guise d\u2019h\u00e9bergement, juste apr\u00e8s le d\u00e9mant\u00e8lement du camp, ces 205 personnes ont \u00e9t\u00e9 conduites par les forces de l\u2019ordre, de nuit, en fourgon, vers Rennes, Lille, Metz ou encore en r\u00e9gion parisienne pour \u00eatre ill\u00e9galement priv\u00e9es de libert\u00e9 dans des centres de r\u00e9tention, avec la peur d\u2019\u00eatre expuls\u00e9es vers des pays en situation de violence g\u00e9n\u00e9ralis\u00e9e.<\/p>\n<p>Une partie de ces personnes sera remise en libert\u00e9 par les juridictions qui sanctionnent nombre de violations des droits.<\/p>\n<p>Parmi la soixantaine de personnes enferm\u00e9es au centre de r\u00e9tention du Mesnil-Amelot, quarante-quatre d\u2019entre elles parviennent \u00e0 saisir la justice avec le soutien de l\u2019ADDE, du Gisti et de La Cimade.<\/p>\n<p>Certainement conscient de l\u2019ill\u00e9galit\u00e9 de ses arr\u00eat\u00e9s et du fait qu\u2019ils risquaient fort d\u2019\u00eatre annul\u00e9s par le tribunal, le pr\u00e9fet du Pas-de-Calais lib\u00e8re in extremis les requ\u00e9rants le matin m\u00eame de l\u2019audience du 7 juillet, sans aucune explication, les emp\u00eachant ainsi mat\u00e9riellement de se rendre au tribunal administratif de Melun situ\u00e9 \u00e0 80 kilom\u00e8tres de l\u00e0.<\/p>\n<p>Sept mois plus tard et apr\u00e8s un avis du Conseil d\u2019\u00c9tat, le tribunal, r\u00e9uni en formation coll\u00e9giale, a censur\u00e9 cette grave violation de la l\u00e9galit\u00e9 : \u00ab en prenant, dans le cadre de ses pouvoirs aff\u00e9rents \u00e0 la police des \u00e9trangers, une d\u00e9cision destin\u00e9e \u00e0 ex\u00e9cuter une mesure sollicit\u00e9e par le maire de Calais dans le cadre de ses pouvoirs de police municipale et de conservation du domaine public communal, le pr\u00e9fet du Pas-de-Calais a donc commis un d\u00e9tournement de pouvoir \u00bb.<\/p>\n<p>En d&rsquo;autres termes, pour le tribunal, la r\u00e9tention aurait pu \u00eatre justifi\u00e9e si le pr\u00e9fet avait \u00e9t\u00e9 en mesure d&rsquo;organiser l&rsquo;expulsion des personnes Or le jugement souligne \u00ab l\u2019absence d\u2019acte r\u00e9v\u00e9lant une volont\u00e9 de proc\u00e9der effectivement \u00e0 un \u00e9loignement hors du territoire fran\u00e7ais \u00bb, et consid\u00e8re que ces mesures ont \u00e9t\u00e9 \u00e9dict\u00e9es dans l\u2019unique but de pr\u00eater main forte au maire qui souhaitait \u00e9loigner les occupants du terrain de Calais et les emp\u00eacher de revenir.<\/p>\n<p>Malgr\u00e9 cette d\u00e9cision positive, nous d\u00e9plorons l\u2019immense g\u00e2chis humain et l\u2019absence de solution sur le long terme. Comment une op\u00e9ration d\u2019une telle envergure a-t-elle pu \u00eatre envisag\u00e9e et planifi\u00e9e par les autorit\u00e9s au m\u00e9pris du respect des droits les plus fondamentaux ?<\/p>\n<p>Une autre question se pose d\u2019ores et d\u00e9j\u00e0 avec urgence : la nouvelle pr\u00e9f\u00e8te de Calais tirera-t-elle les le\u00e7ons de cette d\u00e9cision alors que la municipalit\u00e9 parle volontiers de son intention d\u2019expulser \u00e0 nouveau d\u00e8s le d\u00e9but du printemps, en particulier dans le centre-ville ?<br \/>\n<em><span style=\"font-size: xx-small;\">Contact : 0563 628 419<\/span><\/em><\/p>\n<gcse:search><\/gcse:search>","protected":false},"excerpt":{"rendered":"<p>Deux choses sont \u00e0 craindre lors des prochaines \u00e9lections : l&rsquo;abstention et l&rsquo;arriv\u00e9e au pouvoir de parti extr\u00eame que cette abstention favorisera. Ceux qui nous gouvernent font peu de choses pour les sans papiers, pourtant ce sont des humains et \u00e0 ce titre ils doivent \u00eatre trait\u00e9s avec plus de dignit\u00e9. Parmi les pr\u00e9rogatives de [&hellip;]<\/p>\n","protected":false},"author":1,"featured_media":0,"comment_status":"open","ping_status":"open","sticky":false,"template":"","format":"standard","meta":{"footnotes":""},"categories":[217],"tags":[119,103,117,23],"class_list":["post-14640","post","type-post","status-publish","format-standard","hentry","category-libertes","tag-cercle-du-silence","tag-demarche-citoyenne","tag-democratie","tag-luttes"],"_links":{"self":[{"href":"https:\/\/alternatifs81.fr\/index.php?rest_route=\/wp\/v2\/posts\/14640","targetHints":{"allow":["GET"]}}],"collection":[{"href":"https:\/\/alternatifs81.fr\/index.php?rest_route=\/wp\/v2\/posts"}],"about":[{"href":"https:\/\/alternatifs81.fr\/index.php?rest_route=\/wp\/v2\/types\/post"}],"author":[{"embeddable":true,"href":"https:\/\/alternatifs81.fr\/index.php?rest_route=\/wp\/v2\/users\/1"}],"replies":[{"embeddable":true,"href":"https:\/\/alternatifs81.fr\/index.php?rest_route=%2Fwp%2Fv2%2Fcomments&post=14640"}],"version-history":[{"count":0,"href":"https:\/\/alternatifs81.fr\/index.php?rest_route=\/wp\/v2\/posts\/14640\/revisions"}],"wp:attachment":[{"href":"https:\/\/alternatifs81.fr\/index.php?rest_route=%2Fwp%2Fv2%2Fmedia&parent=14640"}],"wp:term":[{"taxonomy":"category","embeddable":true,"href":"https:\/\/alternatifs81.fr\/index.php?rest_route=%2Fwp%2Fv2%2Fcategories&post=14640"},{"taxonomy":"post_tag","embeddable":true,"href":"https:\/\/alternatifs81.fr\/index.php?rest_route=%2Fwp%2Fv2%2Ftags&post=14640"}],"curies":[{"name":"wp","href":"https:\/\/api.w.org\/{rel}","templated":true}]}}