{"id":14633,"date":"2015-03-18T13:56:52","date_gmt":"2015-03-18T12:56:52","guid":{"rendered":"http:\/\/alternatifs81.fr\/?p=14633"},"modified":"2015-03-18T13:56:52","modified_gmt":"2015-03-18T12:56:52","slug":"feminisme-et-lutte-contre-lislamophobie-par-annick-coupe-sophie-zafari-sigrid-gerardin-esther-jeffers-cecile-ropiteaux","status":"publish","type":"post","link":"https:\/\/alternatifs81.fr\/?p=14633","title":{"rendered":"F\u00e9minisme et lutte contre l\u2019islamophobie, par Annick Coup\u00e9, Sophie Zafari, Sigrid G\u00e9rardin, Esther Jeffers, C\u00e9cile Ropiteaux"},"content":{"rendered":"<div class=\"post-header\"><\/div>\n<div id=\"post-body-2249792778532837130\" class=\"post-body entry-content\" style=\"text-align: justify;\">\n<div class=\"separator\" style=\"text-align: justify;\"><a href=\"http:\/\/1.bp.blogspot.com\/-azqNn8jLi8k\/VQktN7xE_tI\/AAAAAAAAL1g\/K78mkWBthMs\/s1600\/tumblr_inline_nkoxraoUJj1ssi8zm.jpg\" rel=\"lightbox[14633]\"><img loading=\"lazy\" decoding=\"async\" class=\" alignleft\" src=\"http:\/\/1.bp.blogspot.com\/-azqNn8jLi8k\/VQktN7xE_tI\/AAAAAAAAL1g\/K78mkWBthMs\/s1600\/tumblr_inline_nkoxraoUJj1ssi8zm.jpg\" alt=\"\" width=\"139\" height=\"200\" border=\"0\" \/><\/a><b>Des d\u00e9saccords existent dans diff\u00e9rentes organisations et au sein du mouvement f\u00e9ministe sur la fa\u00e7on d\u2019articuler les combats antiraciste et f\u00e9ministe, la place de la lutte contre l\u2019islamophobie dans ce combat, les cadres d\u2019action, etc. Ils sont r\u00e9apparus derni\u00e8rement, en particulier \u00e0 l\u2019occasion du meeting du 6 mars intitul\u00e9 \u00ab <i>Contre l\u2019islamophobie et le climat de guerre s\u00e9curitaire <\/i>\u00bb. Nous souhaiterions que le d\u00e9bat puisse se poursuivre sereinement sur cette question car il nous semble que les enjeux sont d\u00e9cisifs pour l\u2019avenir de nos luttes.\u00a0<\/b><\/div>\n<p><b>Nous sommes particuli\u00e8rement inqui\u00e8tes de la mont\u00e9e du racisme en g\u00e9n\u00e9ral, et des attaques contre des populations d\u00e9crites comme \u00ab dangereuses \u00bb. Ces attaques s\u2019inscrivent dans une p\u00e9riode de crise sociale et de politiques d\u2019aust\u00e9rit\u00e9 particuli\u00e8rement dures pour les personnes et les groupes les plus fragilis\u00e9s, mais aussi dans un climat id\u00e9ologique &#8211; celui du \u00ab choc des civilisations \u00bb &#8211; qui, au nom de la \u00ab guerre contre le terrorisme \u00bb entretient la haine contre ceux et celles qui sont d\u00e9crits, en tous les cas trait\u00e9s, comme \u00ab \u00e9trangers et \u00e9trang\u00e8res \u00bb et repr\u00e9senteraient une menace pour la R\u00e9publique, pour la s\u00e9curit\u00e9, la la\u00efcit\u00e9, les droits des femmes, etc. <\/b><br \/>\n<!--more--><br \/>\n<b>Comme l\u2019antis\u00e9mitisme est un racisme sp\u00e9cifique prenant les Juifs comme cible parce que de confession juive, l\u2019islamophobie est le racisme sp\u00e9cifique prenant les personnes de religion musulmane, ou suppos\u00e9es telles, comme cible. Il constitue un terreau privil\u00e9gi\u00e9 au d\u00e9veloppement de l\u2019extr\u00eame droite (tracts \u00e9lectoraux FN tr\u00e8s \u00e9loquents). Mais c\u2019est aussi devenu la manifestation d\u2019un racisme d\u2019\u00c9tat qui se traduit par la relance r\u00e9guli\u00e8re d\u2019initiatives l\u00e9gislatives visant \u00e0 stigmatiser les musulman-es (notamment les femmes musulmanes, cf le port du voile \u00e0 l\u2019universit\u00e9) ou \u00e0 les d\u00e9signer comme des terroristes en puissance (retrait de la nationalit\u00e9 fran\u00e7aise, contr\u00f4le des d\u00e9parts \u00e0 l\u2019\u00e9tranger, etc.).\u00a0<\/b><\/p>\n<p><b>Tout cela conduit \u00e0 une multiplication de paroles et d\u2019actes racistes touchant des personnes de confession musulmane ou suppos\u00e9es telles. Les femmes en sont les premi\u00e8res victimes : 81,5 % des agressions physiques islamophobes sont dirig\u00e9es contre elles.\u00a0<\/b><\/p>\n<p><b>Dans ce contexte, il nous semble urgent et n\u00e9cessaire d\u2019organiser des initiatives qui d\u00e9noncent ce racisme ainsi que la politique s\u00e9curitaire qui cible principalement les musulman-es et les jeunes des quartiers, et d\u2019exprimer notre solidarit\u00e9 avec elles et eux. Le meeting du 6 mars r\u00e9pondait \u00e0 cette urgence et \u00e9tait port\u00e9 par nombre de personnalit\u00e9s et d\u2019organisations avec qui nous partageons bien des combats, notamment contre le sexisme et les LGBTphobies, m\u00eame si ce n\u2019est pas le cas de quelques-unes d\u2019entre elles.\u00a0<\/b><\/p>\n<p><b>La lutte contre l\u2019islamophobie est aujourd\u2019hui un enjeu qui devrait concerner tous les mouvements sociaux qui sont porteurs d\u2019\u00e9mancipation. R\u00e9ussir \u00e0 mobiliser contre cette forme de discrimination ne peut qu\u2019encourager les combats contre d\u2019autres formes de discrimination. Construire des lieux de d\u00e9bat et de mobilisation, faire converger ces luttes, est le meilleur moyen d\u2019\u00eatre plus fort et de faire cesser ces injustices.\u00a0<\/b><\/p>\n<p><b>L\u2019urgence et le d\u00e9fi du combat antiraciste et de la lutte contre l\u2019islamophobie ne signifient pas d\u2019abandonner ou de passer par pertes et profits un seul de nos combats f\u00e9ministes. Nous n\u2019avons aucune complaisance \u00e0 l\u2019\u00e9gard de certaines id\u00e9es ou positions qui doivent \u00eatre combattues (notamment concernant les opposants au mariage pour tous et toutes).\u00a0<\/b><\/p>\n<p><b>Mais nous avons le sentiment que la pr\u00e9sence, le soutien de f\u00e9ministes et d\u2019organisations f\u00e9ministes, contre cette mont\u00e9e de l\u2019islamophobie fait davantage bouger les choses sur le terrain de l\u2019oppression des femmes que la stigmatisation et le rejet (et on se rappelle qu\u2019il n\u2019y a pas si longtemps des militant-es de gauche \u00e9taient plus que r\u00e9ticents sur le mariage pour tous et les droits y aff\u00e9rents).\u00a0<\/b><\/p>\n<p><b>Nous avons l\u2019exp\u00e9rience de la n\u00e9cessit\u00e9 de construire des lieux de convergences permettant \u00e0 des moments donn\u00e9s, sur des sujets donn\u00e9s, de construire des rapports de forces.\u00a0<\/b><\/p>\n<p><b>Ainsi en est-il du combat syndical o\u00f9 les questions d\u2019unit\u00e9 se travaillent alors m\u00eame qu\u2019il y a des d\u00e9saccords (parfois tr\u00e8s importants) entre organisations. De la m\u00eame fa\u00e7on, dans les mobilisations qui se construisent actuellement en vue de la Conf\u00e9rence Climat, des r\u00e9seaux religieux sont pr\u00e9sents. Ou encore, dans la lutte qui est men\u00e9e contre les paradis fiscaux, avec Attac nous nous retrouvons dans des r\u00e9seaux au c\u00f4t\u00e9 d\u2019 organisations li\u00e9es \u00e0 l\u2019\u00e9glise catholique. Nous ne leur avons pas impos\u00e9, comme pr\u00e9alable \u00e0 toute discussion, de prendre position sur le droit \u00e0 l\u2019avortement ou le mariage pour tous et toutes.\u00a0<\/b><\/p>\n<p><b>Nous avons le sentiment que l\u2019on demande toujours plus de certificats de bonne conduite (la\u00efcit\u00e9, principes r\u00e9publicains, f\u00e9minisme, questions LGBT&#8230;) aux musulman-es (individuellement ou \u00e0 leurs organisations) comme si leur religion \u00e9tait intrins\u00e8quement incompatible avec nos \u00ab valeurs \u00bb.\u00a0<\/b><\/p>\n<p><b>Le mouvement f\u00e9ministe devrait \u00eatre le plus \u00e0 m\u00eame de d\u00e9noncer les discours dominants \u00e0 la fois racistes et sexistes qui confisquent la parole des domin\u00e9es et nient leurs r\u00e9sistances. Car il a, dans ce domaine, une longue exp\u00e9rience et sait que les luttes qui touchent \u00e0 l\u2019\u00e9mancipation et aux discriminations ne peuvent se faire \u00e0 la place des personnes concern\u00e9es. C\u2019est ce que nous avons toujours d\u00e9fendu dans nos organisations respectives.\u00a0<\/b><\/p>\n<p><b>Et nous sommes souvent choqu\u00e9es par le discours stigmatisant utilis\u00e9 pour parler des femmes issues de l\u2019immigration, y compris au sein de nos mouvements. Il faut cesser de parler \u00e0 leur place, de les d\u00e9poss\u00e9der de toute pens\u00e9e, de nier leurs parcours et leur engagement, notamment f\u00e9ministe. Or, nous assistons, profond\u00e9ment atterr\u00e9es, \u00e0 une rupture au sein des organisations, y compris celles qui luttent pour l\u2019\u00e9galit\u00e9 et les droits des femmes ; nous sommes convaincues de la n\u00e9cessit\u00e9 de ne pas hi\u00e9rarchiser les luttes et, au contraire, de tout faire pour montrer ce qu\u2019elles ont de commun.\u00a0<\/b><\/p>\n<p><b>Cette rupture est pr\u00e9judiciable \u00e0 la fois pour la lutte contre le sexisme et celle contre le racisme, car cela affaiblit le rapport de forces dont nous avons pourtant grandement besoin pour faire avancer l\u2019\u00e9galit\u00e9 r\u00e9elle entre les femmes et les hommes. Le mouvement f\u00e9ministe conna\u00eet, aujourd\u2019hui, les m\u00eames d\u00e9bats que ceux qui traversent nombre de nos organisations.\u00a0<\/b><\/p>\n<p><b>De notre point de vue, en tant que f\u00e9ministes il nous semble qu\u2019il est n\u00e9cessaire de faire cesser les exclusions sous toutes leurs formes, de reprendre les discussions sur les strat\u00e9gies pour construire des fronts, et la capacit\u00e9 \u00e0 rassembler sur des enjeux pr\u00e9cis, sans nier les d\u00e9saccords ou effacer les d\u00e9bats n\u00e9cessaires. Cela est particuli\u00e8rement vrai pour les cadres unitaires que sont le CNDF et la MMF que nous avons contribu\u00e9s \u00e0 construire, et auxquels nous sommes profond\u00e9ment attach\u00e9es. Nous pensons qu\u2019ils doivent favoriser et permettre l\u2019expression de ces d\u00e9bats en leur sein, faute de quoi ils sont vou\u00e9s \u00e0 voir leur influence et leur capacit\u00e9 d\u2019action se r\u00e9duire comme une peau de chagrin dans l\u2019avenir. Ce n\u2019est pas ce que nous souhaitons !\u00a0<\/b><\/p>\n<p><b>Cette contribution n\u2019\u00e9puise pas le sujet de l\u2019articulation du combat f\u00e9ministe et de l\u2019antiracisme, en particulier contre l\u2019islamophobie. Mais elle cherche \u00e0 convaincre qu\u2019il est dans l\u2019int\u00e9r\u00eat des f\u00e9ministes de s\u2019allier aux autres luttes et de cr\u00e9er des lieux de convergence, tout comme il est dans l\u2019int\u00e9r\u00eat des antiracistes et de ceux qui luttent contre l\u2019islamophobie de soutenir les revendications f\u00e9ministes.\u00a0<\/b><\/p>\n<p><b>Nous voulons convaincre que tourner le dos aux autres mobilisations, sous pr\u00e9texte qu\u2019elles n\u2019ont pas d\u2019embl\u00e9e la bonne position sur toutes les questions, est sectaire et mortif\u00e8re pour l\u2019avenir de nos luttes. Nous voulons mettre en garde contre le fait d\u2019opposer les luttes f\u00e9ministes et les combats contre l\u2019islamophobie. Nous voulons convaincre qu\u2019il est possible de s\u2019allier \u00e0 d\u2019autres dans la lutte contre les discriminations islamophobes sans renoncer \u00e0 notre combat f\u00e9ministe, ni \u00e0 le rel\u00e9guer au second plan.\u00a0<\/b><\/p>\n<p><em><span style=\"color: #0000ff;\"><b>Annick Coup\u00e9, Sigrid G\u00e9rardin, Esther Jeffers, C\u00e9cile Ropiteaux, Sophie Zafari Militantes f\u00e9ministes, syndicalistes et altermondialistes<\/b><\/span><\/em><\/p>\n<\/div>\n<gcse:search><\/gcse:search>","protected":false},"excerpt":{"rendered":"<p>Des d\u00e9saccords existent dans diff\u00e9rentes organisations et au sein du mouvement f\u00e9ministe sur la fa\u00e7on d\u2019articuler les combats antiraciste et f\u00e9ministe, la place de la lutte contre l\u2019islamophobie dans ce combat, les cadres d\u2019action, etc. Ils sont r\u00e9apparus derni\u00e8rement, en particulier \u00e0 l\u2019occasion du meeting du 6 mars intitul\u00e9 \u00ab Contre l\u2019islamophobie et le climat [&hellip;]<\/p>\n","protected":false},"author":1,"featured_media":0,"comment_status":"open","ping_status":"open","sticky":false,"template":"","format":"standard","meta":{"footnotes":""},"categories":[149],"tags":[117,400,379],"class_list":["post-14633","post","type-post","status-publish","format-standard","hentry","category-feminisme","tag-democratie","tag-feminisme","tag-islamophobie"],"_links":{"self":[{"href":"https:\/\/alternatifs81.fr\/index.php?rest_route=\/wp\/v2\/posts\/14633","targetHints":{"allow":["GET"]}}],"collection":[{"href":"https:\/\/alternatifs81.fr\/index.php?rest_route=\/wp\/v2\/posts"}],"about":[{"href":"https:\/\/alternatifs81.fr\/index.php?rest_route=\/wp\/v2\/types\/post"}],"author":[{"embeddable":true,"href":"https:\/\/alternatifs81.fr\/index.php?rest_route=\/wp\/v2\/users\/1"}],"replies":[{"embeddable":true,"href":"https:\/\/alternatifs81.fr\/index.php?rest_route=%2Fwp%2Fv2%2Fcomments&post=14633"}],"version-history":[{"count":0,"href":"https:\/\/alternatifs81.fr\/index.php?rest_route=\/wp\/v2\/posts\/14633\/revisions"}],"wp:attachment":[{"href":"https:\/\/alternatifs81.fr\/index.php?rest_route=%2Fwp%2Fv2%2Fmedia&parent=14633"}],"wp:term":[{"taxonomy":"category","embeddable":true,"href":"https:\/\/alternatifs81.fr\/index.php?rest_route=%2Fwp%2Fv2%2Fcategories&post=14633"},{"taxonomy":"post_tag","embeddable":true,"href":"https:\/\/alternatifs81.fr\/index.php?rest_route=%2Fwp%2Fv2%2Ftags&post=14633"}],"curies":[{"name":"wp","href":"https:\/\/api.w.org\/{rel}","templated":true}]}}