{"id":14630,"date":"2015-03-18T12:56:03","date_gmt":"2015-03-18T11:56:03","guid":{"rendered":"http:\/\/alternatifs81.fr\/?p=14630"},"modified":"2015-03-21T17:22:58","modified_gmt":"2015-03-21T16:22:58","slug":"solidarite-internationale-avec-les-travailleurs-de-viome","status":"publish","type":"post","link":"https:\/\/alternatifs81.fr\/?p=14630","title":{"rendered":"Solidarit\u00e9 internationale avec les travailleurs de VIOME"},"content":{"rendered":"<div class=\"article-content entry-content\" style=\"text-align: justify;\">\n<div class=\"separator\" style=\"text-align: justify;\"><a href=\"http:\/\/4.bp.blogspot.com\/-x_JY5UQQzAE\/VQkvNDe0EDI\/AAAAAAAAL1s\/AtidLWay6Gw\/s1600\/mporoume.jpg\" rel=\"lightbox[14630]\"><img loading=\"lazy\" decoding=\"async\" class=\" alignleft\" src=\"http:\/\/4.bp.blogspot.com\/-x_JY5UQQzAE\/VQkvNDe0EDI\/AAAAAAAAL1s\/AtidLWay6Gw\/s1600\/mporoume.jpg\" alt=\"\" width=\"155\" height=\"200\" border=\"0\" \/><\/a><b>Les travailleurs de VIOME \u00e0 Thessalonique, en Gr\u00e8ce, se sont lev\u00e9s contre la pauvret\u00e9 et le ch\u00f4mage. Ils ont entam\u00e9 une longue lutte pour l&rsquo;autogestion de l&rsquo;usine et ce dans un contexte hostile.\u00a0<\/b><\/div>\n<p><b>Cela fait deux ans qu&rsquo;ils produisent et commercialisent des produits de nettoyage \u00e9cologique dans l&rsquo;usine occup\u00e9e, ce qui leur garanti un revenu modeste pour leur famille. Ils ont travaill\u00e9 dans des conditions d&rsquo;\u00e9galit\u00e9 les uns par rapport aux autres, prenant les d\u00e9cisions collectivement en assembl\u00e9e. Ce faisant, ils ont re\u00e7u une grande vague de solidarit\u00e9 en la Gr\u00e8ce mais aussi de l&rsquo;\u00e9tranger, convertissant leur lutte en une lutte embl\u00e9matique pour la dignit\u00e9 humaine en Gr\u00e8ce en temps de crise.\u00a0<\/b><\/p>\n<p><b>Les anciens propri\u00e9taires de l&rsquo;usine &#8211; la famille Fillipou &#8211; n&rsquo;ont eu de cesse d&rsquo;obstruer le processus, en utilisant des obstacles l\u00e9gaux \u00e0 chacune des \u00e9tapes de leur parcours. Cela fait quatre ans qu&rsquo;ils ont abandonn\u00e9 l&rsquo;usine, s&rsquo;appropriant tous les b\u00e9n\u00e9fices et laissant derri\u00e8re eux une dette de cent millions d&rsquo;euros qui s&rsquo;abat maintenant sur les travailleurs, en maintenant leur familles dans la pauvret\u00e9 et la mis\u00e8re. Aujourd&rsquo;hui ils refont surface, conspirant avec les syndics et le syst\u00e8me judiciaire afin de liquider l&rsquo;entreprise.\u00a0<\/b><br \/>\n<!--more--><br \/>\n<b>Alors que les anciens propri\u00e9taires ont \u00e9t\u00e9 condamn\u00e9s \u00e0 123 mois de prison en premi\u00e8re instance pour les millions d&rsquo;euros de dettes pour les travailleurs, la cour d&rsquo;appel a r\u00e9duit cette peine \u00e0 43 mois de sursis et annul\u00e9 les compensations pour les travailleurs. <\/b><\/p>\n<p><b>Le 23 mars un nouveau jugement aura lieu, au cours duquel sera \u00e9valu\u00e9e la requ\u00eate des administrateurs en vue de liquider les machines et les installations. Si le tribunal leur donne raison, les int\u00e9r\u00eats financiers et immobiliers pourront s&rsquo;immiscer dans l&rsquo;usine de VIOME Les travailleurs de VIOME et le mouvement de solidarit\u00e9 national et international sommes d\u00e9cid\u00e9s \u00e0 r\u00e9sister par tous les moyens disponibles \u00e0 la probable vente. Le vendredi 20 mars, nous protesterons dans le centre ville de Thessalonique, avec un march\u00e9 d&rsquo;agriculteurs et une vente directe des produits de VIOME au public.\u00a0<\/b><\/p>\n<p><b>Le lundi 23 mars nous nous r\u00e9unirons en face du palais de justice pour protester contre l&rsquo;intention des administrateurs et des juges de liquider l&rsquo;entreprise et ses installations &#8211; qui condamnerait les travailleurs \u00e0 la perte de leur emploi et leurs familles \u00e0 la pr\u00e9carit\u00e9 &#8211; afin de servir les d\u00e9tenteurs du pouvoir.\u00a0<\/b><\/p>\n<p><b>De plus, nous d\u00e9clarons que, ind\u00e9pendamment de la d\u00e9cision du tribunal, nous sommes d\u00e9cid\u00e9s \u00e0 lutter et \u00e0 d\u00e9fendre l&rsquo;usine VIOME, un lieu de travail qui se maintient en vie gr\u00e2ce \u00e0 la d\u00e9termination des travailleurs et la solidarit\u00e9 de la communaut\u00e9. Nous refusons de laisser l&rsquo;usine aux mains des pouvoirs judiciaires, qui ont refus\u00e9s \u00e0 plusieurs reprises de faire justice pour les travailleurs et les plus d\u00e9favoris\u00e9s.\u00a0<\/b><\/p>\n<p><b>Notre destin est entre nos mains, nous g\u00e9rons nous-m\u00eame notre travail et notre vie. <\/b><\/p>\n<\/div>\n<div class=\"article-content entry-content\" style=\"text-align: justify;\"><b>Nous n&rsquo;allons pas permettre que qui que ce soit d\u00e9truise ce que nous avons construit avec tant d&rsquo;efforts. Nous d\u00e9clarons aux juges, \u00e0 la police, aux syndics, aux anciens propri\u00e9taires et aux aspirants acheteurs : <\/b><\/div>\n<h2 class=\"article-content entry-content\" style=\"text-align: justify;\"><span style=\"color: #808000;\"><b>VIOME N&rsquo;EST PAS A VENDRE ! <\/b><\/span><\/h2>\n<h2 class=\"article-content entry-content\" style=\"text-align: justify;\"><span style=\"color: #008000;\"><b>VIOME APPARTIENT AUX TRAVAILLEURS !\u00a0<\/b><\/span><\/h2>\n<p><a href=\"http:\/\/www.viome.org\/p\/francais.html\"><b>http:\/\/www.viome.org\/p\/francais.html<\/b><\/a><\/p>\n<gcse:search><\/gcse:search>","protected":false},"excerpt":{"rendered":"<p>Les travailleurs de VIOME \u00e0 Thessalonique, en Gr\u00e8ce, se sont lev\u00e9s contre la pauvret\u00e9 et le ch\u00f4mage. Ils ont entam\u00e9 une longue lutte pour l&rsquo;autogestion de l&rsquo;usine et ce dans un contexte hostile.\u00a0 Cela fait deux ans qu&rsquo;ils produisent et commercialisent des produits de nettoyage \u00e9cologique dans l&rsquo;usine occup\u00e9e, ce qui leur garanti un revenu [&hellip;]<\/p>\n","protected":false},"author":1,"featured_media":0,"comment_status":"open","ping_status":"open","sticky":false,"template":"","format":"standard","meta":{"footnotes":""},"categories":[15],"tags":[103,117,205,23,140],"class_list":["post-14630","post","type-post","status-publish","format-standard","hentry","category-autogestion","tag-demarche-citoyenne","tag-democratie","tag-grece","tag-luttes","tag-travail"],"_links":{"self":[{"href":"https:\/\/alternatifs81.fr\/index.php?rest_route=\/wp\/v2\/posts\/14630","targetHints":{"allow":["GET"]}}],"collection":[{"href":"https:\/\/alternatifs81.fr\/index.php?rest_route=\/wp\/v2\/posts"}],"about":[{"href":"https:\/\/alternatifs81.fr\/index.php?rest_route=\/wp\/v2\/types\/post"}],"author":[{"embeddable":true,"href":"https:\/\/alternatifs81.fr\/index.php?rest_route=\/wp\/v2\/users\/1"}],"replies":[{"embeddable":true,"href":"https:\/\/alternatifs81.fr\/index.php?rest_route=%2Fwp%2Fv2%2Fcomments&post=14630"}],"version-history":[{"count":0,"href":"https:\/\/alternatifs81.fr\/index.php?rest_route=\/wp\/v2\/posts\/14630\/revisions"}],"wp:attachment":[{"href":"https:\/\/alternatifs81.fr\/index.php?rest_route=%2Fwp%2Fv2%2Fmedia&parent=14630"}],"wp:term":[{"taxonomy":"category","embeddable":true,"href":"https:\/\/alternatifs81.fr\/index.php?rest_route=%2Fwp%2Fv2%2Fcategories&post=14630"},{"taxonomy":"post_tag","embeddable":true,"href":"https:\/\/alternatifs81.fr\/index.php?rest_route=%2Fwp%2Fv2%2Ftags&post=14630"}],"curies":[{"name":"wp","href":"https:\/\/api.w.org\/{rel}","templated":true}]}}