{"id":14623,"date":"2015-03-17T18:34:06","date_gmt":"2015-03-17T17:34:06","guid":{"rendered":"http:\/\/alternatifs81.fr\/?p=14623"},"modified":"2015-03-17T18:34:06","modified_gmt":"2015-03-17T17:34:06","slug":"avec-les-grecs-contre-lausterite-pour-la-democratie-appel-unitaire-en-soutien-au-peuple-grec","status":"publish","type":"post","link":"https:\/\/alternatifs81.fr\/?p=14623","title":{"rendered":"Avec les Grecs, contre l&rsquo;aust\u00e9rit\u00e9, pour la d\u00e9mocratie !- Appel unitaire en soutien au peuple grec"},"content":{"rendered":"<div id=\"post-body-2217434118884499826\" class=\"post-body entry-content\">\n<div class=\"separator\"><a href=\"http:\/\/1.bp.blogspot.com\/-1euaFgn93mQ\/VQMaaUrxKLI\/AAAAAAAALxw\/svT7nbpEnnE\/s1600\/grece.jpg\" rel=\"lightbox[14623]\"><img loading=\"lazy\" decoding=\"async\" class=\" alignleft\" src=\"http:\/\/1.bp.blogspot.com\/-1euaFgn93mQ\/VQMaaUrxKLI\/AAAAAAAALxw\/svT7nbpEnnE\/s1600\/grece.jpg\" alt=\"\" width=\"200\" height=\"120\" border=\"0\" \/><\/a><b>La victoire \u00e9lectorale de Syriza en Gr\u00e8ce le 25 janvier 2015 a suscit\u00e9 un grand espoir parmi les peuples europ\u00e9ens, et toutes les forces sociales et politiques qui luttent contre l\u2019aust\u00e9rit\u00e9 et pour la d\u00e9mocratie.\u00a0<\/b><\/div>\n<p><b>Les engagements et premi\u00e8res mesures du gouvernement grec contre la pauvret\u00e9, la fraude fiscale et la corruption, pour la justice sociale et la d\u00e9fense de l\u2019environnement, le droit des travailleurs et des migrants, ont suscit\u00e9 un soutien massif du peuple grec, et rejoignent et renforcent les combats de la gauche et de tous les peuples europ\u00e9ens.\u00a0<\/b><\/p>\n<p><b>Aujourd\u2019hui, le gouvernement grec est confront\u00e9 \u00e0 des pressions des institutions europ\u00e9ennes qui contraignent la mise en \u0153uvre de son programme pour lequel il a \u00e9t\u00e9 d\u00e9mocratiquement \u00e9lu.\u00a0<\/b><br \/>\n<!--more--><\/p>\n<p><b>Nous nous opposons fermement \u00e0 cette logique selon laquelle \u00ab <i>il ne peut y avoir de choix d\u00e9mocratique contre les trait\u00e9s europ\u00e9ens<\/i>. \u00bb, comme l\u2019a affirm\u00e9 Jean-Claude Juncker, le pr\u00e9sident de la Commission europ\u00e9enne.\u00a0<\/b><\/p>\n<p><b>Les prochains mois seront d\u00e9cisifs pour que des politiques permettant de sortir enfin la Gr\u00e8ce de la crise \u00e9conomique et sociale dans laquelle cinq ans de cure d\u2019aust\u00e9rit\u00e9 l\u2019ont plong\u00e9, pour que le choix du peuple grec soit respect\u00e9, pour construire les bases d\u2019une autre Europe : solidaire, \u00e9cologique, juste et d\u00e9mocratique.\u00a0<\/b><\/p>\n<p><b>Nous, associations, syndicats et partis politiques, appelons toutes les forces progressistes en France \u00e0 participer activement \u00e0 la mobilisation internationale en faveur du peuple grec dans le bras de fer engag\u00e9 avec les institutions europ\u00e9ennes.\u00a0<\/b><\/p>\n<p><b>Nous appelons \u00e0 participer aux actions de solidarit\u00e9 avec la Gr\u00e8ce, comme celles qui ont eu lieu depuis janvier et qui s\u2019organisent en France et en Europe, les 14 et 18 mars, le 9 avril, le 1er Mai, et \u00e0 d\u2019autres initiatives \u00e0 construire&#8230;\u00a0<\/b><\/p>\n<p><b>Nous soutenons la mise en place dans toute la France de collectifs unitaires et d\u2019initiatives locales d\u2019information, de mobilisation et de solidarit\u00e9 concr\u00e8te en soutien au peuple grec.\u00a0<\/b><\/p>\n<p><b><span style=\"text-decoration: underline; color: #0000ff;\">Signataires :<\/span> <span style=\"color: #0000ff;\"><em>ATTAC, CADTM, Collectif Roosevelt, Compagnie Erinna \/ Gr\u00e8ce R\u00e9sistante, Club des socialistes afflig\u00e9s, Economistes Atterr\u00e9s, EELV, Ensemble, Femmes Egalit\u00e9, Fondation Copernic, Gr\u00e8ce-France R\u00e9sistance, GU, Jeunes \u00e9cologistes, Les effront\u00e9-e-s, Nouvelle Donne, NPA, PCF, PCOF, PG, Marches europ\u00e9ennes, M\u00e9moire des luttes, R\u00e9publique et socialisme, Solidarit\u00e9 France-Gr\u00e8ce Sant\u00e9, Syriza Paris, Transform!<\/em> <\/span><\/b><\/div>\n<gcse:search><\/gcse:search>","protected":false},"excerpt":{"rendered":"<p>La victoire \u00e9lectorale de Syriza en Gr\u00e8ce le 25 janvier 2015 a suscit\u00e9 un grand espoir parmi les peuples europ\u00e9ens, et toutes les forces sociales et politiques qui luttent contre l\u2019aust\u00e9rit\u00e9 et pour la d\u00e9mocratie.\u00a0 Les engagements et premi\u00e8res mesures du gouvernement grec contre la pauvret\u00e9, la fraude fiscale et la corruption, pour la justice [&hellip;]<\/p>\n","protected":false},"author":1,"featured_media":0,"comment_status":"open","ping_status":"open","sticky":false,"template":"","format":"standard","meta":{"footnotes":""},"categories":[21],"tags":[103,117,16,205],"class_list":["post-14623","post","type-post","status-publish","format-standard","hentry","category-les-alters-dans-les-luttes","tag-demarche-citoyenne","tag-democratie","tag-economie","tag-grece"],"_links":{"self":[{"href":"https:\/\/alternatifs81.fr\/index.php?rest_route=\/wp\/v2\/posts\/14623","targetHints":{"allow":["GET"]}}],"collection":[{"href":"https:\/\/alternatifs81.fr\/index.php?rest_route=\/wp\/v2\/posts"}],"about":[{"href":"https:\/\/alternatifs81.fr\/index.php?rest_route=\/wp\/v2\/types\/post"}],"author":[{"embeddable":true,"href":"https:\/\/alternatifs81.fr\/index.php?rest_route=\/wp\/v2\/users\/1"}],"replies":[{"embeddable":true,"href":"https:\/\/alternatifs81.fr\/index.php?rest_route=%2Fwp%2Fv2%2Fcomments&post=14623"}],"version-history":[{"count":0,"href":"https:\/\/alternatifs81.fr\/index.php?rest_route=\/wp\/v2\/posts\/14623\/revisions"}],"wp:attachment":[{"href":"https:\/\/alternatifs81.fr\/index.php?rest_route=%2Fwp%2Fv2%2Fmedia&parent=14623"}],"wp:term":[{"taxonomy":"category","embeddable":true,"href":"https:\/\/alternatifs81.fr\/index.php?rest_route=%2Fwp%2Fv2%2Fcategories&post=14623"},{"taxonomy":"post_tag","embeddable":true,"href":"https:\/\/alternatifs81.fr\/index.php?rest_route=%2Fwp%2Fv2%2Ftags&post=14623"}],"curies":[{"name":"wp","href":"https:\/\/api.w.org\/{rel}","templated":true}]}}