{"id":14531,"date":"2015-03-03T16:48:19","date_gmt":"2015-03-03T15:48:19","guid":{"rendered":"http:\/\/alternatifs81.fr\/?p=14531"},"modified":"2015-03-17T09:04:10","modified_gmt":"2015-03-17T08:04:10","slug":"solidarites-sivens-appel-a-une-solidarite-active","status":"publish","type":"post","link":"https:\/\/alternatifs81.fr\/?p=14531","title":{"rendered":"Solidarit\u00e9s SIVENS : appel \u00e0 une solidarit\u00e9 active !"},"content":{"rendered":"<h3 style=\"text-align: justify;\"><em><span style=\"color: #808000;\"><a href=\"http:\/\/alternatifs81.fr\/wp-content\/uploads\/998098081.jpg\" rel=\"lightbox[14531]\"><img loading=\"lazy\" decoding=\"async\" class=\"alignleft wp-image-14222\" src=\"http:\/\/alternatifs81.fr\/wp-content\/uploads\/998098081-300x300.jpg\" alt=\"99809808\" width=\"250\" height=\"249\" srcset=\"https:\/\/alternatifs81.fr\/wp-content\/uploads\/998098081-300x300.jpg 300w, https:\/\/alternatifs81.fr\/wp-content\/uploads\/998098081-150x150.jpg 150w, https:\/\/alternatifs81.fr\/wp-content\/uploads\/998098081.jpg 800w\" sizes=\"auto, (max-width: 250px) 100vw, 250px\" \/><\/a>Les Alternatifs 81-12 appellent \u00e0\u00a0une solidarit\u00e9 active avec les opposants au barrage.<\/span><\/em><\/h3>\n<h3 style=\"text-align: justify;\"><em><span style=\"color: #808000;\">Ils appellent \u00e0\u00a0apporter une pr\u00e9sence physique\u00a0sur le terrain afin de participer\u00a0pleinement aux diff\u00e9rentes initiatives initi\u00e9es par la Coordination des opposants au barrage du TESTET, le Collectif pour la Sauvegarde de la zone humide du TESTET, le collectif \u00ab\u00a0Tant qu&rsquo;il y aura des Bouilles\u00a0\u00bb et les occupants de la Z.A.D.<\/span><\/em><\/h3>\n<h3><em><span style=\"color: #808000;\">Parmi ces actions, celles ci-dessous <\/span><\/em><\/h3>\n<h3><em><span style=\"color: #808000;\">Les Alternatifs 81-12<\/span><\/em><\/h3>\n<p>&nbsp;<\/p>\n<h3 style=\"text-align: justify;\">Pour Sivens, c&rsquo;est maintenant !!! Semaine d\u00e9terminante !<\/h3>\n<h3 style=\"text-align: justify;\">Besoin de personnes motiv\u00e9es sur la Zad du Testet pour r\u00e9sister \u00e0 la pression polici\u00e8re et milicienne !!<\/h3>\n<h3 style=\"text-align: justify;\">Ramenez-vous d\u00e8s que possible.<br \/>\nRassemblement mercredi 4 mars \u00e0 Gaillac, place de la lib\u00e9ration \u00e0 14h pour un d\u00e9part en convoi alimentaire vers la ZAD dans l&rsquo;apr\u00e8s midi.<\/h3>\n<h3 style=\"text-align: justify;\">Rassemblement vendredi 6 mars \u00e0 10h \u00e0 Albi devant le Conseil G\u00e9n\u00e9ral au moment o\u00f9 sera discut\u00e9e la relance du projet de Sivens.<\/h3>\n<h3 style=\"text-align: justify;\">La ZAD est en danger, menac\u00e9e par la collusion entres des milices et les forces de l&rsquo;ordre.<\/h3>\n<p><!--more--><\/p>\n<h3 style=\"text-align: justify;\">Nous nous attendons \u00e0 une expulsion \u00e0 partir du samedi 7 mars ou jours suivants. En attendant, d\u00e8s le lundi 2 mars, jour et nuit, les pro-barrages, par le biais de la FDSEA et des JA (Jeunes Agriculteurs de la FDSEA) pr\u00e9voient le blocage des entr\u00e9es et sorties de la ZAD. Chaque jour, une d\u00e9l\u00e9gation par d\u00e9partement se mobilise, celle du Tarn assure leur pr\u00e9sence chaque nuit.<\/h3>\n<h3 style=\"text-align: justify;\">La pression se fait de plus en plus forte. Depuis d\u00e9but f\u00e9vrier, les agressions se sont multipli\u00e9es. Des blocages se sont mis en place avec voiture retourn\u00e9e avec des personnes \u00e0 l&rsquo;int\u00e9rieur, pares-brises \u00e9clat\u00e9s, personnes menac\u00e9es ou frapp\u00e9es, affaires personnelles br\u00fbl\u00e9es avec l&rsquo;approbation des gendarmes, racket de denr\u00e9es alimentaires dans les voitures.<\/h3>\n<h3 style=\"text-align: justify;\">On a besoin de soutien !!<\/h3>\n<h3 style=\"text-align: justify;\">S&rsquo;il semble act\u00e9 que le projet initial est abandonn\u00e9, il n&rsquo;en reste pas moins que les deux sc\u00e9narios alternatifs propos\u00e9s restent inacceptables. En effet, ces deux projets restent sur la zone humide, ces deux projets sur\u00e9valuent les besoins en eaux, ces deux projets continuent de servir les int\u00e9r\u00eats des pouvoir locaux et ces deux projets restent dans une logique de destruction.<\/h3>\n<h3 style=\"text-align: justify;\">On l\u00e2che rien !<\/h3>\n<h3 style=\"text-align: justify;\">Pour rejoindre la zone, contacter l&rsquo;infozad : 06.78.57.37.60<br \/>\nInfos \u00e0 suivre sur le site : www.tantquilyauradesbouilles.wordpress.com<\/h3>\n<h3 style=\"text-align: justify;\">Les bouilles et les occupants, le 1er mars 2015<\/h3>\n<h3 style=\"text-align: justify;\">Un convoi pour Sivens<\/h3>\n<h3 style=\"text-align: justify;\">Rassemblons-nous mercredi \u00e0 14 H place de la Lib\u00e9ration \u00e0 Gaillac avec des paniers bien remplis de victuailles.<\/h3>\n<h3 style=\"text-align: justify;\">Nous formerons un convoi pacifique pour ravitailler en nourriture et m\u00e9dicaments ceux et celles qui sont assi\u00e9g\u00e9s pour d\u00e9fendre notre bien commun.<\/h3>\n<h3 style=\"text-align: justify;\">Contre les milices pro-barrage qui ont annonc\u00e9 qu&rsquo;ils bloqueraient la zone jour et nuit du 2 au 5 mars (dans le but de faire pression sur le conseil g\u00e9n\u00e9ral qui doit d\u00e9cider de l&rsquo;avenir de la zone le vendredi 6 mars) quitte \u00e0 affamer les occupants du site.<\/h3>\n<h3 style=\"text-align: justify;\">Par notre notre nombre, notre tranquillit\u00e9 et notre d\u00e9termination nous dirons qu&rsquo;ici les milices ne font plus la loi depuis les heures les plus sombres de notre histoire.<\/h3>\n<h3 style=\"text-align: justify;\">Texte initi\u00e9 par la coordination des opposants au barrage qui s&rsquo;est tenue le dimanche 1 mars 2015<\/h3>\n<h3 style=\"text-align: justify;\">Marche de la solidarit\u00e9<br \/>\nToulouse- ZAD du Testet-Albi<br \/>\nPas question d\u2019abandonner les occupants du Testet menac\u00e9s et agress\u00e9s par des pro-barrage !<br \/>\nPas question d\u2019abandonner le Testet aux lobby pro-fric pr\u00eats \u00e0 tuer la terre ni aux militaires qui tuent eux aussi !<br \/>\nPour affirmer ouvertement notre solidarit\u00e9 avec les assi\u00e9g\u00e9s de Sivens et tout notre soutien \u00e0 la lutte des occupants, r\u00e9sistants, marchons !<br \/>\nC\u2019est gr\u00e2ce \u00e0 eux, gr\u00e2ce \u00e0 toi, gr\u00e2ce \u00e0 la lutte commune que la zone humide du Testet est sauv\u00e9e, toujours vivante. Mais nous avons perdu et la for\u00eat et R\u00e9mi.<br \/>\nJusqu\u2019\u00e0 quand allons-nous laisser les marchands de pesticides d\u00e9cider ce qu\u2019on mange? Jusqu\u2019\u00e0 quand allons-nous laisser la terre, l\u2019avenir de nos enfants \u00eatre brad\u00e9, bafou\u00e9 par des d\u00e9cideurs cyniques et corrompus?<br \/>\nMarcheurs, marcheuses, le d\u00e9part est mercredi 4 mars de Toulouse pour arriver sur le site du Testet jeudi, et converger sur Albi vendredi 6 o\u00f9 Carcenac pdt du CG du Tarn devrait statuer sur le sort de Sivens.<br \/>\nPas \u00e0 pas, allons faire entendre et respecter les voix du peuple, dans une marche aussi pacifique que d\u00e9cid\u00e9e \u201cSi le monde est devenu trop dangereux pour qu\u2019on y vive, ce n\u2019est pas \u00e0 cause des gens qui font le mal, mais \u00e0 cause de ceux qui les laissent faire sans bouger.\u201d Albert Einstein<\/h3>\n<h3 style=\"text-align: justify;\">J1 : D\u00e9part de Toulouse, mercredi 4 mars : rassemblement \u00e0 8 heures place du Capitole, d\u00e9part 9h. En route jusqu&rsquo;aux environs de St Sulpice la Pointe dans la journ\u00e9e.<br \/>\nJ2 : D\u00e9part de St Sulpice, jeudi 5 mars : rassemblement \u00e0 8 heures place de la mairie pour arriver au Testet dans la journ\u00e9e.<\/h3>\n<h3 style=\"text-align: justify;\">Vous pouvez participer \u00e0 la marche de multiples fa\u00e7ons :<br \/>\n\u2022 soit en marchant sur l\u2019int\u00e9gralit\u00e9 du parcours ou en ne marchant que sur une partie, quitte \u00e0 rejoindre la marche en cours de route.<br \/>\n\u2022 Soit en h\u00e9bergeant un ou des marcheurs durant la nuit de mercredi \u00e0 jeudi (secteur de Rabastens) ou durant la nuit de jeudi \u00e0 vendredi (secteur de Lisle sur Tarn et Gaillac).<br \/>\n\u2022 Soit en diffusant l\u2019information pour que nous soyons le plus nombreux.ses possible.<br \/>\n\u2022 Soit\u2026 \u00e0 vous d&rsquo;imaginer la suite&#8230;<br \/>\nCes options ne s\u2019excluent pas l\u2019une l\u2019autre<br \/>\nMarche solidaire avec le Testet -et avec toutes les ZAD- et contre le barrage de Sivens.<\/h3>\n<h2 style=\"text-align: justify;\">RASSEMBLEMENT PACIFIQUE devant le CONSEIL GENERAL<br \/>\n<span style=\"text-decoration: underline;\"><span style=\"color: #808000; text-decoration: underline;\"><strong>Vendredi 6 mars \u00e0 10 H Place du VIGAN<\/strong> <\/span><\/span><br \/>\nAppel du Collectif pour la \u00ab Sauvegarde de la zone humide du Testet \u00bb.<br \/>\nLes \u00ab Bouilles \u00bb pr\u00e9pare la \u00ab soupe \u00bb<br \/>\nA l&rsquo;occasion de sa session du 6 mars, le Conseil G\u00e9n\u00e9ral doit, pour contribuer \u00e0 l\u2019apaisement sur le territoire,<br \/>\n\u2022 Clarifier qu\u2019en tant que ma\u00eetre d\u2019ouvrage, il abandonne le projet initial de barrage de Sivens.<\/h2>\n<h3 style=\"text-align: justify;\">\u2022 Mettre en \u0153uvre la contractualisation avec des propri\u00e9taires de retenues collinaires sous-utilis\u00e9es<\/h3>\n<h3 style=\"text-align: justify;\">\u2022 R\u00e9habiliter, avant le printemps, l\u2019aval de la zone humide du Testet<\/h3>\n<h3 style=\"text-align: justify;\">\u2022 Mettre en place un comit\u00e9 de pilotage pour le projet de territoire<\/h3>\n<h3 style=\"text-align: justify;\">\u2022 Planifier les \u00e9tudes plus approfondies demand\u00e9es par le Collectif Testet notamment pour affiner les besoins en eau et les possibilit\u00e9s r\u00e9elles de les couvrir \u00e0 travers les r\u00e9serves existantes.<\/h3>\n<h3 style=\"text-align: justify;\">\u2022 S\u2019assurer que la CACG assume financi\u00e8rement ses erreurs<br \/>\nPlus globalement, afin d\u2019\u00e9viter une nouvelle crise sur le territoire, tous les acteurs concern\u00e9s doivent \u00eatre d\u00e9sormais associ\u00e9s et les choix doivent \u00eatre r\u00e9alis\u00e9s sur la base d\u2019analyses rationnelles et pour servir l\u2019int\u00e9r\u00eat g\u00e9n\u00e9ral.<\/h3>\n<gcse:search><\/gcse:search>","protected":false},"excerpt":{"rendered":"<p>Les Alternatifs 81-12 appellent \u00e0\u00a0une solidarit\u00e9 active avec les opposants au barrage. Ils appellent \u00e0\u00a0apporter une pr\u00e9sence physique\u00a0sur le terrain afin de participer\u00a0pleinement aux diff\u00e9rentes initiatives initi\u00e9es par la Coordination des opposants au barrage du TESTET, le Collectif pour la Sauvegarde de la zone humide du TESTET, le collectif \u00ab\u00a0Tant qu&rsquo;il y aura des Bouilles\u00a0\u00bb [&hellip;]<\/p>\n","protected":false},"author":1,"featured_media":0,"comment_status":"open","ping_status":"open","sticky":false,"template":"","format":"standard","meta":{"footnotes":""},"categories":[21],"tags":[338,103,169,23],"class_list":["post-14531","post","type-post","status-publish","format-standard","hentry","category-les-alters-dans-les-luttes","tag-barrage-de-sivens","tag-demarche-citoyenne","tag-ecologie-2","tag-luttes"],"_links":{"self":[{"href":"https:\/\/alternatifs81.fr\/index.php?rest_route=\/wp\/v2\/posts\/14531","targetHints":{"allow":["GET"]}}],"collection":[{"href":"https:\/\/alternatifs81.fr\/index.php?rest_route=\/wp\/v2\/posts"}],"about":[{"href":"https:\/\/alternatifs81.fr\/index.php?rest_route=\/wp\/v2\/types\/post"}],"author":[{"embeddable":true,"href":"https:\/\/alternatifs81.fr\/index.php?rest_route=\/wp\/v2\/users\/1"}],"replies":[{"embeddable":true,"href":"https:\/\/alternatifs81.fr\/index.php?rest_route=%2Fwp%2Fv2%2Fcomments&post=14531"}],"version-history":[{"count":0,"href":"https:\/\/alternatifs81.fr\/index.php?rest_route=\/wp\/v2\/posts\/14531\/revisions"}],"wp:attachment":[{"href":"https:\/\/alternatifs81.fr\/index.php?rest_route=%2Fwp%2Fv2%2Fmedia&parent=14531"}],"wp:term":[{"taxonomy":"category","embeddable":true,"href":"https:\/\/alternatifs81.fr\/index.php?rest_route=%2Fwp%2Fv2%2Fcategories&post=14531"},{"taxonomy":"post_tag","embeddable":true,"href":"https:\/\/alternatifs81.fr\/index.php?rest_route=%2Fwp%2Fv2%2Ftags&post=14531"}],"curies":[{"name":"wp","href":"https:\/\/api.w.org\/{rel}","templated":true}]}}