{"id":14529,"date":"2015-03-03T15:57:51","date_gmt":"2015-03-03T14:57:51","guid":{"rendered":"http:\/\/alternatifs81.fr\/?p=14529"},"modified":"2015-03-03T15:57:51","modified_gmt":"2015-03-03T14:57:51","slug":"etat-espagnol-un-debat-national-sous-le-syndrome-de-podemos-par-jaime-pastor","status":"publish","type":"post","link":"https:\/\/alternatifs81.fr\/?p=14529","title":{"rendered":"Etat espagnol : Un d\u00e9bat \u00abnational\u00bb sous le syndrome de Podemos, par Jaime Pastor"},"content":{"rendered":"<div class=\"overview-content\" tabindex=\"0\">\n<div class=\"article hentry  \">\n<div class=\"article-content entry-content\" style=\"text-align: justify;\">\n<h3 class=\"separator\" style=\"text-align: justify;\"><a href=\"http:\/\/2.bp.blogspot.com\/-Vv6zzSa-hkA\/VPWZn0g0XLI\/AAAAAAAAJq4\/ilJ3fsNkRkw\/s1600\/podemos_24471_1.jpg\" rel=\"lightbox[14529]\"><img loading=\"lazy\" decoding=\"async\" class=\" alignleft\" src=\"http:\/\/2.bp.blogspot.com\/-Vv6zzSa-hkA\/VPWZn0g0XLI\/AAAAAAAAJq4\/ilJ3fsNkRkw\/s1600\/podemos_24471_1.jpg\" alt=\"\" width=\"200\" height=\"111\" border=\"0\" \/><\/a><b><span style=\"color: #808000;\">\u00ab\u00a0<i>Il faut renouveler l\u2019air, \u00e7a sent le mort!\u00a0\u00bb<\/i><\/span>, El Roto\u00a0<\/b><\/h3>\n<h3><b>En effet, ainsi que le diagnostique avec justesse le dessinateur lucide d\u2019El Pa\u00eds, le mal nomm\u00e9 \u00ab\u00a0d\u00e9bat sur l\u2019\u00e9tat de la nation\u00a0\u00bb <em>[suite au discours de Rajoy, le secr\u00e9taire du PSOE Pedro Sanchez et le secr\u00e9taire de Podemos Pabro Iglesias ont fait des contre-rapports sur l\u2019\u00e9tat de la nation]<\/em> a \u00e9t\u00e9 en cette occasion un spectacle per\u00e7u par une majorit\u00e9 de la soci\u00e9t\u00e9 comme le dernier acte d\u2019un Parlement dont la repr\u00e9sentativit\u00e9 s\u2019est d\u00e9t\u00e9rior\u00e9e de mani\u00e8re acc\u00e9l\u00e9r\u00e9e depuis que les derni\u00e8res \u00e9lections europ\u00e9ennes [du 25 mai 2014] annonc\u00e8rent le d\u00e9but de la fin du bipartisme dynastique.\u00a0<\/b><\/h3>\n<h3><b>Le slogan d\u00e9j\u00e0 ancien <em>\u00ab\u00a0ils ne nous repr\u00e9sentent pas\u00a0\u00bb<\/em> occupe \u00e0 nouveau \u00ab\u00a0l\u2019inconscient collectif\u00a0\u00bb de cette institution, conjugu\u00e9 avec le fant\u00f4me de Podemos et, depuis lors, celui de Ciudadanos qui commence \u00e0 se frayer un chemin avec l\u2019aide de certains m\u00e9dias au pr\u00e9judice d\u2019Union, progr\u00e8s et d\u00e9mocratie (UpyD) et du Parti populaire (PP).\u00a0<\/b><\/h3>\n<p><!--more--><\/p>\n<h3><b>Mariano Rajoy commen\u00e7a [le 24 f\u00e9vrier] par d\u00e9velopper sa vision idyllique de la r\u00e9alit\u00e9 \u00e9conomique et sociale espagnole, recourant au f\u00e9tiche de la \u00abcroissance \u00e9conomique\u00a0\u00bb et \u00e0 l\u2019euph\u00e9misme de la \u00ab\u00a0reprise\u00a0\u00bb, souhaitant occulter que nous payons toujours le \u00ab\u00a0sauvetage\u00a0\u00bb bancaire et que nous nous trouvons \u00e0 la t\u00eate des pays de l\u2019Eurozone quant au degr\u00e9 d\u2019in\u00e9galit\u00e9s, laquelle a approfondi ses politiques d\u2019aust\u00e9rit\u00e9 au cours des derni\u00e8res ann\u00e9es.\u00a0<\/b><\/h3>\n<h3><b>Outre cet optimisme int\u00e9ress\u00e9, RAJOY consacra \u00e0 peine deux minutes \u00e0 la corruption et manifesta \u00e0 nouveau sa disposition \u00e0 recourir au fondamentalisme constitutionnel face au d\u00e9fi catalan. Mais, comme nous sommes en p\u00e9riode pr\u00e9\u00e9lectorale, il fit les promesses de rigueur, y compris celle concernant la cr\u00e9ation de trois millions d\u2019emplois, le soutien de secteur comme celui de l\u2019automobile ou des infrastructures ainsi que plusieurs clins d\u2019\u0153il \u00e0 la pr\u00e9tendue classe moyenne qui continue \u00e0 refuser de reconna\u00eetre que l\u2019ascenseur social a cess\u00e9 de fonctionner.\u00a0<\/b><\/h3>\n<h3><b>Non ne devons pas sous-estimer, malheureusement, l\u2019intense travail propagandiste r\u00e9alis\u00e9 par des m\u00e9dias \u2013 telle qu\u2019une t\u00e9l\u00e9vision publique toujours plus d\u00e9grad\u00e9e \u2013 pour que le r\u00e9cit int\u00e9ress\u00e9 selon lequel \u00abnous sommes en train de sortir de la crise\u00bb passe progressivement au sein d\u2019une population qui se situe au sein de la cat\u00e9gorie \u00abl\u2019\u00e9lecteur \u00e9conomique\u00bb et qui aspire \u00e0 voir la fin du tunnel.\u00a0<\/b><\/h3>\n<h3><b>Cette illusion, doubl\u00e9e de la mobilisation de la base \u00e9lectorale de RAJOY au moyen de la crainte soulev\u00e9e par Podemos et la d\u00e9fense de l\u2019unit\u00e9 de l\u2019Espagne, pourrait contribuer \u00e0 ce que le PP se maintienne comme premier parti au niveau de l\u2019\u00c9tat dans les sondages. Pedro S\u00e1nchez fit ses d\u00e9buts comme porte-parole du PSOE pour faire une critique document\u00e9e des ravages sociaux provoqu\u00e9s par le gouvernement du PP, oublieux du r\u00f4le de Rodr\u00edguez Zapatero depuis mai 2010 sur le chemin de servitude volontaire aux pouvoirs financiers, \u00e0 Merkel et \u00e0 la Tro\u00efka, ainsi que des accords qu\u2019il a soutenus entre le PP et le PSOE.\u00a0<\/b><\/h3>\n<h3><b>Parmi ceux-ci, le plus lamentable est celui qu\u2019il signa \u2013 avec pour pr\u00e9texte les attentats de Paris \u2013 sur une nouvelle r\u00e9forme \u00abantiterroriste\u00bb qui, outre l\u2019\u00e9largissement de la liste des personnes \u00e0 inclure dans une pr\u00e9tendue th\u00e9orie de la \u00abcoresponsabilit\u00e9 indirecte\u00bb, ajoute la peine de \u00abprison \u00e0 perp\u00e9tuit\u00e9 r\u00e9visable\u00bb, laquelle, ainsi que l\u2019a d\u00e9nonc\u00e9 Jos\u00e9 Luis D\u00edez Ripoll\u00e9s, \u00abest une r\u00e9clusion perp\u00e9tuelle et des plus dures\u00bb [1].\u00a0<\/b><\/h3>\n<h3><b>Quels que soient les efforts r\u00e9alis\u00e9s par le leader du PSOE, Pedro Sanchez, pour adopter un profil social et malgr\u00e9 le soutien dont il b\u00e9n\u00e9ficie de la part du groupe PRISA [2] pour am\u00e9liorer sa position dans des sondages \u00abcuisin\u00e9s\u00bb \u00e0 son go\u00fbt, le poids mort du pass\u00e9 et la pr\u00e9sence en coulisses de la \u00abvieille garde\u00bb \u2013 de Felipe Gonz\u00e1lez et d\u2019Alfredo Rubalcaba \u2013, sans oublier la pression provenant de Susana D\u00edaz [3], l\u2019aideront difficilement \u00e0 gagner de la cr\u00e9dibilit\u00e9 comme alternative de gouvernement face au PP. Une influence qui, certes, s\u2019est fait remarquer par la d\u00e9fenestration par la voie directe du dirigeant du PSOE de Madrid, Tom\u00e1s G\u00f3mez [4], pour lequel nous n\u2019\u00e9prouvons aucune sympathie, sans que soit justifi\u00e9 pour autant \u2013 ainsi l\u2019a d\u00e9fendu sans vergogne Felipe Gonz\u00e1lez dans un article r\u00e9cent \u2013 que l\u2019on ignore toutes les r\u00e8gles de la d\u00e9mocratie interne au nom d\u2019attentes \u00e9lectorales incertaines [4]. Plus encore lorsque, plus tard, Pedro S\u00e1nchez n\u2019osa pas suspendre en tant que parlementaires Chaves et Gri\u00f1\u00e1n.\u00a0<\/b><\/h3>\n<h3><b>Quoi qu\u2019il en soit, les \u00e9lections andalouses du 22 mars seront le premier test illustrant ce que pourrait \u00eatre la nouvelle carte politique. Il s\u2019agira de constater jusqu\u2019\u00e0 quel point la d\u00e9cision de Susana D\u00edaz d\u2019avancer les \u00e9lections lui permettra de r\u00e9unir la force suffisante pour se maintenir au gouvernement, bien que cela soit \u00e0 partir d\u2019un soutien ext\u00e9rieur \u00e0 Izquierda Unida et, ce qui sera plus difficile, animer la remont\u00e9e d\u2019un PSOE \u00e0 l\u2019\u00e9chelle de l\u2019Etat, alors que la direction souhaite la maintenir sous sa tutelle.\u00a0<\/b><\/h3>\n<h3><b>Quant \u00e0 Alberto Garz\u00f3n [dirigeant d\u2019Izquierda Unida], il faut reconna\u00eetre qu\u2019il fit un discours critique, bien travaill\u00e9 et incisif, qui unissait la condamnation de la corruption et l\u2019\u00e9bauche de propositions concr\u00e8tes telles que celles de la garantie du travail et de la cr\u00e9ation d\u2019un million de postes de travail li\u00e9s \u00e0 la mise sur pied d\u2019une autre mod\u00e8le productif et d\u2019une feuille de route alternative \u00e0 celle impos\u00e9e par l\u2019Eurozone. Son discours ne manqua pas de rejeter les privatisations, comme celle de l\u2019AENA [entit\u00e9 en charge de la gestion des a\u00e9roports d\u2019int\u00e9r\u00eat g\u00e9n\u00e9ral de l\u2019Etat espagnol], l\u2019Etat policier en marche (loi museli\u00e8re [5] et pacte antidjihadiste), et n\u2019a pas manqu\u00e9 de souligner la solidarit\u00e9 avec le peuple grec et la proposition d\u2019un \u00abgrand accord europ\u00e9en sur la dette\u00bb. <\/b><\/h3>\n<h3><b>Le probl\u00e8me avec Izquierda Unida est, \u00e0 nouveau, celui de la cr\u00e9dibilit\u00e9 que cette formation peut avoir comme alternative face \u00e0 la \u00abcaste\u00bb alors qu\u2019elle continue par \u00eatre travers\u00e9e de conflits internes trouvant sa source dans les scandales comme celui des cartes de cr\u00e9dit de Bankia ainsi qu\u2019en raison des diff\u00e9rentes alliances qu\u2019elle a maintenues avec le PSOE en Andalousie ou avec le PP en Estr\u00e9madure. A cela s\u2019ajoute le d\u00e9part du secteur emmen\u00e9 par Tania S\u00e1nchez dans la Communaut\u00e9 de Madrid, lequel a contribu\u00e9 \u00e0 aggraver sa crise d\u2019identit\u00e9. Il ne semble pas que la nouvelle image que repr\u00e9sente Alberto Garz\u00f3n suffise \u00e0 contrecarrer l\u2019effet Podemos. Il \u00e9tait manifeste que le grand absent du Parlement \u00e9tait Pablo Iglesias. Sa d\u00e9cision d\u2019offrir une intervention alternative autour du th\u00e8me de \u00abl\u2019autre \u00e9tat de la nation\u00bb avant que ne se termine le d\u00e9bat \u00e9tait donc pertinente.\u00a0<\/b><\/h3>\n<h3><b>Le discours du leader de Podemos [donn\u00e9 dans le th\u00e9\u00e2tre du C\u00edrculo de Bellas Artes \u00e0 Madrid] fut long et dense, aborda de nombreux th\u00e8mes d\u2019actualit\u00e9 politique. Parmi ceux-ci: la d\u00e9nonciation de l\u2019emploi pr\u00e9caire, de l\u2019appauvrissement de millions de personnes et de l\u2019enrichissement du 1%; le refus de la tyrannie de la dette et la proposition de la restructuration de cette derni\u00e8re; le pari sur les \u00e9nergies renouvelables, l\u2019\u00e9conomie verte et le bien commun ainsi qu\u2019en faveur de la recherche, du d\u00e9veloppement et de l\u2019innovation; une critique du syst\u00e8me des soins, pr\u00e9judiciable pour les femmes; un plan de sauvetage citoyen, une loi organique du droit au logement, une r\u00e9forme ad\u00e9quate du syst\u00e8me fiscal; une d\u00e9nonciation du syst\u00e8me de corruption comme forme de gouvernement, l\u2019urgence d\u2019un changement de mod\u00e8le productif et la d\u00e9fense d\u2019un \u00abpatriotisme des gens\u00bb face aux faux patriotiques qui placent leur argent en Suisse. Tout cela \u00e9tait conjugu\u00e9 avec la proposition qu\u2019\u00aben Europe il faut n\u00e9gocier, que l\u2019on ne peut renoncer \u00e0 encore plus de souverainet\u00e9\u00bb.\u00a0<\/b><\/h3>\n<h3><b>Il n\u2019est gu\u00e8re difficile de partager la plus grande partie du discours de Pablo Iglesias. Pas tant en raison de la nouveaut\u00e9 des propositions, dont la plupart sont semblables \u00e0 celles d\u00e9fendues depuis longtemps par IU, mais surtout parce que, malgr\u00e9 le harc\u00e8lement m\u00e9diatique et partidaire visant Monedero [membre du \u00abnoyau dur\u00bb de Podemos et accus\u00e9 de n\u2019avoir pas d\u00e9clar\u00e9 des gains en provenance du Venezuela, de l\u2019Equateur et de Bolivie], la grande force de Podemos continue \u00e0 r\u00e9sider dans le fait qu\u2019il s\u2019agit d\u2019une formation outsider, propre de toute corruption et capable de maintenir l\u2019esp\u00e9rance et la confiance n\u00e9cessaires dans le fait qu\u2019il est possible de \u00abgagner\u00bb et d\u2019appliquer ce programme rendant possible un \u00abchangement\u00bb qui implique de rompre effectivement avec le r\u00e9gime.\u00a0<\/b><\/h3>\n<h3><b>Les r\u00e9centes \u00e9lections internes \u00e0 Podemos pour les directions \u00e0 l\u2019\u00e9chelle des communaut\u00e9s autonomes ont en outre d\u00e9montr\u00e9 que la pluralit\u00e9 au sein de ses organes de direction se fraye un chemin. Nous esp\u00e9rons que cela contribue \u00e0 r\u00e9gler des accords et des d\u00e9saccords qui seront tr\u00e8s vraisemblablement transversaux en fonction des th\u00e8mes du d\u00e9bat et permette \u00e9galement le d\u00e9passement de la logique de blocs et aboutira \u00e0 des pratiques de d\u00e9lib\u00e9ration et de d\u00e9cision collectives plus importantes.\u00a0<\/b><\/h3>\n<h3><b>Le succ\u00e8s de la Marche du changement du 31 janvier a \u00e9galement confirm\u00e9 que beaucoup de cercles sont toujours vivants et dispos\u00e9s \u00e0 maintenir la tension participative autant dans leur dimension territoriale respective que sectorielle [Podemos est compos\u00e9 de plusieurs centaines de cercles locaux \u2013 de localit\u00e9 ou de quartier \u2013 auxquels s\u2019ajoutent des \u00abcercles th\u00e9matiques\u00bb tels que le programme \u00e9conomique, des secteurs professionnels, etc.].\u00a0<\/b><\/h3>\n<h3><b>Ainsi, l\u2019implication dans un grand nombre de villages et de villes, entre autres certaines embl\u00e9matiques comme Barcelone et Madrid, de candidatures d\u2019unit\u00e9 populaire est aussi favoris\u00e9e par le m\u00e9tissage avec d\u2019autres secteurs issus du 15M, des mouvements sociaux et m\u00eame de formations politiques en processus de recyclage.\u00a0<\/b><\/h3>\n<h3><b>L\u2019\u00e9norme effort d\u2019\u00e9laboration programmatique \u00e0 l\u2019\u0153uvre \u00e0 ces niveaux, de m\u00eame qu\u2019\u00e0 celui des communaut\u00e9s autonomes, pourrait aussi contribuer \u00e0 compl\u00e9ter les axes principaux du discours que Podemos a d\u00e9velopp\u00e9 jusqu\u2019ici aux c\u00f4t\u00e9s d\u2019autres plus li\u00e9s aux diff\u00e9rentes r\u00e9alit\u00e9s locales. Peut-\u00eatre qu\u2019ainsi de vieilles polarisations au sujet de la d\u00e9mocratie face \u00e0 l\u2019efficacit\u00e9, des activistes face aux experts ou \u00e0 ce qui est urgent face \u00e0 ce qui est important.\u00a0<\/b><\/h3>\n<h3><b>Malgr\u00e9 tout, certaines absences dans le discours de Pablo Iglesias appellent l\u2019attention: il y eut \u00e0 peine mention des immigr\u00e9\u00b7e\u00b7s et de ce cimeti\u00e8re que continue \u00e0 \u00eatre la M\u00e9diterran\u00e9e; il n\u2019y a eu aucune r\u00e9f\u00e9rence \u00e0 la contre-r\u00e9forme de l\u2019avortement que le gouvernement souhaite adopter, quoique att\u00e9nu\u00e9e; sans m\u00eame parler du processus de paix dans le Pays basque toujours oubli\u00e9 (mentionn\u00e9 au Parlement par les repr\u00e9sentants du Parti national basque-PNV et d\u2019Amaiur-coalition de forces basques). Il a \u00e9t\u00e9 fait mention de la d\u00e9fense du droit \u00e0 d\u00e9cider pour critiquer la r\u00e9cente sentence du Tribunal constitutionnel sur la loi de consultation catalane et la journ\u00e9e du 9 novembre pass\u00e9. Des questions qui figurent toutes \u00e0 l\u2019agenda politique, qui ne peuvent \u00eatre ignor\u00e9es et qu\u2019il faudra assumer en nous effor\u00e7ant de les r\u00e9soudre \u00e0 l\u2019encontre du sens commun qui domine.\u00a0<\/b><\/h3>\n<h3><b>Nous regrettons \u00e9galement le manque d\u2019une r\u00e9f\u00e9rence explicite \u00e0 ce qui est aussi en jeu ici, malgr\u00e9 les diff\u00e9rences, avec l\u2019\u00e9preuve de force vis-\u00e0-vis de la Gr\u00e8ce, que, sans doute, la droite et la majorit\u00e9 des m\u00e9dias vont tenter d\u2019utiliser contre le \u00aboui, nous pouvons rompre\u00bb avec l\u2019autoritarisme \u00e0 l\u2019\u0153uvre dans l\u2019Eurozone.\u00a0<\/b><\/h3>\n<h3><b>En r\u00e9sum\u00e9, la campagne \u00e9lectorale a d\u00e9finitivement commenc\u00e9: la fen\u00eatre d\u2019opportunit\u00e9 est toujours ouverte, mais on tentera de la fermer \u00e0 partir d\u2019en haut et par des forces jusqu\u2019ici p\u00e9riph\u00e9riques comme Ciudadanos. Il faudra consacrer, par cons\u00e9quent, de plus grands efforts qu\u2019au cours de l\u2019ann\u00e9e \u00e9coul\u00e9e depuis l\u2019irruption de Podemos pour que cette formation soit capable d\u2019\u00eatre \u00e0 la hauteur de cette opportunit\u00e9 historique et ne pas d\u00e9cevoir les grands espoirs dont elle est le d\u00e9positaire. Nous devrons \u00e9galement le faire en cherchant \u00e0 articuler le front \u00e9lectoral avec celui de la mobilisation sociale, qui est cl\u00e9 dans cette \u0153uvre en commun qui devra se d\u00e9velopper depuis les Conseils citoyens et les Cercles.\u00a0<\/b><\/h3>\n<h3><span style=\"color: #0000ff;\"> <b>(Tribune publi\u00e9e le 27 f\u00e9vrier 2015 sur le site Vientosur.info.\u00a0<\/b><\/span><\/h3>\n<h3><b><span style=\"color: #0000ff;\">Traduction A l\u2019Encontre)<\/span><\/b><\/h3>\n<h4><em> [1]<a href=\"http:\/\/www.eldiario.es\/andalucia\/Jose-Luis-Ripolles-Derecho-Penal_0_360114085.html\">http:\/\/www.eldiario.es\/andalucia\/Jose-Luis-Ripolles-Derecho-Penal_0_360114085.html<\/a>\u00a0<\/em><\/h4>\n<h4><em> [2] Le groupe de multim\u00e9dia PRISA est pr\u00e9sent dans de nombreux pays, notamment d\u2019Am\u00e9rique Latine. Il poss\u00e8de le quotidien dit de r\u00e9f\u00e9rence El Pa\u00eds, ainsi que 15% des actions de Le Monde. (R\u00e9d. A l\u2019Encontre)\u00a0<\/em><\/h4>\n<h4><em> [3] Pr\u00e9sidente de la Junte d\u2019Andalousie, qui a provoqu\u00e9 des \u00e9lections anticip\u00e9es pour le 22 mars 2015 dans cette communaut\u00e9 autonome. (R\u00e9d. A l\u2019Encontre)\u00a0<\/em><\/h4>\n<h4><em> [3] Tom\u00e1s G\u00f3mez, secr\u00e9taire g\u00e9n\u00e9ral du Parti socialiste madril\u00e8ne depuis 2007, a \u00e9t\u00e9 destitu\u00e9 le 11 f\u00e9vrier 2015 comme cons\u00e9quence de l\u2019enqu\u00eate men\u00e9e au sujet d\u2019un \u00absurco\u00fbt\u00bb de 41 millions d\u2019euros dans les travaux du tramway d\u2019une localit\u00e9 de la Communaut\u00e9 de Madrid dont il avait \u00e9t\u00e9 le maire. (R\u00e9d. A l\u2019Encontre)\u00a0<\/em><\/h4>\n<h4><em> [4] Felipe Gonz\u00e1lez, Madrid: superar la endogamia, El Pa\u00eds, 19 f\u00e9vrier 2015.\u00a0<\/em><\/h4>\n<h4><em> [5] Son nom officiel est Loi de la s\u00e9curit\u00e9 citoyenne. Approuv\u00e9e en d\u00e9cembre 2014 par le seul PP (qui dispose d\u2019une majorit\u00e9 absolue au Parlement), elle limite fortement, entre autres, le droit de manifestation et punit durement (emprisonnement et amendes) les situations jug\u00e9es \u00abd\u00e9lictueuses\u00bb. Cette loi a \u00e9t\u00e9 tr\u00e8s contest\u00e9e. Un sondage men\u00e9 peu avant qu\u2019elle soit approuv\u00e9e indiquait que 82% des personnes interrog\u00e9es \u00e9taient pour son retrait ou une modification de cette derni\u00e8re.\u00a0<\/em><\/h4>\n<h4><em> (R\u00e9d. A l\u2019Encontre &#8211; <a href=\"http:\/\/www.alencontre.org\/\">www.alencontre.org<\/a> )<\/em><\/h4>\n<\/div>\n<\/div>\n<\/div>\n<gcse:search><\/gcse:search>","protected":false},"excerpt":{"rendered":"<p>\u00ab\u00a0Il faut renouveler l\u2019air, \u00e7a sent le mort!\u00a0\u00bb, El Roto\u00a0 En effet, ainsi que le diagnostique avec justesse le dessinateur lucide d\u2019El Pa\u00eds, le mal nomm\u00e9 \u00ab\u00a0d\u00e9bat sur l\u2019\u00e9tat de la nation\u00a0\u00bb [suite au discours de Rajoy, le secr\u00e9taire du PSOE Pedro Sanchez et le secr\u00e9taire de Podemos Pabro Iglesias ont fait des contre-rapports sur [&hellip;]<\/p>\n","protected":false},"author":1,"featured_media":0,"comment_status":"open","ping_status":"open","sticky":false,"template":"","format":"standard","meta":{"footnotes":""},"categories":[126],"tags":[117,101],"class_list":["post-14529","post","type-post","status-publish","format-standard","hentry","category-gauche-de-combat","tag-democratie","tag-espagne"],"_links":{"self":[{"href":"https:\/\/alternatifs81.fr\/index.php?rest_route=\/wp\/v2\/posts\/14529","targetHints":{"allow":["GET"]}}],"collection":[{"href":"https:\/\/alternatifs81.fr\/index.php?rest_route=\/wp\/v2\/posts"}],"about":[{"href":"https:\/\/alternatifs81.fr\/index.php?rest_route=\/wp\/v2\/types\/post"}],"author":[{"embeddable":true,"href":"https:\/\/alternatifs81.fr\/index.php?rest_route=\/wp\/v2\/users\/1"}],"replies":[{"embeddable":true,"href":"https:\/\/alternatifs81.fr\/index.php?rest_route=%2Fwp%2Fv2%2Fcomments&post=14529"}],"version-history":[{"count":0,"href":"https:\/\/alternatifs81.fr\/index.php?rest_route=\/wp\/v2\/posts\/14529\/revisions"}],"wp:attachment":[{"href":"https:\/\/alternatifs81.fr\/index.php?rest_route=%2Fwp%2Fv2%2Fmedia&parent=14529"}],"wp:term":[{"taxonomy":"category","embeddable":true,"href":"https:\/\/alternatifs81.fr\/index.php?rest_route=%2Fwp%2Fv2%2Fcategories&post=14529"},{"taxonomy":"post_tag","embeddable":true,"href":"https:\/\/alternatifs81.fr\/index.php?rest_route=%2Fwp%2Fv2%2Ftags&post=14529"}],"curies":[{"name":"wp","href":"https:\/\/api.w.org\/{rel}","templated":true}]}}