{"id":14485,"date":"2015-02-27T21:17:59","date_gmt":"2015-02-27T20:17:59","guid":{"rendered":"http:\/\/alternatifs81.fr\/?p=14485"},"modified":"2015-04-03T05:55:02","modified_gmt":"2015-04-03T04:55:02","slug":"confluences-81-cest-quoi","status":"publish","type":"post","link":"https:\/\/alternatifs81.fr\/?p=14485","title":{"rendered":"Confluences 81 c\u2019est quoi ?"},"content":{"rendered":"<h2 style=\"text-align: justify;\">http:\/\/confluences81.fr\/<\/h2>\n<h2 style=\"text-align: justify;\"><span style=\"color: #808000;\">Confluences 81 : \u00e9volution et circonstances !<\/span><\/h2>\n<h3 style=\"text-align: justify;\"><a href=\"http:\/\/alternatifs81.fr\/wp-content\/uploads\/logoConfluences81.jpg\" rel=\"lightbox[14485]\"><img loading=\"lazy\" decoding=\"async\" class=\"alignleft wp-image-14490 size-medium\" src=\"http:\/\/alternatifs81.fr\/wp-content\/uploads\/logoConfluences81-300x73.jpg\" alt=\"logoConfluences81\" width=\"300\" height=\"73\" srcset=\"https:\/\/alternatifs81.fr\/wp-content\/uploads\/logoConfluences81-300x73.jpg 300w, https:\/\/alternatifs81.fr\/wp-content\/uploads\/logoConfluences81-1024x250.jpg 1024w\" sizes=\"auto, (max-width: 300px) 100vw, 300px\" \/><\/a>Confluences 81 est un petit <span style=\"color: #003300;\"><em>\u00ab\u00a0journal d\u2019expression libre partag\u00e9 par Les Alternatifs du Tarn\u00a0\u00bb<\/em><\/span> <em>(c\u2019est le sous-titre !)<\/em>. Il a commenc\u00e9 en mai 2014 sa 19\u00e8me ann\u00e9e de parution ininterrompue !<\/h3>\n<h3 style=\"text-align: justify;\"><span style=\"color: #008000;\"><strong>Bref historique<\/strong><\/span><br \/>\nAu mois d\u2019avril 1996 para\u00eet le n\u00b01 de Confluences 81. Il est cr\u00e9\u00e9 par le groupe politique Tarnais \u00ab Convention pour une Alternative Progressiste \u00bb, lui-m\u00eame issu des Comit\u00e9s Juquin. Avec la cr\u00e9ation des Alternatifs en 1998, la CAP adh\u00e8re \u00e0 ce nouveau mouvement et le groupe Tarnais continue \u00e0 publier 6 fois par an un num\u00e9ro allant de 4 \u00e0 8 pages. Progressivement le journal passe \u00e0 16 pages avec un dossier central de 4 pages, toujours sur un rythme bimestriel.<br \/>\nLes r\u00e9dactrices et r\u00e9dacteurs se diversifient au fil des num\u00e9ros : actuellement pr\u00e8s des 2\/3 des articles sont \u00e9crits par des personnes non membres des Alternatifs et tous par des \u00ab\u00a0non professionnel-le-s\u00a0\u00bb. Tous les contributeurs sont b\u00e9n\u00e9voles, y compris N\u2019Marc dont le m\u00e9tier est dessinateur de B.D.<br \/>\nLes rubriques elles-m\u00eames changent d\u2019intitul\u00e9 au fil des ans, voire disparaissent, faute d\u2019animateur-trice. Mais la ligne \u00e9ditoriale du 1er num\u00e9ro <em><span style=\"color: #008000;\">\u00ab\u00a0Profond\u00e9ment de gauche, pour l\u2019\u00e9cologie, pour transformer demain la soci\u00e9t\u00e9\u00a0\u00bb<\/span> <\/em>reste immuable.<\/h3>\n<p><!--more--><\/p>\n<h3 style=\"text-align: justify;\"><span style=\"color: #808000;\">Qu\u2019y trouve-t-on ?<\/span><br \/>\nEssentiellement des informations locales, mais surtout les r\u00e9flexions et les luttes qu\u2019elles suscitent. Le combat est social, \u00e9cologique, f\u00e9ministe, d\u00e9mocratique tout \u00e0 la fois. Pour se faire une id\u00e9e des questions abord\u00e9es, voici le titre de quelques unes des rubriques :<br \/>\n\u2022 La rage au ventre<br \/>\n\u2022 Utopies ?<br \/>\n\u2022 Dans le Tarn<br \/>\n\u2022 D\u00e9croissants au beurre<br \/>\n\u2022 Vivre autrement<br \/>\n\u2022 \u00c9ducation\/culture<br \/>\n\u2022 Agriculture<br \/>\n\u2022 La parole des autres <em>(associations et\/ou individus).<\/em><br \/>\nIl va de soi que les infos locales ne peuvent \u00eatre d\u00e9connect\u00e9es de l\u2019actualit\u00e9 r\u00e9gionale, nationale et internationale !<\/h3>\n<h3 style=\"text-align: justify;\"><span style=\"color: #008000;\">Comment \u00e7a fonctionne ?<\/span><br \/>\nUn Comit\u00e9 de r\u00e9daction <em>(une douzaine de personnes, dont 7 ou 8 au minimum vont au-del\u00e0 de l\u2019acte de pr\u00e9sence !)<\/em> se r\u00e9unit tous les deux mois pour pr\u00e9parer le contenu et la mise en page.<br \/>\nCe groupe n\u2019\u00e9crit pas tous les articles, mais a pour r\u00f4le de susciter l\u2019apport d\u2019articles, dessins et photos aupr\u00e8s de personnes qui lui sont ext\u00e9rieures. Dans les derniers num\u00e9ros, plus de 20 r\u00e9dacteurs-trices ont apport\u00e9 leur pierre \u00e0 l\u2019\u00e9difice.<br \/>\nLes dates de parution (janvier, mars, mai, juillet, septembre, novembre) sont scrupuleusement respect\u00e9es, le bouclage \u00e9tant effectif 2 semaines avant la date de parution et d\u2019envoi postal aux abonn\u00e9-e-s.<br \/>\nAucune pub d\u2019aucune sorte dans les colonnes de Confluences 81 ! Financi\u00e8rement, c\u2019est le syst\u00e8me d\u2019abonnements qui permet chaque deux mois le tirage <em>(et la distribution)<\/em> compris entre 160 et 200 exemplaires, tirage \u00e0 peine sup\u00e9rieur au nombre d\u2019abonn\u00e9-e-s. Pour le m\u00eame montant, on peut s\u2019abonner soit \u00e0 la version <span style=\"color: #808000;\"><em>\u00ab\u00a0papier\u00a0\u00bb<\/em><\/span>, soit \u00e0 la version <em><span style=\"color: #008000;\">\u00ab\u00a0Internet\u00a0\u00bb<\/span><\/em>.<br \/>\nLe journal est \u00e9dit\u00e9 par une association intitul\u00e9e \u00ab\u00a0Confluences 81\u00a0\u00bb. Hormis le journal, elle a pour but d\u2019organiser des r\u00e9unions publiques sur des th\u00e8mes locaux ou g\u00e9n\u00e9raux d\u2019actualit\u00e9, seule ou en co-organisation avec d\u2019autres associations. Ainsi li\u00e9e depuis 2 ans \u00e0 d\u2019autres groupes Tarnais dans le \u00ab collectif Marinaleda 81 \u00bb, l\u2019association \u00ab Confluences 81 \u00bb met annuellement* sur pieds une journ\u00e9e publique d\u2019\u00e9changes qui remporte un franc succ\u00e8s : on y parle de l\u2019utopie autogestionnaire en actes !<\/h3>\n<h3>C.R.<br \/>\n* <em><span style=\"color: #008000;\">en 2015, ce sera le 26 septembre au Foyer L\u00e9o Lagrange de GRAULHET (lieu \u00e0 confirmer).<\/span><\/em><\/h3>\n<h3>Voir le lien :\u00a0 http:\/\/confluences81.fr\/2015\/01\/30\/se-passer-de-patron-chiche\/<\/h3>\n<h2 style=\"text-align: justify;\"><span style=\"color: #808000;\">S\u2019abonner<\/span><\/h2>\n<h3 style=\"text-align: justify;\"><a href=\"http:\/\/alternatifs81.fr\/wp-content\/uploads\/conflu_smiley1.jpg\" rel=\"lightbox[14485]\"><img loading=\"lazy\" decoding=\"async\" class=\"alignleft wp-image-14488\" src=\"http:\/\/alternatifs81.fr\/wp-content\/uploads\/conflu_smiley1.jpg\" alt=\"conflu_smiley\" width=\"175\" height=\"271\" \/><\/a>Confluences 81 : chez Claude Rossignol \u2013 Lieu Dit Le Ritou \u2013 81100 CASTRES ou\u00a0\u00a0\u00a0 81@alternatifs.org<\/h3>\n<h3 style=\"text-align: justify;\"><span style=\"text-decoration: underline;\">Abonnement :<\/span> 13\u20ac pour 6 num\u00e9ros <em>(pr\u00e9ciser la version : papier ou Internet)<\/em> ch\u00e8que \u00e0 l\u2019ordre de \u00ab Confluences 81 \u00bb, \u00e0 envoyer \u00e0 l\u2019adresse postale ci-dessus.<br \/>\nTarif r\u00e9duit <em>(ch\u00f4meurs\/\u00e9tudiants)<\/em> : 8\u20ac.<\/h3>\n<p><a href=\"http:\/\/alternatifs81.fr\/wp-content\/uploads\/bandeau-Conflu-pour-blog-essai-4-copie.jpg\" rel=\"lightbox[14485]\"><img loading=\"lazy\" decoding=\"async\" class=\" wp-image-14489 aligncenter\" src=\"http:\/\/alternatifs81.fr\/wp-content\/uploads\/bandeau-Conflu-pour-blog-essai-4-copie-300x120.jpg\" alt=\"bandeau Conflu pour blog essai 4.indd\" width=\"450\" height=\"181\" srcset=\"https:\/\/alternatifs81.fr\/wp-content\/uploads\/bandeau-Conflu-pour-blog-essai-4-copie-300x120.jpg 300w, https:\/\/alternatifs81.fr\/wp-content\/uploads\/bandeau-Conflu-pour-blog-essai-4-copie.jpg 354w\" sizes=\"auto, (max-width: 450px) 100vw, 450px\" \/><\/a><\/p>\n<h3><span style=\"color: #808000;\">Depuis quelques semaines un blog est venu compl\u00e9ter l&rsquo;activit\u00e9 de Confluences 81:<\/span><\/h3>\n<h3>http:\/\/confluences81.fr\/<\/h3>\n<p>&nbsp;<\/p>\n<gcse:search><\/gcse:search>","protected":false},"excerpt":{"rendered":"<p>http:\/\/confluences81.fr\/ Confluences 81 : \u00e9volution et circonstances ! Confluences 81 est un petit \u00ab\u00a0journal d\u2019expression libre partag\u00e9 par Les Alternatifs du Tarn\u00a0\u00bb (c\u2019est le sous-titre !). Il a commenc\u00e9 en mai 2014 sa 19\u00e8me ann\u00e9e de parution ininterrompue ! Bref historique Au mois d\u2019avril 1996 para\u00eet le n\u00b01 de Confluences 81. Il est cr\u00e9\u00e9 par [&hellip;]<\/p>\n","protected":false},"author":1,"featured_media":0,"comment_status":"open","ping_status":"open","sticky":false,"template":"","format":"standard","meta":{"footnotes":""},"categories":[4],"tags":[34,43,398,38,117,169,16,400,66],"class_list":["post-14485","post","type-post","status-publish","format-standard","hentry","category-confluences81","tag-alternatifs","tag-appel","tag-autogestion","tag-confluences-81","tag-democratie","tag-ecologie-2","tag-economie","tag-feminisme","tag-services-publics"],"_links":{"self":[{"href":"https:\/\/alternatifs81.fr\/index.php?rest_route=\/wp\/v2\/posts\/14485","targetHints":{"allow":["GET"]}}],"collection":[{"href":"https:\/\/alternatifs81.fr\/index.php?rest_route=\/wp\/v2\/posts"}],"about":[{"href":"https:\/\/alternatifs81.fr\/index.php?rest_route=\/wp\/v2\/types\/post"}],"author":[{"embeddable":true,"href":"https:\/\/alternatifs81.fr\/index.php?rest_route=\/wp\/v2\/users\/1"}],"replies":[{"embeddable":true,"href":"https:\/\/alternatifs81.fr\/index.php?rest_route=%2Fwp%2Fv2%2Fcomments&post=14485"}],"version-history":[{"count":0,"href":"https:\/\/alternatifs81.fr\/index.php?rest_route=\/wp\/v2\/posts\/14485\/revisions"}],"wp:attachment":[{"href":"https:\/\/alternatifs81.fr\/index.php?rest_route=%2Fwp%2Fv2%2Fmedia&parent=14485"}],"wp:term":[{"taxonomy":"category","embeddable":true,"href":"https:\/\/alternatifs81.fr\/index.php?rest_route=%2Fwp%2Fv2%2Fcategories&post=14485"},{"taxonomy":"post_tag","embeddable":true,"href":"https:\/\/alternatifs81.fr\/index.php?rest_route=%2Fwp%2Fv2%2Ftags&post=14485"}],"curies":[{"name":"wp","href":"https:\/\/api.w.org\/{rel}","templated":true}]}}