{"id":14250,"date":"2015-02-12T12:26:00","date_gmt":"2015-02-12T11:26:00","guid":{"rendered":"http:\/\/alternatifs81.fr\/?p=14250"},"modified":"2015-02-14T15:41:10","modified_gmt":"2015-02-14T14:41:10","slug":"cercle-de-silence-mazamet-samedi-14-fevrier-10h-30","status":"publish","type":"post","link":"https:\/\/alternatifs81.fr\/?p=14250","title":{"rendered":"Cercle de Silence, MAZAMET, samedi 14 f\u00e9vrier, 10h 30"},"content":{"rendered":"<div dir=\"ltr\">\n<h3 align=\"JUSTIFY\"><a href=\"http:\/\/alternatifs81.fr\/wp-content\/uploads\/Cercle-Silence-300x2921.png\" rel=\"lightbox[14250]\"><img loading=\"lazy\" decoding=\"async\" class=\"alignleft wp-image-7225\" src=\"http:\/\/alternatifs81.fr\/wp-content\/uploads\/Cercle-Silence-300x2921-150x150.png\" alt=\"Cercle-Silence-300x292\" width=\"214\" height=\"208\" \/><\/a>300 morts en mer, au large de la Lybie nous annoncent les media <span id=\"OBJ_PREFIX_DWT89_com_zimbra_date\" class=\"Object\">aujourd&rsquo;hui<\/span>. Des enfants, des femmes, des hommes.<\/h3>\n<h3 align=\"JUSTIFY\">Eh oui l&rsquo;Europe, notre Europe l&rsquo;U.E a supprim\u00e9 <i>\u00ab\u00a0Mare Nostrum\u00a0\u00bb<\/i> trop cher (son but \u00e9tait de porter assistance aux migrants en p\u00e9ril) et l&rsquo;a remplac\u00e9 par <i>\u00ab\u00a0Triton\u00a0\u00bb<\/i> dont la priorit\u00e9 n\u2019est pas le sauvetage mais la surveillance des fronti\u00e8res.<\/h3>\n<h3 align=\"JUSTIFY\"><span id=\"OBJ_PREFIX_DWT90_com_zimbra_url\" class=\"Object\"><a href=\"http:\/\/www.lemonde.fr\/europe\/article\/2015\/02\/12\/des-centaines-de-migrants-en-provenance-de-libye-disparus-au-large-de-l-ile-de-lampedusa_4574788_3214.html\" target=\"_blank\">http:\/\/www.lemonde.fr\/europe\/article\/2015\/02\/12\/des-centaines-de-migrants-en-provenance-de-libye-disparus-au-large-de-l-ile-de-lampedusa_4574788_3214.html<\/a><\/span><\/h3>\n<h3 align=\"JUSTIFY\">Deux Tarnais, l&rsquo;un G\u00e9orgien l&rsquo;autre Arm\u00e9nien (tous deux maris et p\u00e8res de famille) viennent d&rsquo;\u00eatre expuls\u00e9s, apr\u00e8s \u00eatre pass\u00e9s au CRA de Cornebarrieu. L&rsquo;accompagnement de RESF et des associations tarnaises, l&rsquo;insertion des familles n&rsquo;ont pas pes\u00e9 lourd face \u00e0 la volont\u00e9 d&rsquo;expulsion de la Pr\u00e9fecture et du gouvernement.<\/h3>\n<h3 align=\"JUSTIFY\">Encore des familles cass\u00e9es, des enfants bousill\u00e9s par notre \u00e9go\u00efsme.<\/h3>\n<h3 align=\"JUSTIFY\">C&rsquo;est pour cela que <b><span style=\"font-size: large;\"><span id=\"OBJ_PREFIX_DWT91_com_zimbra_date\" class=\"Object\">samedi 14 f\u00e9vrier 2015<\/span> \u00e0 10h30<\/span><\/b> nous nous retrouverons sur le quai de l&rsquo;Arnette \u00e0 Mazamet pour un Cercle de Silence, dans lequel nous demanderons \u00e0 nos gouvernants de respecter les Droits de l&rsquo;Homme, et notamment le Droit des Etrangers, ici et dans les CRA<\/h3>\n<h3 align=\"JUSTIFY\">Rappel, il y a lus de 180 Cercles de Silence en France et 4 dans le Tarn.<\/h3>\n<h3 align=\"JUSTIFY\">Albi le 2\u00e8me <span id=\"OBJ_PREFIX_DWT92_com_zimbra_date\" class=\"Object\">samedi<\/span> du mois \u00e0 11h30 place du Vigan<\/h3>\n<h3 align=\"JUSTIFY\">Castres <span id=\"OBJ_PREFIX_DWT93_com_zimbra_date\" class=\"Object\">le dernier vendredi<\/span> \u00e0 18h place Jean Jaur\u00e8s<\/h3>\n<h3 align=\"JUSTIFY\">Lavaur <span id=\"OBJ_PREFIX_DWT94_com_zimbra_date\" class=\"Object\">le dernier samedi<\/span> du mois 10h30<\/h3>\n<h3 align=\"JUSTIFY\">Mazamet 2\u00e8me <span id=\"OBJ_PREFIX_DWT95_com_zimbra_date\" class=\"Object\">samedi<\/span> 10h30 quai de l&rsquo;Arnette<\/h3>\n<\/div>\n<gcse:search><\/gcse:search>","protected":false},"excerpt":{"rendered":"<p>300 morts en mer, au large de la Lybie nous annoncent les media aujourd&rsquo;hui. Des enfants, des femmes, des hommes. Eh oui l&rsquo;Europe, notre Europe l&rsquo;U.E a supprim\u00e9 \u00ab\u00a0Mare Nostrum\u00a0\u00bb trop cher (son but \u00e9tait de porter assistance aux migrants en p\u00e9ril) et l&rsquo;a remplac\u00e9 par \u00ab\u00a0Triton\u00a0\u00bb dont la priorit\u00e9 n\u2019est pas le sauvetage mais [&hellip;]<\/p>\n","protected":false},"author":1,"featured_media":0,"comment_status":"open","ping_status":"open","sticky":false,"template":"","format":"standard","meta":{"footnotes":""},"categories":[1],"tags":[],"class_list":["post-14250","post","type-post","status-publish","format-standard","hentry","category-non-classe"],"_links":{"self":[{"href":"https:\/\/alternatifs81.fr\/index.php?rest_route=\/wp\/v2\/posts\/14250","targetHints":{"allow":["GET"]}}],"collection":[{"href":"https:\/\/alternatifs81.fr\/index.php?rest_route=\/wp\/v2\/posts"}],"about":[{"href":"https:\/\/alternatifs81.fr\/index.php?rest_route=\/wp\/v2\/types\/post"}],"author":[{"embeddable":true,"href":"https:\/\/alternatifs81.fr\/index.php?rest_route=\/wp\/v2\/users\/1"}],"replies":[{"embeddable":true,"href":"https:\/\/alternatifs81.fr\/index.php?rest_route=%2Fwp%2Fv2%2Fcomments&post=14250"}],"version-history":[{"count":0,"href":"https:\/\/alternatifs81.fr\/index.php?rest_route=\/wp\/v2\/posts\/14250\/revisions"}],"wp:attachment":[{"href":"https:\/\/alternatifs81.fr\/index.php?rest_route=%2Fwp%2Fv2%2Fmedia&parent=14250"}],"wp:term":[{"taxonomy":"category","embeddable":true,"href":"https:\/\/alternatifs81.fr\/index.php?rest_route=%2Fwp%2Fv2%2Fcategories&post=14250"},{"taxonomy":"post_tag","embeddable":true,"href":"https:\/\/alternatifs81.fr\/index.php?rest_route=%2Fwp%2Fv2%2Ftags&post=14250"}],"curies":[{"name":"wp","href":"https:\/\/api.w.org\/{rel}","templated":true}]}}