{"id":14243,"date":"2015-02-10T20:40:12","date_gmt":"2015-02-10T19:40:12","guid":{"rendered":"http:\/\/alternatifs81.fr\/?p=14243"},"modified":"2015-02-15T20:57:02","modified_gmt":"2015-02-15T19:57:02","slug":"pique-nique-a-sivens-pour-lui-dire-je-taime","status":"publish","type":"post","link":"https:\/\/alternatifs81.fr\/?p=14243","title":{"rendered":"Dimanche 15 f\u00e9vrier 2015 : Pique-nique \u00e0 Sivens   \u00ab\u00a0Pour lui dire je t&rsquo;aime !\u00a0\u00bb"},"content":{"rendered":"<h3 style=\"text-align: justify;\">\u00a0<a href=\"http:\/\/alternatifs81.fr\/wp-content\/uploads\/ob_57e72e_zad-copie.jpg\" rel=\"lightbox[14243]\"><img loading=\"lazy\" decoding=\"async\" class=\" wp-image-14293 size-medium alignleft\" src=\"http:\/\/alternatifs81.fr\/wp-content\/uploads\/ob_57e72e_zad-copie-300x267.jpg\" alt=\"ob_57e72e_zad-copie\" width=\"300\" height=\"267\" srcset=\"https:\/\/alternatifs81.fr\/wp-content\/uploads\/ob_57e72e_zad-copie-300x267.jpg 300w, https:\/\/alternatifs81.fr\/wp-content\/uploads\/ob_57e72e_zad-copie.jpg 812w\" sizes=\"auto, (max-width: 300px) 100vw, 300px\" \/><\/a>Depuis deux week-ends, la zone de Sivens est isol\u00e9e par miliciens et gendarmes qui emp\u00eachent toute circulation.<\/h3>\n<h3 style=\"text-align: justify;\">&#8211; Pour dire non \u00e0 cette stupide escalade,<\/h3>\n<h3 style=\"text-align: justify;\">&#8211; pour continuer \u00e0 nous rencontrer \u00e0 Sivens,<\/h3>\n<h3 style=\"text-align: justify;\">&#8211; pour r\u00e9affirmer ensemble que nous avons raison de nous opposer \u00e0 ce projet de barrage, soyons nombreux au rendez-vous de co-voiturage,<br \/>\ndans la bonne humeur et la fiert\u00e9.<\/h3>\n<h3 style=\"text-align: justify;\"><span style=\"color: #808000;\">dimanche 15 f\u00e9vrier \u00e0 10 h 30 \u00e0 Gaillac, place de la Lib\u00e9ration<\/span><\/h3>\n<gcse:search><\/gcse:search>","protected":false},"excerpt":{"rendered":"<p>\u00a0Depuis deux week-ends, la zone de Sivens est isol\u00e9e par miliciens et gendarmes qui emp\u00eachent toute circulation. &#8211; Pour dire non \u00e0 cette stupide escalade, &#8211; pour continuer \u00e0 nous rencontrer \u00e0 Sivens, &#8211; pour r\u00e9affirmer ensemble que nous avons raison de nous opposer \u00e0 ce projet de barrage, soyons nombreux au rendez-vous de co-voiturage, [&hellip;]<\/p>\n","protected":false},"author":1,"featured_media":0,"comment_status":"open","ping_status":"open","sticky":false,"template":"","format":"standard","meta":{"footnotes":""},"categories":[217],"tags":[338],"class_list":["post-14243","post","type-post","status-publish","format-standard","hentry","category-libertes","tag-barrage-de-sivens"],"_links":{"self":[{"href":"https:\/\/alternatifs81.fr\/index.php?rest_route=\/wp\/v2\/posts\/14243","targetHints":{"allow":["GET"]}}],"collection":[{"href":"https:\/\/alternatifs81.fr\/index.php?rest_route=\/wp\/v2\/posts"}],"about":[{"href":"https:\/\/alternatifs81.fr\/index.php?rest_route=\/wp\/v2\/types\/post"}],"author":[{"embeddable":true,"href":"https:\/\/alternatifs81.fr\/index.php?rest_route=\/wp\/v2\/users\/1"}],"replies":[{"embeddable":true,"href":"https:\/\/alternatifs81.fr\/index.php?rest_route=%2Fwp%2Fv2%2Fcomments&post=14243"}],"version-history":[{"count":0,"href":"https:\/\/alternatifs81.fr\/index.php?rest_route=\/wp\/v2\/posts\/14243\/revisions"}],"wp:attachment":[{"href":"https:\/\/alternatifs81.fr\/index.php?rest_route=%2Fwp%2Fv2%2Fmedia&parent=14243"}],"wp:term":[{"taxonomy":"category","embeddable":true,"href":"https:\/\/alternatifs81.fr\/index.php?rest_route=%2Fwp%2Fv2%2Fcategories&post=14243"},{"taxonomy":"post_tag","embeddable":true,"href":"https:\/\/alternatifs81.fr\/index.php?rest_route=%2Fwp%2Fv2%2Ftags&post=14243"}],"curies":[{"name":"wp","href":"https:\/\/api.w.org\/{rel}","templated":true}]}}