{"id":14235,"date":"2015-02-10T15:09:17","date_gmt":"2015-02-10T14:09:17","guid":{"rendered":"http:\/\/alternatifs81.fr\/?p=14235"},"modified":"2015-02-21T10:43:16","modified_gmt":"2015-02-21T09:43:16","slug":"adresse-a-la-commission-denquete-sur-les-missions-et-modalites-du-maintien-de-lordre-republicain-dans-un-contexte-de-respect-des-libertes-publiques-et-du-droit-de-manifestation","status":"publish","type":"post","link":"https:\/\/alternatifs81.fr\/?p=14235","title":{"rendered":"Adresse \u00e0 la Commission d&rsquo;enqu\u00eate sur les missions et modalit\u00e9s du maintien de l&rsquo;ordre r\u00e9publicain, dans un contexte de respect des libert\u00e9s publiques et du droit de manifestation"},"content":{"rendered":"<h3 style=\"text-align: justify;\"><span style=\"color: #808000;\"><em>Devant les \u00e9v\u00e8nements graves qui se d\u00e9roulent actuellement autour de la zone de Sivens et qui mettent en cause le comportement des forces de l&rsquo;ordre., les organisations politiques tarnaise, ADECR (Association D\u00e9partementale des Elus Communistes et R\u00e9publicains), Les Alternatifs, EELV, NPA, PCF, Parti de Gauche, ont d\u00e9cid\u00e9 d&rsquo;interpeller la Commission d&rsquo;enqu\u00eate sur les missions et modalit\u00e9 du maintien de l&rsquo;ordre r\u00e9publicain pr\u00e9sid\u00e9e par No\u00ebl MAMERE.<br \/>\n<\/em><\/span><\/h3>\n<h3 style=\"text-align: justify;\"><a href=\"http:\/\/alternatifs81.fr\/wp-content\/uploads\/terramorta-Sivens.jpg\" rel=\"lightbox[14235]\"><img loading=\"lazy\" decoding=\"async\" class=\"alignleft wp-image-14238\" src=\"http:\/\/alternatifs81.fr\/wp-content\/uploads\/terramorta-Sivens-300x225.jpg\" alt=\"terramorta Sivens\" width=\"250\" height=\"188\" srcset=\"https:\/\/alternatifs81.fr\/wp-content\/uploads\/terramorta-Sivens-300x225.jpg 300w, https:\/\/alternatifs81.fr\/wp-content\/uploads\/terramorta-Sivens-1024x768.jpg 1024w\" sizes=\"auto, (max-width: 250px) 100vw, 250px\" \/><\/a>C\u2019est \u00e0 la suite du d\u00e9c\u00e8s d\u2019un jeune manifestant sur le site du projet de barrage de Sivens qu\u2019a \u00e9t\u00e9 mise en place votre Commission d&rsquo;enqu\u00eate sur les missions et modalit\u00e9s du maintien de l&rsquo;ordre r\u00e9publicain dans un contexte de respect des libert\u00e9s publiques et du droit de manifestation. Cette commission est charg\u00e9e d\u2019\u00e9clairer la Repr\u00e9sentation nationale et les citoyens sur le contenu et l\u2019application des r\u00e8gles relatives au maintien de l\u2019ordre et les moyens qui y sont consacr\u00e9s, ainsi que sur leur rapport avec l\u2019exercice des libert\u00e9s publiques fondamentales, telles que la libert\u00e9 de la presse et le droit \u00e0 manifester. C\u2019est donc \u00e0 ce titre que nous vous interpellons devant la tournure de plus en plus inqui\u00e9tante que prennent les \u00e9v\u00e8nements autour du site de Sivens depuis quelques semaines et singuli\u00e8rement depuis le week-end du 1-2 f\u00e9vrier.<\/h3>\n<p><!--more--><\/p>\n<p><!--more--><\/p>\n<h3 style=\"text-align: justify;\">En effet, les occupations de la voie publique, violences, menaces, de ceux qui se pr\u00e9sentent comme des \u00ab riverains \u00bb d\u00e9fenseurs d\u2019un projet maintenant d\u00e9clar\u00e9 comme n\u2019\u00e9tant \u00ab plus d\u2019actualit\u00e9 \u00bb par la Ministre de l\u2019\u00e9cologie se multiplient chaque jour sous le regard des forces de l\u2019ordre dont la neutralit\u00e9 ne nous semble pas respect\u00e9e alors qu\u2019elle devrait \u00eatre la r\u00e8gle. Au moment o\u00f9 le Pr\u00e9fet du Tarn entame pour la premi\u00e8re fois le dialogue avec une d\u00e9l\u00e9gation de \u00ab zadistes \u00bb (rencontre du 5\/02 \u00e0 Marssac) on peut l\u00e9gitimement s\u2019interroger sur les instructions qui parall\u00e8lement sont donn\u00e9es aux forces de gendarmerie dans le cadre des op\u00e9rations de maintien de l\u2019ordre.<\/h3>\n<h2 style=\"text-align: justify;\"><span style=\"color: #808000;\">Rappel des faits<\/span><\/h2>\n<h3 style=\"text-align: justify;\">Le dimanche 1er f\u00e9vrier, des animations \u00e9taient pr\u00e9vues sur le site de Sivens dans le cadre de la Journ\u00e9e mondiale des zones humides. Le programme en avait \u00e9t\u00e9 publi\u00e9 sur le site internet du Collectif pour la sauvegarde de la zone humide du Testet1. Comme vous pouvez le constater ce programme de conf\u00e9rence et de visites du site \u00e9tait destin\u00e9 \u00e0 sensibiliser le public aux valeurs et aux b\u00e9n\u00e9fices des zones humides en g\u00e9n\u00e9ral, et plus particuli\u00e8rement \u00e0 la probl\u00e9matique de la zone du Testet. D\u00e8s l\u2019aube, l\u2019acc\u00e8s \u00e0 la zone a \u00e9t\u00e9 interdit et la circulation a \u00e9t\u00e9 bloqu\u00e9e sur les voies adjacentes, notamment sur la D132 au lieu-dit Barrat, par des individus tr\u00e8s organis\u00e9s comme le montre le port de brassard par certains. Les forces de gendarmerie, pr\u00e9sentes sur les lieux aux diff\u00e9rents points d\u2019acc\u00e8s du site, n\u2019ont rien fait pour r\u00e9tablir la libert\u00e9 de circulation. Elles ont dans le m\u00eame temps, indiqu\u00e9 aux automobilistes de passage o\u00f9 aux personnes d\u00e9sireuses de se rendre sur le site qu\u2019on \u00ab ne passait pas \u00bb. Ces blocages, loin d\u2019\u00eatre symboliques se sont poursuivis toute la journ\u00e9e, accompagn\u00e9s de menaces et d\u2019exactions diverses (par exemple vol de denr\u00e9es alimentaires dans un v\u00e9hicule comme s\u2019en vantent les manifestants sur leur site internet2). Partout on a pu constater une \u00ab entente cordiale \u00bb entre les forces de l\u2019ordre et ces manifestants.<br \/>\nUne r\u00e9union de coordination de citoyens, oppos\u00e9s \u00e0 la construction du barrage, n\u2019ayant pu avoir lieu sur le site en raison de ces obstructions a \u00e9t\u00e9 d\u00e9plac\u00e9e chez un particulier, \u00e0 Gaillac. Des membres de ce que l\u2019on peut qualifier de v\u00e9ritables \u00ab milices \u00bb, en treillis, brassard au bras, ont agress\u00e9 trois participants au bas de l\u2019immeuble o\u00f9 se tenait la r\u00e9union. L\u2019un des agresseurs a alors appel\u00e9 les gendarmes en pr\u00e9tendant avoir \u00e9t\u00e9 menac\u00e9 par un individu qui serait entr\u00e9 dans l\u2019immeuble. Cinq gendarmes, arriv\u00e9s sur le champ, en tenue de combat ont voulu investir l\u2019appartement o\u00f9 se se d\u00e9roulait la r\u00e9union. Devant le refus de la propri\u00e9taire des lieux de les laisser entrer, et apr\u00e8s avoir film\u00e9, photographi\u00e9 et menac\u00e9 de \u00ab taser \u00bb une des personnes venues sur le palier pour s\u2019informer, ils ont finalement quitt\u00e9 les lieux.<br \/>\nDes dommages ont \u00e9t\u00e9 caus\u00e9s \u00e0 des v\u00e9hicules (4 pneus crev\u00e9s pour l\u2019un, pare-brise et vitre lat\u00e9rale explos\u00e9s pour l\u2019autre) appartenant \u00e0 des opposants ou \u00e0 des visiteurs comme le maire de la commune de Saint Amancet (voir son t\u00e9moignage3). Ceux-ci se sont rendus, accompagn\u00e9s de militants, \u00e0 la gendarmerie de Gaillac pour y d\u00e9poser plainte. C\u2019est devant la gendarmerie de Gaillac, au vu et au su des gendarmes, qu\u2019une nouvelle agression s\u2019est produite. Des individus sont arriv\u00e9s dans plusieurs v\u00e9hicules et \u00ab arm\u00e9s de barres de fer et de grandes cl\u00e9s anglaises \u00bb (t\u00e9moignage d\u2019une journaliste de la radio Canal Sud) ont agress\u00e9s les personnes pr\u00e9sentes et d\u00e9truit l\u2019appareil d\u2019un jeune photographe. Il a fallu l\u2019insistance des personnes agress\u00e9es pour que les gendarmes, qui observaient la sc\u00e8ne, sortent de leurs locaux ; aucune interpellation n\u2019a \u00e9t\u00e9 faite ni m\u00eame aucun contr\u00f4le d\u2019identit\u00e9, les agresseurs repartant comme ils \u00e9taient venus.<br \/>\nDe nombreux t\u00e9moignages sur les faits graves qui ont \u00e9maill\u00e9 ces journ\u00e9es ont \u00e9t\u00e9 relat\u00e9s dans des organes de presse en ligne4.<br \/>\nUn sc\u00e9nario \u00e0 l&rsquo;identique s&rsquo;est r\u00e9p\u00e9t\u00e9 autour de Sivens le samedi 7 f\u00e9vrier. La pr\u00e9sentation d&rsquo;un livre portant sur la lutte contre le projet de barrage, sur les lieux de son histoire, a d\u00fb \u00eatre annul\u00e9e et report\u00e9e ailleurs, l&rsquo;acc\u00e8s \u00e9tant rendu impossible dans les m\u00eames conditions que la semaine pr\u00e9c\u00e9dente. Des habitants des environs venus pour ravitailler les occupants ont de m\u00eame \u00e9t\u00e9 refoul\u00e9s.<br \/>\nLe dimanche 8 f\u00e9vrier, les lieux \u00e9taient bloqu\u00e9s de la m\u00eame fa\u00e7on. La voiture d&rsquo;une riveraine a \u00e9t\u00e9 renvers\u00e9e dans le foss\u00e9, avec ses occupants : la conductrice s&rsquo;\u00e9tait arr\u00eat\u00e9e pour venir en aide \u00e0 un opposant au barrage menac\u00e9 par plusieurs individus. Elle a d\u00e9pos\u00e9 une plainte \u00e0 la gendarmerie de Lisle-sur-Tarn, ainsi que la personne \u00e0 qui elle avait port\u00e9 secours.<\/h3>\n<h2 style=\"text-align: justify;\"><span style=\"color: #808000;\">Conclusion<\/span><\/h2>\n<h3 style=\"text-align: justify;\">Ces actes graves, violences physiques, menaces, destruction de biens, sont commis par des personnes constitu\u00e9s en ce qui ressemble \u00e0 des \u00ab milices \u00bb et se sont d\u00e9roul\u00e9s \u00e0 plusieurs reprises en pr\u00e9sence de repr\u00e9sentants des forces de l\u2019ordre qui ne sont pas intervenues pour les faire cesser. Il nous para\u00eet entrer dans le cadre de votre mission d\u2019enqu\u00eate de recevoir les t\u00e9moignages sur ces exactions et d\u2019interroger les autorit\u00e9s politiques et administratives sur les instructions donn\u00e9es aux forces de l\u2018ordre dans ces circonstances. La situation autour de la zone de Sivens prend un tour dramatique. Il nous a paru de notre responsabilit\u00e9 politique de vous en alerter avant qu\u2019un nouveau drame ne se produise.<\/h3>\n<h3 style=\"text-align: justify;\"><span style=\"text-decoration: underline;\">Texte sign\u00e9 par les organisations suivantes du Tarn :<\/span><br \/>\n<span style=\"color: #0000ff;\">ADECR (<em>Association D\u00e9partementale des Elus Communistes et R\u00e9publicains<\/em>) \u2013 Les Alternatifs \u2013 EELV \u2013 NPA \u2013 PCF \u2013 Parti de Gauche<\/span><\/h3>\n<h3 style=\"text-align: justify;\">1 http:\/\/www.collectif-testet.org\/actualite-293-journee-mondiale-zones-humides-au-testet-dimanche-1er-fevrier-2015.html<br \/>\n2 http:\/\/www.testet-sivens.com\/diamnche-1-fevrier-les-riverains-bloquent-la-zad\/<br \/>\n3 http:\/\/www.streetpress.com\/sujet\/1422979223-pro-barrages-sivens-milices#<br \/>\n4 http:\/\/m.france3-regions.francetvinfo.fr\/midi-pyrenees\/2015\/02\/08\/sivens-nouveau-rassemblement-sous-tension-des-anti-barrages-651005.html?utm_source=dlvr.it&amp;utm_medium=twitter#xtref=http:\/\/t.co\/xsg8fmzT6z<\/h3>\n<p>&nbsp;<\/p>\n<gcse:search><\/gcse:search>","protected":false},"excerpt":{"rendered":"<p>Devant les \u00e9v\u00e8nements graves qui se d\u00e9roulent actuellement autour de la zone de Sivens et qui mettent en cause le comportement des forces de l&rsquo;ordre., les organisations politiques tarnaise, ADECR (Association D\u00e9partementale des Elus Communistes et R\u00e9publicains), Les Alternatifs, EELV, NPA, PCF, Parti de Gauche, ont d\u00e9cid\u00e9 d&rsquo;interpeller la Commission d&rsquo;enqu\u00eate sur les missions et [&hellip;]<\/p>\n","protected":false},"author":1,"featured_media":0,"comment_status":"open","ping_status":"open","sticky":false,"template":"","format":"standard","meta":{"footnotes":""},"categories":[1],"tags":[338,103,117,23],"class_list":["post-14235","post","type-post","status-publish","format-standard","hentry","category-non-classe","tag-barrage-de-sivens","tag-demarche-citoyenne","tag-democratie","tag-luttes"],"_links":{"self":[{"href":"https:\/\/alternatifs81.fr\/index.php?rest_route=\/wp\/v2\/posts\/14235","targetHints":{"allow":["GET"]}}],"collection":[{"href":"https:\/\/alternatifs81.fr\/index.php?rest_route=\/wp\/v2\/posts"}],"about":[{"href":"https:\/\/alternatifs81.fr\/index.php?rest_route=\/wp\/v2\/types\/post"}],"author":[{"embeddable":true,"href":"https:\/\/alternatifs81.fr\/index.php?rest_route=\/wp\/v2\/users\/1"}],"replies":[{"embeddable":true,"href":"https:\/\/alternatifs81.fr\/index.php?rest_route=%2Fwp%2Fv2%2Fcomments&post=14235"}],"version-history":[{"count":0,"href":"https:\/\/alternatifs81.fr\/index.php?rest_route=\/wp\/v2\/posts\/14235\/revisions"}],"wp:attachment":[{"href":"https:\/\/alternatifs81.fr\/index.php?rest_route=%2Fwp%2Fv2%2Fmedia&parent=14235"}],"wp:term":[{"taxonomy":"category","embeddable":true,"href":"https:\/\/alternatifs81.fr\/index.php?rest_route=%2Fwp%2Fv2%2Fcategories&post=14235"},{"taxonomy":"post_tag","embeddable":true,"href":"https:\/\/alternatifs81.fr\/index.php?rest_route=%2Fwp%2Fv2%2Ftags&post=14235"}],"curies":[{"name":"wp","href":"https:\/\/api.w.org\/{rel}","templated":true}]}}