{"id":14159,"date":"2015-01-31T20:38:34","date_gmt":"2015-01-31T19:38:34","guid":{"rendered":"http:\/\/alternatifs81.fr\/?p=14159"},"modified":"2015-01-31T20:38:34","modified_gmt":"2015-01-31T19:38:34","slug":"podemos-un-parti-extremiste-qui-peut-miner-la-productivite-par-jaime-pastor","status":"publish","type":"post","link":"https:\/\/alternatifs81.fr\/?p=14159","title":{"rendered":"Podemos \u2013 \u00ab\u00a0un parti extr\u00e9miste qui peut miner la productivit\u00e9\u00a0\u00bb par Jaime Pastor"},"content":{"rendered":"<div class=\"article-content entry-content\">\n<h3 class=\"separator\" style=\"text-align: justify;\"><a href=\"http:\/\/1.bp.blogspot.com\/-GjiRfNS3rCQ\/VMzfyfEHduI\/AAAAAAAAJfs\/iA77y5wvVZM\/s1600\/podemos_europeas.jpg\" rel=\"lightbox[14159]\"><img loading=\"lazy\" decoding=\"async\" class=\" alignleft\" src=\"http:\/\/1.bp.blogspot.com\/-GjiRfNS3rCQ\/VMzfyfEHduI\/AAAAAAAAJfs\/iA77y5wvVZM\/s1600\/podemos_europeas.jpg\" alt=\"\" width=\"200\" height=\"113\" border=\"0\" \/><\/a><b>La rencontre qui a lieu traditionnellement en Suisse fin janvier de chaque ann\u00e9e est, comme on sait, un lieu de r\u00e9union des \u00e9lites \u00e9conomiques et politiques mondiales. Elle constitue une occasion de poser des diagnostics \u00e0 propos des risques et des menaces qui assaillent le monde\u2026 capitaliste et de proposer ensuite quelques th\u00e9rapies (de choc g\u00e9n\u00e9ralement) destin\u00e9es \u00e0 susciter la \u00ab confiance \u00bb et \u00e0 am\u00e9liorer les perspectives de rentabilit\u00e9 du capital en ces ann\u00e9es turbulentes.\u00a0<\/b><\/h3>\n<h3 style=\"text-align: justify;\"><b>C\u2019est pourquoi a surgi au d\u00e9but du si\u00e8cle le Forum de Porto Alegre comme un espace alternatif et un lieu de r\u00e9flexion, de m\u00e9tissage et de propositions d\u2019actions d\u2019un \u00ab <i>mouvement des mouvements <\/i>\u00bb qui, face au triomphalisme qui accompagnait la mondialisation n\u00e9olib\u00e9rale, pariait sur le slogan : <i>\u00ab\u00a0Un autre monde est possible\u00a0\u00bb.<\/i> <\/b><\/h3>\n<p><!--more--><\/p>\n<h3><b>Aujourd\u2019hui, quand \u00e0 cet \u00ab <i>effet richesse <\/i>\u00bb se substitue un brutal \u00ab <i>effet pauvret\u00e9 <\/i>\u00bb, est venu le moment de ressusciter un nouveau cycle de luttes similaires, avec encore plus de raisons si c\u2019est possible, dans notre continent contre le Grand Pillage dont le peuple grec est la principale victime.\u00a0<\/b><\/h3>\n<h3 style=\"text-align: justify;\"><b>Le Forum de Davos de cette ann\u00e9e est pr\u00e9c\u00e9d\u00e9 d\u2019un rapport, \u00e9labor\u00e9 \u00e0 partir des opinions d\u2019\u00ab <i>experts <\/i>\u00bb, qui passent habituellement sans faire de vagues de s\u00e9ances en s\u00e9ances dans la station suisse, s\u00e9ances d\u00e9di\u00e9es principalement \u00e0 offrir un \u00ab <i>r\u00e9cit<\/i> \u00bb qui donne une image de confiance pour une prochaine sortie de la stagnation que conna\u00eet l\u2019\u00e9conomie capitaliste.\u00a0<\/b><\/h3>\n<h3 style=\"text-align: justify;\"><b>Ce rapport publi\u00e9 maintenant souligne comme les cinq principaux risques suivants, selon leur probabilit\u00e9 : les conflits entre Etats avec leurs cons\u00e9quences r\u00e9gionales ; les ph\u00e9nom\u00e8nes m\u00e9t\u00e9orologiques extr\u00eames ; les d\u00e9ficiences de la gouvernance nationale ; l\u2019effondrement ou la crise de nombreux Etats ; finalement, le ch\u00f4mage ou l\u2019emploi insuffisant structurels.\u00a0<\/b><\/h3>\n<h3 style=\"text-align: justify;\"><b>Pour ce qui est des cinq principaux risques mondiaux de par leur impact, ils seraient les suivants : les crises engendr\u00e9es par les conflits pour l\u2019eau ; la propagation rapide et massive de maladies infectieuses ; les armes de destruction massive ; les conflits entre \u00e9tats avec des cons\u00e9quences r\u00e9gionales ; enfin, le manque d\u2019adaptation au changement climatique.\u00a0<\/b><\/h3>\n<h3 style=\"text-align: justify;\"><b>Derri\u00e8re cette pr\u00e9sentation non exhaustive de risques \u2013 dont la liste compl\u00e8te est de 28 \u2013 il est facile de constater le m\u00e9lange de probl\u00e8mes d\u2019ordres divers et de port\u00e9e \u00e0 court, moyen, et long terme. Il n\u2019est pas facile de s\u00e9parer l\u00e0-dedans ce qui pour les auteurs du rapport est urgent de ce qui est important, comme c\u2019est le cas du changement climatique ou de la lutte contre l\u2019appauvrissement croissant d\u2019une tr\u00e8s large partie l\u2019humanit\u00e9, sans m\u00eame mentionner les in\u00e9galit\u00e9s croissantes.\u00a0<\/b><\/h3>\n<h3 style=\"text-align: justify;\"><b>Dans l\u2019ensemble, le plus important, c\u2019est comme d\u00e9j\u00e0 les derni\u00e8res ann\u00e9es, qu\u2019il est chaque fois plus \u00e9vident que ceux qui \u00e9crivent ces rapports ne peuvent pas cacher l\u2019interd\u00e9pendance croissante des diverses crises qui affectent le monde con\u00e7u et construit par le capitalisme financiaris\u00e9 tout au long des derni\u00e8res d\u00e9cennies.\u00a0<\/b><\/h3>\n<h3 style=\"text-align: justify;\"><b>C\u2019est un changement d\u2019\u00e9poque que nous vivons, une transition dans des domaines tr\u00e8s diff\u00e9rents, sans que les think tanks du capitalisme eux-m\u00eames sachent tr\u00e8s bien quel est le nouvel \u00ab <i>ordre productif et de gouvernance mondiale<\/i> \u00bb \u00e0 mettre sur pied.\u00a0<\/b><\/h3>\n<h3 style=\"text-align: justify;\"><b>Comme l\u2019\u00e9crivait r\u00e9cemment un analyste \u00e0 propos des \u00e9lites r\u00e9unies \u00e0 Davos \u00ab <i>Le seul ordre vraiment mondial aujourd\u2019hui est le d\u00e9sordre <\/i>\u00bb. Mais ce qui est par contre bien clair pour les \u00e9lites, c\u2019est que tout projet devra bel et bien partir de la fin d\u00e9finitive des conqu\u00eates que ceux d\u2019en-bas avaient obtenues apr\u00e8s la d\u00e9faite du nazisme et du fascisme : celles du \u00ab<i> contrat social \u00bb<\/i> implicite qui, au moins au centre de l\u2019\u00e9conomie capitaliste mondialis\u00e9e, avait permis une relative paix sociale.\u00a0<\/b><\/h3>\n<h3 style=\"text-align: justify;\"><b>Pour cela donc, leur grand d\u00e9fi est comment compenser les d\u00e9ficits de l\u00e9gitimit\u00e9 d\u2019un syst\u00e8me qui s\u2019annonce de plus en plus injuste, in\u00e9gal (pas seulement sur le plan social, bien que cette \u00ab <i>d\u00e9couverte <\/i>\u00bb ait facilit\u00e9 le succ\u00e8s du livre de Piketty dans le monde anglo-saxon, mais in\u00e9gal aussi entre les sexes, les peuples, les ethnies et les cultures), et de m\u00eame destructeur de la nature. Un \u00ab <i>capitalisme r\u00e9el<\/i> \u00bb donc, sans les bases mat\u00e9rielles suffisantes pour garantir le consentement (ne serait-ce que par manque d\u2019alternative) parmi les majorit\u00e9s sociales et, en plus sans ces \u00ab <i>classes moyennes <\/i>\u00bb (autre mythe \u00e0 enterrer) qui lui donnaient une certaine stabilit\u00e9 politique.\u00a0<\/b><\/h3>\n<h3 style=\"text-align: justify;\"><b>D\u2019o\u00f9 la recherche de nouveaux \u00ab <i>ennemis <\/i>\u00bb ainsi que le retour des \u00ab nationalismes d\u2019Etat \u00bb et de la politique de la \u00ab<i> pr\u00e9f\u00e9rence national<\/i>e \u00bb au b\u00e9n\u00e9fice des nouvelles droites extr\u00eames. Il para\u00eet donc \u00e9vident que pour rendre compatibles la \u00ab <i>confiance <\/i>\u00bb dont le capital a besoin et une \u00ab <i>rel\u00e9gitimation <\/i>\u00bb \u00e0 r\u00e9ussir au travers d\u2019une \u00ab <i>coh\u00e9sion nationale<\/i> \u00bb qui nie la lutte de classes, la g\u00e9opolitique revient au premier plan (comme le reconna\u00eet le rapport \u00e9voqu\u00e9 plus haut) avec des Etats-Unis \u00ab <i>restaur\u00e9s <\/i>\u00bb, plus de murs visibles et invisibles ainsi qu\u2019une nouvelle militarisation du monde et de nos propres soci\u00e9t\u00e9s, comme cela se passe aujourd\u2019hui apr\u00e8s les attentats en France.\u00a0<\/b><\/h3>\n<h3 style=\"text-align: justify;\"><b>Dans ce climat d\u2019ins\u00e9curit\u00e9 et de peur encourag\u00e9 par les grands m\u00e9dias qui appartiennent \u00ab <i>au 1%<\/i> \u00bb de la population mondiale, \u00e9galement r\u00e9unis \u00e0 Davos\u2026 et aussi \u00e0 Madrid [1], m\u00eame la d\u00e9mocratie repr\u00e9sentative, la version conventionnelle de ce qui se comprend comme l\u2019exercice de la \u00ab<i> souverainet\u00e9 nationale<\/i> \u00bb, appara\u00eet comme un luxe que seulement quelques pays peuvent se permettre. D\u2019o\u00f9 la peur des r\u00e9sultats \u00e9lectoraux en Gr\u00e8ce ce 25 janvier et de ce qui peut se passer dans les \u00e9lections que nous allons vivre en Espagne tout au long de cette ann\u00e9e. Il n\u2019est donc pas \u00e9tonnant que la recherche de paradigmes \u00e0 suivre ait recours \u00e0 l\u2019exemple de pays comme Singapour, gouvern\u00e9e par une dictature \u00ab <i>\u00e9lectorale<\/i> \u00bb comme le proposaient d\u00e9j\u00e0 Friedrich von Hayek, Milton Friedman et Margaret Thatcher, puisqu\u2019il continue de jouir de la meilleure qualification selon l\u2019indice de transparence pour faire des affaires.\u00a0<\/b><\/h3>\n<h3 style=\"text-align: justify;\"><b>Dans le contexte de l\u2019Eurozone, il n\u2019est pas facile de dire cela tout haut, c\u2019est pourquoi ils semblent se contenter de l\u2019id\u00e9e d\u2019une \u00ab <i>d\u00e9mocratie adapt\u00e9e au march\u00e9 <\/i>\u00bb comme le propose Angela Merkel ; soit la d\u00e9mocratie en suspens pour la remplacer par la dictature des cr\u00e9anciers de la dette.\u00a0<\/b><\/h3>\n<h3 style=\"text-align: justify;\"><b>C\u2019est ce qu\u2019ils vont assur\u00e9ment tenter d\u2019imposer au peuple grec en cas de victoire de Syriza : les obliger \u00e0 choisir entre leur vote \u00e0 eux tous et le vote des march\u00e9s financiers qui tous les jours d\u00e9cident pour les forcer \u00e0 renoncer \u00e0 leur programme de r\u00e9cup\u00e9ration de leur dignit\u00e9 et de leur souverainet\u00e9 populaire contre le pillage subi. Curieusement, selon les articles sur le Forum de Davos que la presse de r\u00e9f\u00e9rence nous livre, il semble que c\u2019est l\u2019Espagne qui appara\u00eet comme le \u00ab mod\u00e8le \u00bb \u00e0 suivre oppos\u00e9 au chemin alternatif qui peut s\u2019ouvrir en Gr\u00e8ce.\u00a0<\/b><\/h3>\n<h3 style=\"text-align: justify;\"><b>On peut lire dans El Pais, par exemple (sous la plume de la journaliste Alicia Gonz\u00e1lez, qui est rien moins que la compagne du kleptocrate Rodrigo Rato, du Parti Populaire et ayant mis la main dans les caisses de Bankia), le 23 janvier, que le pr\u00e9sident de Bridgewater, le principal fonds mutuel du monde, Ray Dalio, pense que \u00ab<i> l\u2019Espagne a r\u00e9alis\u00e9 un grand travail et dans une certaine mesure est un mod\u00e8le de r\u00e9formes, \u00e0 c\u00f4t\u00e9 d\u2019autres pays comme l\u2019Irlande <\/i>\u00bb car \u00ab elle a \u00e9t\u00e9 capable d\u2019inspirer confiance \u00bb. Ce m\u00eame personnage ajoute en plus : \u00ab<i> En Espagne, Podemos est un parti extr\u00e9miste qui peut miner la productivit\u00e9 \u00bb<\/i>. Qui dit mieux pour fomenter ce discours de peur et confirmer que, effectivement, comme le d\u00e9non\u00e7ait depuis plusieurs ann\u00e9es le professeur Boaventura de Sousa Santos, il s\u2019agit d\u2019un \u00ab <i>fascisme financier <\/i>\u00bb pour qui tout est bon, auquel nous devrons nous affronter dans les prochaines ann\u00e9es ?\u00a0<\/b><\/h3>\n<h3 style=\"text-align: justify;\"><b>Nous entrons donc ainsi dans une p\u00e9riode qui verra, comme cela se v\u00e9rifie d\u00e9j\u00e0, la \u00ab sale guerre \u00bb de ceux d\u2019en-haut contre ceux d\u2019en-bas ne s\u2019arr\u00eater devant aucun scrupule moral pour atteindre ses objectifs. La politique du mensonge est sa r\u00e8gle et face \u00e0 elle seule porte la \u00ab <i>politique de la v\u00e9rit\u00e9<\/i> \u00bb, la d\u00e9nonciation permanente des int\u00e9r\u00eats qui sont derri\u00e8re, afin de d\u00e9montrer l\u2019incompatibilit\u00e9 de leurs profits, d\u2019un c\u00f4t\u00e9, et nos droits fondamentaux et besoins de base, de l\u2019autre c\u00f4t\u00e9. Une politique alternative qui doit avoir pour aspiration la rupture avec le despotisme de l\u2019aust\u00e9rit\u00e9 dans l\u2019Eurozone.\u00a0<\/b><\/h3>\n<h3 style=\"text-align: justify;\"><b>Nous ne pourrons y arriver que si nous sommes capables de combiner protestation, propositions et, l\u00e0 o\u00f9 nous r\u00e9ussissons \u00e0 renverser les partis de la \u00ab caste \u00bb, la capacit\u00e9 de gouverner pour transformer, et non pas se r\u00e9signer \u00e0 des politiques du moindre mal et d\u2019un r\u00e9formisme seulement d\u00e9fensif.\u00a0<\/b><\/h3>\n<h3 style=\"text-align: justify;\"><b>Parce que, et il faut le r\u00e9p\u00e9ter sans cesse, sans renforcement d\u2019un pouvoir populaire, sans volont\u00e9 collective de changement exprim\u00e9e non seulement dans les \u00e9lections mais aussi dans les rues, places et lieux de travail, il n\u2019y a pas de garanties que nous puissions \u00ab gagner \u00bb dans l\u2019actuel changement d\u2019\u00e9poque qui peut commencer maintenant pour ceux d\u2019en-bas. Mais pour cela nous devons \u00eatre conscients de l\u2019interd\u00e9pendance de nos luttes dans cette Europe kidnapp\u00e9e par les march\u00e9s et pour cela, comme nous l\u2019\u00e9crivions dans un r\u00e9cent article\u00a0<\/b><\/h3>\n<h3 style=\"text-align: justify;\"><b>[1], un nouvel internationalisme qui r\u00e9unisse les peuples de ce continent est plus que n\u00e9cessaire : il est indispensable si nous voulons \u00ab gagner \u00bb. Jaime Pastor PASTOR Jaime Notes [1] Andy Robinson, \u00ab Oligarcas y editores : de Atenas a Davos \u00bb, Contexto y Acci\u00f3n, ctxt, http:\/\/ctxt.es\/20150122\/politica\/166\/Oligarcas-y-editores-de-Atenas-a-Davos-Internacional-Rebelion-en-la-periferia-sur.htm\u00a0<\/b><\/h3>\n<h3 style=\"text-align: justify;\"><b>[2] Gerardo Pisarello y Jaime Pastor, \u00ab Lo que nos jugamos en Grecia \u00bb, P\u00fablico, www.vientosur.info\/spip.php?article9744\u00a0<\/b><\/h3>\n<h3 style=\"text-align: justify;\"><b>* Article publi\u00e9 dans Viento Sur le 23 janvier 2015 : http:\/\/www.vientosur.info\/spip.php?article9757\u00a0 * Traduction A l\u2019Encontre.<\/b><\/h3>\n<\/div>\n<gcse:search><\/gcse:search>","protected":false},"excerpt":{"rendered":"<p>La rencontre qui a lieu traditionnellement en Suisse fin janvier de chaque ann\u00e9e est, comme on sait, un lieu de r\u00e9union des \u00e9lites \u00e9conomiques et politiques mondiales. Elle constitue une occasion de poser des diagnostics \u00e0 propos des risques et des menaces qui assaillent le monde\u2026 capitaliste et de proposer ensuite quelques th\u00e9rapies (de choc [&hellip;]<\/p>\n","protected":false},"author":1,"featured_media":0,"comment_status":"open","ping_status":"open","sticky":false,"template":"","format":"standard","meta":{"footnotes":""},"categories":[232],"tags":[117,101,23],"class_list":["post-14159","post","type-post","status-publish","format-standard","hentry","category-notre-economie-et-la-leur","tag-democratie","tag-espagne","tag-luttes"],"_links":{"self":[{"href":"https:\/\/alternatifs81.fr\/index.php?rest_route=\/wp\/v2\/posts\/14159","targetHints":{"allow":["GET"]}}],"collection":[{"href":"https:\/\/alternatifs81.fr\/index.php?rest_route=\/wp\/v2\/posts"}],"about":[{"href":"https:\/\/alternatifs81.fr\/index.php?rest_route=\/wp\/v2\/types\/post"}],"author":[{"embeddable":true,"href":"https:\/\/alternatifs81.fr\/index.php?rest_route=\/wp\/v2\/users\/1"}],"replies":[{"embeddable":true,"href":"https:\/\/alternatifs81.fr\/index.php?rest_route=%2Fwp%2Fv2%2Fcomments&post=14159"}],"version-history":[{"count":0,"href":"https:\/\/alternatifs81.fr\/index.php?rest_route=\/wp\/v2\/posts\/14159\/revisions"}],"wp:attachment":[{"href":"https:\/\/alternatifs81.fr\/index.php?rest_route=%2Fwp%2Fv2%2Fmedia&parent=14159"}],"wp:term":[{"taxonomy":"category","embeddable":true,"href":"https:\/\/alternatifs81.fr\/index.php?rest_route=%2Fwp%2Fv2%2Fcategories&post=14159"},{"taxonomy":"post_tag","embeddable":true,"href":"https:\/\/alternatifs81.fr\/index.php?rest_route=%2Fwp%2Fv2%2Ftags&post=14159"}],"curies":[{"name":"wp","href":"https:\/\/api.w.org\/{rel}","templated":true}]}}