{"id":14149,"date":"2015-01-31T10:10:08","date_gmt":"2015-01-31T09:10:08","guid":{"rendered":"http:\/\/alternatifs81.fr\/?p=14149"},"modified":"2015-01-31T10:10:08","modified_gmt":"2015-01-31T09:10:08","slug":"la-france-lutte-contre-lislamisme-radical-et-mon-cul-cest-du-poulet-mathieu-colloghan","status":"publish","type":"post","link":"https:\/\/alternatifs81.fr\/?p=14149","title":{"rendered":"La France lutte contre l\u2019islamisme radical  ? Et mon cul, c\u2019est du poulet ? Mathieu COLLOGHAN"},"content":{"rendered":"<h3 style=\"text-align: justify;\"><span style=\"color: #808000;\"><i><a href=\"http:\/\/alternatifs81.fr\/wp-content\/uploads\/lien_bon_b.jpg\" rel=\"lightbox[14149]\"><img loading=\"lazy\" decoding=\"async\" class=\"alignleft wp-image-9895 size-medium\" src=\"http:\/\/alternatifs81.fr\/wp-content\/uploads\/lien_bon_b-300x222.jpg\" alt=\"lien_bon_b\" width=\"300\" height=\"222\" srcset=\"https:\/\/alternatifs81.fr\/wp-content\/uploads\/lien_bon_b-300x222.jpg 300w, https:\/\/alternatifs81.fr\/wp-content\/uploads\/lien_bon_b.jpg 320w\" sizes=\"auto, (max-width: 300px) 100vw, 300px\" \/><\/a>La\u00a0 mar\u00e9chauss\u00e9e fait, depuis l\u2019automne, des coups de filet dans les milieux poches d\u2019Al Qa\u00efda et et de Daesh en France car la France, vois-tu, a d\u00e9cid\u00e9 de prendre \u00e0 bras le corps ce probl\u00e8me international. T\u2019as qu\u2019\u00e0 voir ! <\/i><\/span><\/p>\n<p><b>Par exemple, lutter contre Daesh, c\u2019est, pour commencer \u2026 couper les vivres aux ennemis de Daesh en France .<\/b><br \/>\nAinsi, six membres pr\u00e9sum\u00e9s du PKK ont \u00e9t\u00e9 interpell\u00e9s dans la r\u00e9gion de Marseille sur commission rogatoire d&rsquo;un juge anti-terroriste parisien. \u00e7a n\u2019a rien de la nouveaut\u00e9 : en 2007, une quinzaine de ressortissants turcs d\u2019origine kurde avaient \u00e9t\u00e9 arr\u00eat\u00e9s en r\u00e9gion parisienne et inculp\u00e9s pour <i>\u00ab\u00a0association de malfaiteurs, financement et blanchiment d\u2019argent en relation avec une entreprise terroriste\u00a0\u00bb. <\/i>En janvier 2009, puis en f\u00e9vrier et d\u00e9cembre 2010, en mars 2012, en juillet, en ao\u00fbt, en octobre 2014 \u2026\u00a0 plus de 285 Kurdes ont \u00e9t\u00e9 arr\u00eat\u00e9s dans de multiples op\u00e9rations contre le terrorisme. Tous sont soup\u00e7onn\u00e9s de trafic d\u2019armes destin\u00e9 \u00e0 alimenter la branche arm\u00e9e du PKK en Turquie, en Irak ou en Syrie.<\/h3>\n<p><!--more--><\/p>\n<h3 style=\"text-align: justify;\">Pour France 24,<i> \u00ab\u00a0tr\u00e8s peu de Kurdes arr\u00eat\u00e9s dans le cadre d\u2019op\u00e9rations antiterroristes sont condamn\u00e9s, faute de preuves.\u00a0\u00bb<\/i>. Mais qu\u2019importe. Faudrait pas oublier que le PKK a \u00e9t\u00e9 inscrit en 1993 sur la liste des organisations terroristes dans plusieurs pays europ\u00e9ens, notamment en France et en Allemagne. Et que la pression s\u2019est surtout d\u00e9velopp\u00e9e depuis 2011, et la visite de l\u2019alors ministre de l\u2019Int\u00e9rieur, Claude Gu\u00e9ant,\u00e0 Ankara pour signer un accord de <i>\u00ab\u00a0coop\u00e9ration contre le terrorisme \u00ab\u00a0<\/i><\/h3>\n<h3 style=\"text-align: justify;\">\n<b>C\u2019est \u00e7a la lutte contre Daesh et Al Qua\u00efda : pourrir leurs adversaires.<\/b><br \/>\nCar le Kongra-Gel\u00ea (oui, parce que, depuis que le PKK a renonc\u00e9 \u00e0 la lutte arm\u00e9e, il est devenu le KADEK puis, en passant du l\u00e9ninisme au communalise libertaire, le KADEK est devenu le Kongra-Gel. Mais c\u2019\u00e9tait il y a seulement 10 ans. Faut que l\u2019info ait le temps de remonter) \u2026 Le Kongra Gel\u00ea donc est la cheville ouvri\u00e8re du Groupe des Communaut\u00e9s du Kurdistan (KCK), qui regroupe des forces kurdes en Turquie, Irak, Iran et Syrie.<br \/>\nCe sont ces forces qui bataillent \u00e0 Koban\u00ea contre Daesh.<br \/>\n<b>Ce qu\u2019on reproche aux suppos\u00e9s membres du KG en France, c\u2019est de lever des fonds et des armes pour la lutte, en particulier aujourd\u2019hui en Irak et en Syrie.<\/b><\/h3>\n<h3 style=\"text-align: justify;\">\nFin novembre, dix Kurdes comparaissaient devant la cour d\u2019appel de Paris. Le jugement est tomb\u00e9 avant-hier : ils ont \u00e9t\u00e9 condamn\u00e9s \u00e0 des peines de douze mois \u00e0 quatre ans de prison avec sursis. La Maison du peuple kurde (MPK) de Marseille a elle \u00e9t\u00e9 condamn\u00e9e \u00e0 50 000 euros d&rsquo;amende et va \u00eatre dissoute.<\/p>\n<p>Voila comment la France soutient ceux qui luttent contre l\u2019islamo-fascisme en Syrie : en leur attachant une main dans le dos, en leur bandant les yeux avant de leur souffler \u00e0 l\u2019oreille une ultime formule de soutien avant de les pousser en premi\u00e8re ligne \u2026<br \/>\nSi, avec \u00e7a Daesh ne s&rsquo;effondre pas, c&rsquo;est \u00e0 n&rsquo;y rien comprendre, n&rsquo;est-ce pas ?<\/h3>\n<h3 style=\"text-align: justify;\"><span style=\"color: #0000ff;\">Mathieu COLLOGHAN.<\/span><\/h3>\n<div><\/div>\n<div style=\"color: #000; font-weight: normal; font-style: normal; text-decoration: none; font-family: Helvetica,Arial,sans-serif; font-size: 12pt;\"><img loading=\"lazy\" decoding=\"async\" class=\" aligncenter\" src=\"https:\/\/webmail.laposte.net\/service\/home\/%7E\/?auth=co&amp;id=28700&amp;part=2.2\" alt=\"\" width=\"500\" height=\"797\" \/><\/div>\n<gcse:search><\/gcse:search>","protected":false},"excerpt":{"rendered":"<p>La\u00a0 mar\u00e9chauss\u00e9e fait, depuis l\u2019automne, des coups de filet dans les milieux poches d\u2019Al Qa\u00efda et et de Daesh en France car la France, vois-tu, a d\u00e9cid\u00e9 de prendre \u00e0 bras le corps ce probl\u00e8me international. T\u2019as qu\u2019\u00e0 voir ! Par exemple, lutter contre Daesh, c\u2019est, pour commencer \u2026 couper les vivres aux ennemis de [&hellip;]<\/p>\n","protected":false},"author":1,"featured_media":0,"comment_status":"open","ping_status":"open","sticky":false,"template":"","format":"standard","meta":{"footnotes":""},"categories":[173],"tags":[117,375,23],"class_list":["post-14149","post","type-post","status-publish","format-standard","hentry","category-no-pasaran","tag-democratie","tag-kurdistan","tag-luttes"],"_links":{"self":[{"href":"https:\/\/alternatifs81.fr\/index.php?rest_route=\/wp\/v2\/posts\/14149","targetHints":{"allow":["GET"]}}],"collection":[{"href":"https:\/\/alternatifs81.fr\/index.php?rest_route=\/wp\/v2\/posts"}],"about":[{"href":"https:\/\/alternatifs81.fr\/index.php?rest_route=\/wp\/v2\/types\/post"}],"author":[{"embeddable":true,"href":"https:\/\/alternatifs81.fr\/index.php?rest_route=\/wp\/v2\/users\/1"}],"replies":[{"embeddable":true,"href":"https:\/\/alternatifs81.fr\/index.php?rest_route=%2Fwp%2Fv2%2Fcomments&post=14149"}],"version-history":[{"count":0,"href":"https:\/\/alternatifs81.fr\/index.php?rest_route=\/wp\/v2\/posts\/14149\/revisions"}],"wp:attachment":[{"href":"https:\/\/alternatifs81.fr\/index.php?rest_route=%2Fwp%2Fv2%2Fmedia&parent=14149"}],"wp:term":[{"taxonomy":"category","embeddable":true,"href":"https:\/\/alternatifs81.fr\/index.php?rest_route=%2Fwp%2Fv2%2Fcategories&post=14149"},{"taxonomy":"post_tag","embeddable":true,"href":"https:\/\/alternatifs81.fr\/index.php?rest_route=%2Fwp%2Fv2%2Ftags&post=14149"}],"curies":[{"name":"wp","href":"https:\/\/api.w.org\/{rel}","templated":true}]}}