{"id":14146,"date":"2015-01-30T21:49:30","date_gmt":"2015-01-30T20:49:30","guid":{"rendered":"http:\/\/alternatifs81.fr\/?p=14146"},"modified":"2015-01-30T21:49:30","modified_gmt":"2015-01-30T20:49:30","slug":"sils-nous-degagent-on-revient-appel-a-reoccupation-potentielle-de-la-zad-du-testet-tribune-libre-du-collectif-des-bouilles","status":"publish","type":"post","link":"https:\/\/alternatifs81.fr\/?p=14146","title":{"rendered":"S\u2019ils nous d\u00e9gagent, on revient ! Appel \u00e0 r\u00e9occupation potentielle de la ZAD du TESTET. Tribune libre du Collectif des Bouilles."},"content":{"rendered":"<h3 style=\"text-align: justify;\"><a href=\"http:\/\/alternatifs81.fr\/wp-content\/uploads\/01-11-14-Sivens-Dalle-impact-Jefauche1.jpg\" rel=\"lightbox[14146]\"><img loading=\"lazy\" decoding=\"async\" class=\" size-thumbnail wp-image-14103 alignleft\" src=\"http:\/\/alternatifs81.fr\/wp-content\/uploads\/01-11-14-Sivens-Dalle-impact-Jefauche1-150x150.jpg\" alt=\"01 11 14 Sivens  Dalle impact     Jefauche\" width=\"150\" height=\"150\" \/><\/a>Ami-e d\u2019ici ou d\u2019ailleurs, le projet initial de barrage de Sivens semble prendre la voie de l\u2019abandon. Mais cette victoire n\u2019est que tr\u00e8s partielle car d\u2019autres ouvrages hydrauliques ont \u00e9t\u00e9 propos\u00e9s par le minist\u00e8re de l\u2019\u00e9cologie pour le site de Sivens. Les choix se sont appuy\u00e9s plus sur les pressions diverses et une strat\u00e9gie politicienne que sur le travail d\u2019analyse et des arguments rationnels. Les solutions privil\u00e9giant un progr\u00e8s social et humain ont \u00e9t\u00e9 balay\u00e9es pour laisser place uniquement aux solutions pseudo-techniques, s\u2019int\u00e9grant comme \u00e0 l\u2019accoutum\u00e9e dans la logique capitaliste d\u2019un syst\u00e8me d\u00e9vastateur.<\/h3>\n<h3 style=\"text-align: justify;\">La vall\u00e9e du Tescou reste une Zone \u00c0 D\u00e9fendre !<br \/>\nLes politicien-ne-s aid\u00e9-e-s par des r\u00e9actionnaires de tous bords pr\u00e9parent l\u2019opinion publique \u00e0 une expulsion. Mercredi 28 janvier, un huissier a constat\u00e9 l\u2019occupation des parcelles du site pour entamer une proc\u00e9dure d\u2019expulsion qui devrait aboutir d\u00e9but f\u00e9vrier. Notre occupation est exp\u00e9rimentale de nouveaux modes de vie, de nouvelles pratiques, elle est aussi une force de proposition. Si notre occupation peut-\u00eatre adapt\u00e9e au nouveau contexte, elle reste n\u00e9cessaire et l\u00e9gitime.<\/h3>\n<p><!--more--><\/p>\n<h3 style=\"text-align: justify;\">Venez nombreuses et nombreux renforcer l\u2019occupation. Soyons cr\u00e9atifs, responsables, respectueux et construisons un monde \u00e0 cette image !<br \/>\nNous ne d\u00e9fendons pas le Vivant, nous sommes le Vivant qui se d\u00e9fend ! R\u00e9sistons !<\/h3>\n<h3 style=\"text-align: justify;\">En cas d\u2019expulsion, nous vous appelons toutes et tous \u00e0 venir participer \u00e0 la r\u00e9occupation et \u00e0 la reconstruction de la ZAD du Testet, un mois jour pour jour apr\u00e8s le d\u00e9but de l\u2019expulsion. Pr\u00e9parons nous, tenons nous pr\u00eat-e-s ! S\u2019ils ne servent pas ici, les pr\u00e9paratifs serviront \u00e0 une autre ZAD.<\/h3>\n<h3 style=\"text-align: justify;\"><span style=\"color: #808000;\">On est l\u00e0 pour changer la donne, pas question qu\u2019on abandonne !<\/span><\/h3>\n<h3 style=\"text-align: justify;\" align=\"CENTER\"><span style=\"color: #008000;\"><b>S\u2019ils nous d\u00e9gagent, on revient\u00a0!<\/b><\/span><\/h3>\n<h3><span style=\"color: #0000ff;\">Collectif \u00ab\u00a0Tant qu&rsquo;il y aura des Bouilles\u00a0\u00bb,<em> le 29 janvier 2015 <\/em><\/span><\/h3>\n<p><b>\u00a0https:\/\/tantquilyauradesbouilles.wordpress.com\/<br \/>\n<\/b><\/p>\n<p>&nbsp;<\/p>\n<p>&nbsp;<\/p>\n<gcse:search><\/gcse:search>","protected":false},"excerpt":{"rendered":"<p>Ami-e d\u2019ici ou d\u2019ailleurs, le projet initial de barrage de Sivens semble prendre la voie de l\u2019abandon. Mais cette victoire n\u2019est que tr\u00e8s partielle car d\u2019autres ouvrages hydrauliques ont \u00e9t\u00e9 propos\u00e9s par le minist\u00e8re de l\u2019\u00e9cologie pour le site de Sivens. Les choix se sont appuy\u00e9s plus sur les pressions diverses et une strat\u00e9gie politicienne [&hellip;]<\/p>\n","protected":false},"author":1,"featured_media":0,"comment_status":"open","ping_status":"open","sticky":false,"template":"","format":"standard","meta":{"footnotes":""},"categories":[217],"tags":[],"class_list":["post-14146","post","type-post","status-publish","format-standard","hentry","category-libertes"],"_links":{"self":[{"href":"https:\/\/alternatifs81.fr\/index.php?rest_route=\/wp\/v2\/posts\/14146","targetHints":{"allow":["GET"]}}],"collection":[{"href":"https:\/\/alternatifs81.fr\/index.php?rest_route=\/wp\/v2\/posts"}],"about":[{"href":"https:\/\/alternatifs81.fr\/index.php?rest_route=\/wp\/v2\/types\/post"}],"author":[{"embeddable":true,"href":"https:\/\/alternatifs81.fr\/index.php?rest_route=\/wp\/v2\/users\/1"}],"replies":[{"embeddable":true,"href":"https:\/\/alternatifs81.fr\/index.php?rest_route=%2Fwp%2Fv2%2Fcomments&post=14146"}],"version-history":[{"count":0,"href":"https:\/\/alternatifs81.fr\/index.php?rest_route=\/wp\/v2\/posts\/14146\/revisions"}],"wp:attachment":[{"href":"https:\/\/alternatifs81.fr\/index.php?rest_route=%2Fwp%2Fv2%2Fmedia&parent=14146"}],"wp:term":[{"taxonomy":"category","embeddable":true,"href":"https:\/\/alternatifs81.fr\/index.php?rest_route=%2Fwp%2Fv2%2Fcategories&post=14146"},{"taxonomy":"post_tag","embeddable":true,"href":"https:\/\/alternatifs81.fr\/index.php?rest_route=%2Fwp%2Fv2%2Ftags&post=14146"}],"curies":[{"name":"wp","href":"https:\/\/api.w.org\/{rel}","templated":true}]}}