{"id":14080,"date":"2015-01-27T13:56:28","date_gmt":"2015-01-27T12:56:28","guid":{"rendered":"http:\/\/alternatifs81.fr\/?p=14080"},"modified":"2015-01-27T13:56:28","modified_gmt":"2015-01-27T12:56:28","slug":"avec-la-victoire-de-syriza-une-nouvelle-page-se-tourne-en-europe-communique-dattac","status":"publish","type":"post","link":"https:\/\/alternatifs81.fr\/?p=14080","title":{"rendered":"Avec la victoire de Syriza, une nouvelle page se tourne en Europe. Communiqu\u00e9 d&rsquo;ATTAC"},"content":{"rendered":"<div class=\"main\">\n<div class=\"crayon article-chapo-3641 chapo surlignable\">\n<table style=\"height: 26px;\" border=\"0\" width=\"941\" cellspacing=\"0\" cellpadding=\"0\">\n<tbody>\n<tr>\n<td width=\"50\"><\/td>\n<td valign=\"top\"><\/td>\n<\/tr>\n<\/tbody>\n<\/table>\n<h3 style=\"text-align: justify;\"><span style=\"color: #808000;\"><em><a href=\"http:\/\/alternatifs81.fr\/wp-content\/uploads\/logo.png\" rel=\"lightbox[14080]\"><img loading=\"lazy\" decoding=\"async\" class=\"alignleft wp-image-8252\" src=\"http:\/\/alternatifs81.fr\/wp-content\/uploads\/logo.png\" alt=\"logo\" width=\"165\" height=\"277\" \/><\/a>Apr\u00e8s des ann\u00e9es de lutte en Europe, la victoire de Syriza est une lumi\u00e8re qui redonne l\u2019espoir. Mais le combat sera difficile, car m\u00eame si le front aust\u00e9ritaire se l\u00e9zarde, la confrontation avec l\u2019Union europ\u00e9enne et les gouvernements europ\u00e9ens s\u2019annonce rude. Attac, avec ses partenaires, devra prendre des initiatives, \u00e0 commencer par demander un audit citoyen de la dette grecque pour mobiliser tous les soutiens possibles en France et en Europe.<\/em><\/span><br \/>\n<span style=\"color: #808000;\"><em>Soutenir le peuple grec, c\u2019est aussi s\u2019opposer \u00e0 la politique aust\u00e9ritaire en France, cette politique qui alimente la d\u00e9sesp\u00e9rance en tournant le dos \u00e0 l\u2019avenir \u00e0 et la justice \u00e9cologique et sociale. C\u2019est une invitation \u00e0 nous mobiliser pour r\u00e9ussir nos campagnes, dont Requins, TAFTA et COP21. Sans oublier le rendez-vous de l\u2019encerclement du si\u00e8ge de la Banque centrale europ\u00e9enne \u00e0 Francfort le mercredi 18 mars.<\/em><\/span><\/h3>\n<h3 style=\"text-align: justify;\">Attac se f\u00e9licite de la victoire historique de Syriza aux \u00e9lections l\u00e9gislatives en Gr\u00e8ce, dans un contexte de fortes r\u00e9sistances populaires et de gr\u00e8ves. Le peuple grec subit depuis 5 ans les brutales politiques d\u2019aust\u00e9rit\u00e9 de la Tro\u00efka, \u00e0 l\u2019origine d\u2019une terrible crise sociale et humanitaire. Il tourne aujourd\u2019hui une nouvelle page en Europe. Sa victoire est aussi celle des mouvements qui luttent au Portugal, en Espagne, en Italie, en Irlande et dans toute l\u2019Europe contre ces politiques iniques qui \u00e9pargnent les banques et la finance, et \u00e9crasent les populations.<\/h3>\n<p><!--more--><\/p>\n<\/div>\n<div class=\"text\">\n<div class=\"crayon article-texte-3641 texte surlignable\">\n<h3 style=\"text-align: justify;\">Des pressions scandaleuses avaient d\u00e9j\u00e0 \u00e9t\u00e9 exerc\u00e9es avant les \u00e9lections par les dirigeants europ\u00e9ens \u2013 dont Pierre Moscovici, commissaire fran\u00e7ais \u2013 contre les l\u00e9gitimes aspirations d\u00e9mocratiques \u00e0 un changement radical en Gr\u00e8ce. Le nouveau gouvernement sera confront\u00e9 \u00e0 des pressions consid\u00e9rables de la part des march\u00e9s, des institutions et gouvernements europ\u00e9ens. Il devra faire valoir le mandat clair que lui a confi\u00e9 le peuple grec, pour rompre avec l\u2019aust\u00e9rit\u00e9 criminelle impos\u00e9e par la Tro\u00efka.<\/h3>\n<h3 style=\"text-align: justify;\">Il pourra aussi s\u2019appuyer sur la pression populaire et les mouvements sociaux en Gr\u00e8ce et dans toute l\u2019Europe, qui ne laisseront pas les politiciens et financiers \u00e9teindre l\u2019espoir d\u00e9mocratique d\u2019un peuple. Attac y prendra sa part. Nous avons d\u00e9j\u00e0 d\u00e9montr\u00e9 comment 77<small class=\"fine\">\u00a0<\/small>% des fonds d\u00e9bloqu\u00e9s pour les \u00ab<small class=\"fine\">\u00a0<\/small>plans de sauvetage<small class=\"fine\">\u00a0<\/small>\u00bb de la Gr\u00e8ce sont all\u00e9s \u00e0 la finance<span class=\"spip_note_ref\">\u00a0[<a id=\"nh1\" class=\"spip_note\" title=\"Plans de sauvetage de la Gr\u00e8ce\u00a0: 77\u00a0% des fonds sont all\u00e9s \u00e0 la\u00a0(...)\" href=\"https:\/\/france.attac.org\/actus-et-medias\/salle-de-presse\/article\/%CE%A3%CF%85%CE%B3%CF%87%CE%B1%CF%81%CE%B7%CF%84%CE%AE%CF%81%CE%B9%CE%B1-%CF%83%CF%84%CE%BF%CE%BD?pk_campaign=Infolettre-214&amp;pk_kwd=%CE%A3%CF%85%CE%B3%CF%87%CE%B1%CF%81%CE%B7%CF%84%CE%AE%CF%81%CE%B9%CE%B1-%CF%83%CF%84%CE%BF%CE%BD#nb1\" rel=\"footnote\">1<\/a>]<\/span>. Nous proposons de mettre l\u2019expertise du <a class=\"spip_out\" href=\"http:\/\/www.audit-citoyen.org\/?p=6291\" rel=\"external\">collectif fran\u00e7ais pour un audit citoyen<\/a> \u00e0 disposition de la Gr\u00e8ce dans le cadre d\u2019un possible audit citoyen de la dette grecque et nous soutiendrons l\u2019initiative d\u2019une conf\u00e9rence europ\u00e9enne sur la dette.<\/h3>\n<h3 style=\"text-align: justify;\">Face au chantage \u00e0 la dette qui commence d\u2019ores et d\u00e9j\u00e0 \u00e0 s\u2019exprimer<\/h3>\n<h3 style=\"text-align: justify;\">, il est essentiel de rappeler que les dettes insoutenables et ill\u00e9gitimes n\u2019ont pas \u00e0 \u00eatre pay\u00e9es. Les ren\u00e9gocier est une condition n\u00e9cessaire pour que l\u2019Europe sorte de la crise \u00e9cologique, sociale et d\u00e9mocratique dans laquelle elle s\u2019enfonce depuis trop longtemps.<\/h3>\n<h3 style=\"text-align: justify;\"><span style=\"color: #008000;\">Il est temps d\u2019ouvrir de nouveaux horizons<small class=\"fine\">\u00a0<\/small>!<\/span><\/h3>\n<\/div>\n<\/div>\n<\/div>\n<gcse:search><\/gcse:search>","protected":false},"excerpt":{"rendered":"<p>Apr\u00e8s des ann\u00e9es de lutte en Europe, la victoire de Syriza est une lumi\u00e8re qui redonne l\u2019espoir. Mais le combat sera difficile, car m\u00eame si le front aust\u00e9ritaire se l\u00e9zarde, la confrontation avec l\u2019Union europ\u00e9enne et les gouvernements europ\u00e9ens s\u2019annonce rude. Attac, avec ses partenaires, devra prendre des initiatives, \u00e0 commencer par demander un audit [&hellip;]<\/p>\n","protected":false},"author":1,"featured_media":0,"comment_status":"open","ping_status":"open","sticky":false,"template":"","format":"standard","meta":{"footnotes":""},"categories":[244],"tags":[117,205],"class_list":["post-14080","post","type-post","status-publish","format-standard","hentry","category-point-de-vue","tag-democratie","tag-grece"],"_links":{"self":[{"href":"https:\/\/alternatifs81.fr\/index.php?rest_route=\/wp\/v2\/posts\/14080","targetHints":{"allow":["GET"]}}],"collection":[{"href":"https:\/\/alternatifs81.fr\/index.php?rest_route=\/wp\/v2\/posts"}],"about":[{"href":"https:\/\/alternatifs81.fr\/index.php?rest_route=\/wp\/v2\/types\/post"}],"author":[{"embeddable":true,"href":"https:\/\/alternatifs81.fr\/index.php?rest_route=\/wp\/v2\/users\/1"}],"replies":[{"embeddable":true,"href":"https:\/\/alternatifs81.fr\/index.php?rest_route=%2Fwp%2Fv2%2Fcomments&post=14080"}],"version-history":[{"count":0,"href":"https:\/\/alternatifs81.fr\/index.php?rest_route=\/wp\/v2\/posts\/14080\/revisions"}],"wp:attachment":[{"href":"https:\/\/alternatifs81.fr\/index.php?rest_route=%2Fwp%2Fv2%2Fmedia&parent=14080"}],"wp:term":[{"taxonomy":"category","embeddable":true,"href":"https:\/\/alternatifs81.fr\/index.php?rest_route=%2Fwp%2Fv2%2Fcategories&post=14080"},{"taxonomy":"post_tag","embeddable":true,"href":"https:\/\/alternatifs81.fr\/index.php?rest_route=%2Fwp%2Fv2%2Ftags&post=14080"}],"curies":[{"name":"wp","href":"https:\/\/api.w.org\/{rel}","templated":true}]}}