{"id":14062,"date":"2015-01-27T13:19:55","date_gmt":"2015-01-27T12:19:55","guid":{"rendered":"http:\/\/alternatifs81.fr\/?p=14062"},"modified":"2015-02-07T17:27:25","modified_gmt":"2015-02-07T16:27:25","slug":"oui-cest-le-temps-des-syriza","status":"publish","type":"post","link":"https:\/\/alternatifs81.fr\/?p=14062","title":{"rendered":"Oui, c\u2019est  le temps des syriza !"},"content":{"rendered":"<h3 style=\"text-align: justify;\"><a href=\"http:\/\/alternatifs81.fr\/wp-content\/uploads\/vous-croyez-.jpeg\" rel=\"lightbox[14062]\"><img loading=\"lazy\" decoding=\"async\" class=\"alignleft wp-image-14065 size-medium\" src=\"http:\/\/alternatifs81.fr\/wp-content\/uploads\/vous-croyez--215x300.jpeg\" alt=\"vous-croyez--\" width=\"215\" height=\"300\" srcset=\"https:\/\/alternatifs81.fr\/wp-content\/uploads\/vous-croyez--215x300.jpeg 215w, https:\/\/alternatifs81.fr\/wp-content\/uploads\/vous-croyez-.jpeg 459w\" sizes=\"auto, (max-width: 215px) 100vw, 215px\" \/><\/a>Une nouvelle \u00e9poque s&rsquo;ouvre. Le peuple grec s&rsquo;est exprim\u00e9 sans d\u00e9tours et a rejet\u00e9 la politique d\u2019aust\u00e9rit\u00e9 impos\u00e9e par l\u2019 UE qui a mis \u00e0 genoux une grande partie de la population<span style=\"text-decoration: line-through;\">.<\/span><\/h3>\n<h3 style=\"text-align: justify;\">\u00a0En Espagne de nouveaux mouvements populaires puissants se d\u00e9veloppent et ont donn\u00e9 naissance \u00e0 Podemos qui s\u2019oppose \u00e0 cette m\u00eame politique. Dans notre pays, \u00a0son \u00a0rejet est de plus en plus fort qu\u2019elle soit men\u00e9e par la droite ou par une soit disante \u00ab\u00a0gauche\u00a0\u00bb.<\/h3>\n<h3 style=\"text-align: justify;\">Syriza nous donne de l&rsquo;espoir pour une Europe des peuples, pour une v\u00e9ritable transition \u00e9cologique et sociale, f\u00e9ministe et autogestionnaire.<\/h3>\n<h3 style=\"text-align: justify;\">\u00a0Construire les conditions de l&rsquo;Alternative, partout en Europe, sera le meilleur soutien possible, face aux emb\u00fbches de tous ordres que le peuple grec et son nouveau gouvernement vont rencontrer.<\/h3>\n<p><span style=\"color: #0000ff;\"><em><strong>Les Alternatifs<\/strong><\/em><\/span><\/p>\n<p><span style=\"color: #0000ff;\"><em><strong>27 janvier 2015<\/strong><\/em><\/span><\/p>\n<p><em><span style=\"color: #808000;\"><strong>Dessin de GERBAS<\/strong> <\/span><\/em><\/p>\n<gcse:search><\/gcse:search>","protected":false},"excerpt":{"rendered":"<p>Une nouvelle \u00e9poque s&rsquo;ouvre. Le peuple grec s&rsquo;est exprim\u00e9 sans d\u00e9tours et a rejet\u00e9 la politique d\u2019aust\u00e9rit\u00e9 impos\u00e9e par l\u2019 UE qui a mis \u00e0 genoux une grande partie de la population. \u00a0En Espagne de nouveaux mouvements populaires puissants se d\u00e9veloppent et ont donn\u00e9 naissance \u00e0 Podemos qui s\u2019oppose \u00e0 cette m\u00eame politique. Dans notre [&hellip;]<\/p>\n","protected":false},"author":1,"featured_media":0,"comment_status":"open","ping_status":"open","sticky":false,"template":"","format":"standard","meta":{"footnotes":""},"categories":[9],"tags":[34,103,205,23],"class_list":["post-14062","post","type-post","status-publish","format-standard","hentry","category-communiques","tag-alternatifs","tag-demarche-citoyenne","tag-grece","tag-luttes"],"_links":{"self":[{"href":"https:\/\/alternatifs81.fr\/index.php?rest_route=\/wp\/v2\/posts\/14062","targetHints":{"allow":["GET"]}}],"collection":[{"href":"https:\/\/alternatifs81.fr\/index.php?rest_route=\/wp\/v2\/posts"}],"about":[{"href":"https:\/\/alternatifs81.fr\/index.php?rest_route=\/wp\/v2\/types\/post"}],"author":[{"embeddable":true,"href":"https:\/\/alternatifs81.fr\/index.php?rest_route=\/wp\/v2\/users\/1"}],"replies":[{"embeddable":true,"href":"https:\/\/alternatifs81.fr\/index.php?rest_route=%2Fwp%2Fv2%2Fcomments&post=14062"}],"version-history":[{"count":0,"href":"https:\/\/alternatifs81.fr\/index.php?rest_route=\/wp\/v2\/posts\/14062\/revisions"}],"wp:attachment":[{"href":"https:\/\/alternatifs81.fr\/index.php?rest_route=%2Fwp%2Fv2%2Fmedia&parent=14062"}],"wp:term":[{"taxonomy":"category","embeddable":true,"href":"https:\/\/alternatifs81.fr\/index.php?rest_route=%2Fwp%2Fv2%2Fcategories&post=14062"},{"taxonomy":"post_tag","embeddable":true,"href":"https:\/\/alternatifs81.fr\/index.php?rest_route=%2Fwp%2Fv2%2Ftags&post=14062"}],"curies":[{"name":"wp","href":"https:\/\/api.w.org\/{rel}","templated":true}]}}