{"id":13816,"date":"2015-01-14T00:51:33","date_gmt":"2015-01-13T23:51:33","guid":{"rendered":"http:\/\/alternatifs81.fr\/?p=13816"},"modified":"2015-01-26T00:22:50","modified_gmt":"2015-01-25T23:22:50","slug":"oui-lunite-populaire-communique-des-alternatifs-11-janvier-2015","status":"publish","type":"post","link":"https:\/\/alternatifs81.fr\/?p=13816","title":{"rendered":"Oui, l&rsquo;unit\u00e9 populaire !  Communiqu\u00e9 des Alternatifs 11 janvier 2015"},"content":{"rendered":"<div id=\"post-body-6500631889663713442\" class=\"post-body entry-content\"><b><a href=\"http:\/\/alternatifs81.fr\/wp-content\/uploads\/arton1751-d92544.png\" rel=\"lightbox[13816]\"><img loading=\"lazy\" decoding=\"async\" class=\"alignleft wp-image-7450\" src=\"http:\/\/alternatifs81.fr\/wp-content\/uploads\/arton1751-d92544.png\" alt=\"arton1751-d9254\" width=\"254\" height=\"110\" \/><\/a>Le soir m\u00eame de l&rsquo;attentat contre l&rsquo;\u00e9quipe de Charlie Hebdo, dans toute la France, ont eu lieu des rassemblements spontan\u00e9es ou \u00e0 l&rsquo;appel d&rsquo;associations, syndicats, partis de gauche. Il fallait prendre la rue pour la libert\u00e9 d&rsquo;expression, et ne pas la laisser aux manipulateurs racistes.\u00a0<\/b><b>Le samedi 10 et le dimanche 11 janvier des cort\u00e8ges massifs partout, et dans la plupart des cas sans manipulations politicardes.\u00a0<\/b><\/p>\n<p style=\"text-align: justify;\"><b>La situation \u00e0 Paris \u00e9tait diff\u00e9rente. Des appels \u00e0 l&rsquo; \u00ab\u00a0union nationale\u00a0\u00bb et la pr\u00e9sence de dirigeants aussi reluisants que Rajoy, Orban, Netanyaou, mais d&rsquo;abord, et surtout, une formidable \u00e9motion collective, une \u00e9mergence d\u00e9mocratique. Ce qui s&rsquo;est traduit par la pr\u00e9sence d&rsquo;un million de personnes dans les rues de la capitale, de millions dans toute la France.<\/b><br \/>\n<a name=\"more\"><\/a><\/p>\n<p style=\"text-align: justify;\"><b>L&rsquo;avenir n&rsquo;est pas \u00e9crit, l&rsquo;affrontement se poursuit entre les r\u00e9ponses autoritaires et racistes au fanatisme, et les perspectives \u00e9mancipatrices. Et l&rsquo;action des forces et courants syndicaux, culturels, associatifs , politiques, pour l\u00a0\u00bb\u00e9mancipation ne se fera pas au nom de l&rsquo;union nationale, mais de l&rsquo;unit\u00e9 populaire. <\/b><\/p>\n<\/div>\n<p><!--more--><\/p>\n<p><!--more--><\/p>\n<gcse:search><\/gcse:search>","protected":false},"excerpt":{"rendered":"<p>Le soir m\u00eame de l&rsquo;attentat contre l&rsquo;\u00e9quipe de Charlie Hebdo, dans toute la France, ont eu lieu des rassemblements spontan\u00e9es ou \u00e0 l&rsquo;appel d&rsquo;associations, syndicats, partis de gauche. Il fallait prendre la rue pour la libert\u00e9 d&rsquo;expression, et ne pas la laisser aux manipulateurs racistes.\u00a0Le samedi 10 et le dimanche 11 janvier des cort\u00e8ges massifs [&hellip;]<\/p>\n","protected":false},"author":1,"featured_media":0,"comment_status":"open","ping_status":"open","sticky":false,"template":"","format":"standard","meta":{"footnotes":""},"categories":[284,9,126,21,217],"tags":[26,103,117],"class_list":["post-13816","post","type-post","status-publish","format-standard","hentry","category-anti-racismes","category-communiques","category-gauche-de-combat","category-les-alters-dans-les-luttes","category-libertes","tag-communique-de-presse","tag-demarche-citoyenne","tag-democratie"],"_links":{"self":[{"href":"https:\/\/alternatifs81.fr\/index.php?rest_route=\/wp\/v2\/posts\/13816","targetHints":{"allow":["GET"]}}],"collection":[{"href":"https:\/\/alternatifs81.fr\/index.php?rest_route=\/wp\/v2\/posts"}],"about":[{"href":"https:\/\/alternatifs81.fr\/index.php?rest_route=\/wp\/v2\/types\/post"}],"author":[{"embeddable":true,"href":"https:\/\/alternatifs81.fr\/index.php?rest_route=\/wp\/v2\/users\/1"}],"replies":[{"embeddable":true,"href":"https:\/\/alternatifs81.fr\/index.php?rest_route=%2Fwp%2Fv2%2Fcomments&post=13816"}],"version-history":[{"count":0,"href":"https:\/\/alternatifs81.fr\/index.php?rest_route=\/wp\/v2\/posts\/13816\/revisions"}],"wp:attachment":[{"href":"https:\/\/alternatifs81.fr\/index.php?rest_route=%2Fwp%2Fv2%2Fmedia&parent=13816"}],"wp:term":[{"taxonomy":"category","embeddable":true,"href":"https:\/\/alternatifs81.fr\/index.php?rest_route=%2Fwp%2Fv2%2Fcategories&post=13816"},{"taxonomy":"post_tag","embeddable":true,"href":"https:\/\/alternatifs81.fr\/index.php?rest_route=%2Fwp%2Fv2%2Ftags&post=13816"}],"curies":[{"name":"wp","href":"https:\/\/api.w.org\/{rel}","templated":true}]}}