{"id":134,"date":"2010-09-09T22:26:14","date_gmt":"2010-09-09T22:26:14","guid":{"rendered":"http:\/\/alternatifs81.fr\/Blog\/?p=134"},"modified":"2010-10-08T18:56:49","modified_gmt":"2010-10-08T16:56:49","slug":"retraites-et-economie-sociale-et-solidaire","status":"publish","type":"post","link":"https:\/\/alternatifs81.fr\/?p=134","title":{"rendered":"Retraites et \u00e9conomie sociale et solidaire"},"content":{"rendered":"<p style=\"text-align: right;\"><em>Paru dans le Num\u00e9ro 86 de Confluences 81<\/em><\/p>\n<p>Avec la remise en cause du droit au d\u00e9part \u00e0 60 ans et la baisse des revenus des fonctionnaires, il est, pour le moins, souhaitable que la nouvelle contre-r\u00e9forme Sarkozy-Fillon rencontre un mouvement social de grande ampleur \u00e0 la rentr\u00e9e aboutissant \u00e0 son retrait pur et simple. Cette nouvelle contre-r\u00e9forme s\u2019inscrit dans le droit fil des pr\u00e9c\u00e9dentes (Balladur en 1993 et Raffarin-Fillon en 2003) qui ont abouti \u00e0 une baisse g\u00e9n\u00e9ralis\u00e9e des retraites vers\u00e9es. Dans le contexte de ch\u00f4mage de masse qui existe actuellement, le report de l\u2019\u00e2ge de d\u00e9part \u00e0 la retraite obligera de nombreux ch\u00f4meurs \u00e0 se contenter des minima sociaux avant de pouvoir liquider leur retraites. Ce recul de l\u2019\u00e2ge de d\u00e9part s\u2019accompagne d\u2019un report du droit \u00e0 une retraite \u00e0 taux plein \u00e0 67 ans, ce qui, comme les pr\u00e9c\u00e9dentes, aura pour effet de baisser les futures pensions servies.<!--more--><\/p>\n<p>Si nous voulons maintenir un niveau d\u00e9cent pour les retraites, il est \u00e9vident qu\u2019il faut augmenter les ressources de ce syst\u00e8me et notamment les cotisations patronales. Paradoxalement, cette piste n\u2019a jamais \u00e9t\u00e9 consid\u00e9r\u00e9e depuis vingt ans, le discours dominant expliquant qu\u2019une augmentation de la masse salariale porterait atteinte \u00e0 la comp\u00e9titivit\u00e9 de nos entreprises. De m\u00eame, une taxation des revenus financiers aboutirait \u00e0 faire fuir les capitaux. Ce refus d\u2019augmenter les ressources nous am\u00e8ne tout droit vers une soci\u00e9t\u00e9 ignoble dans laquelle la majeure partie de nos retrait\u00e9s devront se contenter de minima sociaux.<br \/>\nS\u2019il est impossible de d\u00e9gager de nouveaux moyens de financement pour les retraites, cela nous montre \u00e0 quel point le syst\u00e8me capitaliste marchand est arriv\u00e9 \u00e0 bout de souffle. Non seulement, ce syst\u00e8me se doit de produire n\u2019importe quoi pour maintenir une activit\u00e9 \u00e9conomique au d\u00e9triment de l\u2019\u00e9cologie mais de plus, chaque individu devient une marchandise dont la valorisation est donn\u00e9e par les d\u00e9tenteurs de capitaux : malheur \u00e0 ceux qui ne sortent pas du lot ou qui n\u2019auront pas su mettre quelque argent de c\u00f4t\u00e9 durant leur vie active. Ce constat nous montre l\u2019urgence de changer pour un syst\u00e8me \u00e9conomique o\u00f9 la population est capable de d\u00e9cider ce qu\u2019il est n\u00e9cessaire de produire pour assurer \u00e0 tous un revenu d\u00e9cent et de r\u00e9partir le travail en fonction des capacit\u00e9s de chacun-e. Facile \u00e0 dire ?<br \/>\nLes r\u00e9mun\u00e9rations les plus insens\u00e9es c\u00f4toient des minima sociaux qui, dans un monde o\u00f9 tout est marchandis\u00e9 et payant, permettent difficilement de survivre. La derni\u00e8re crise financi\u00e8re nous a montr\u00e9 l\u2019urgence d\u2019encadrer les r\u00e9mun\u00e9rations avec un minimum et un maximum. Qu\u2019attend-on pour le faire ? Ce faisant, ce seront les valorisations marchandes du travail et surtout du capital qui seront alors mise en br\u00e8che.<br \/>\nPlus que jamais, nous devons reprendre en main notre destin en d\u00e9terminant nous m\u00eames ce que nous souhaitons produire et consommer. Ceci peut prendre la forme de nouvelles coop\u00e9ratives dans lesquelles les consommateurs d\u00e9cideront ce dont ils ont besoin et cr\u00e9eront les emplois correspondants de travailleurs qui seront d\u00e9sormais ma\u00eetres des conditions de production. Nul doute que la relocalisation de nos \u00e9conomies passe par une transparence \u00e9conomique dans lesquelles les co\u00fbts de production et les prix seront d\u00e9termin\u00e9s par la concertation et non une concurrence effr\u00e9n\u00e9e.<br \/>\nS\u2019il est courant de dire que la d\u00e9fense des syst\u00e8mes de retraites par r\u00e9partition pose une question de soci\u00e9t\u00e9, on voit que le maintien d\u2019un haut niveau de retraites remet en cause les fondements de l\u2019\u00e9conomie marchande et pose la question d\u2019un changement salutaire d\u2019\u00e9conomie. De ce point de vue, ce mouvement va dans le sens de tous ceux et celles qui, quotidiennement, s\u2019investissent dans l\u2019\u00e9conomie sociale et solidaire.<\/p>\n<p style=\"text-align: right;\">Beno\u00eet BORRITS<\/p>\n<gcse:search><\/gcse:search>","protected":false},"excerpt":{"rendered":"<p>Paru dans le Num\u00e9ro 86 de Confluences 81 Avec la remise en cause du droit au d\u00e9part \u00e0 60 ans et la baisse des revenus des fonctionnaires, il est, pour le moins, souhaitable que la nouvelle contre-r\u00e9forme Sarkozy-Fillon rencontre un mouvement social de grande ampleur \u00e0 la rentr\u00e9e aboutissant \u00e0 son retrait pur et simple. [&hellip;]<\/p>\n","protected":false},"author":1,"featured_media":0,"comment_status":"open","ping_status":"closed","sticky":false,"template":"","format":"standard","meta":{"footnotes":""},"categories":[10,4],"tags":[18],"class_list":["post-134","post","type-post","status-publish","format-standard","hentry","category-articles","category-confluences81","tag-retraites"],"_links":{"self":[{"href":"https:\/\/alternatifs81.fr\/index.php?rest_route=\/wp\/v2\/posts\/134","targetHints":{"allow":["GET"]}}],"collection":[{"href":"https:\/\/alternatifs81.fr\/index.php?rest_route=\/wp\/v2\/posts"}],"about":[{"href":"https:\/\/alternatifs81.fr\/index.php?rest_route=\/wp\/v2\/types\/post"}],"author":[{"embeddable":true,"href":"https:\/\/alternatifs81.fr\/index.php?rest_route=\/wp\/v2\/users\/1"}],"replies":[{"embeddable":true,"href":"https:\/\/alternatifs81.fr\/index.php?rest_route=%2Fwp%2Fv2%2Fcomments&post=134"}],"version-history":[{"count":0,"href":"https:\/\/alternatifs81.fr\/index.php?rest_route=\/wp\/v2\/posts\/134\/revisions"}],"wp:attachment":[{"href":"https:\/\/alternatifs81.fr\/index.php?rest_route=%2Fwp%2Fv2%2Fmedia&parent=134"}],"wp:term":[{"taxonomy":"category","embeddable":true,"href":"https:\/\/alternatifs81.fr\/index.php?rest_route=%2Fwp%2Fv2%2Fcategories&post=134"},{"taxonomy":"post_tag","embeddable":true,"href":"https:\/\/alternatifs81.fr\/index.php?rest_route=%2Fwp%2Fv2%2Ftags&post=134"}],"curies":[{"name":"wp","href":"https:\/\/api.w.org\/{rel}","templated":true}]}}