{"id":10235,"date":"2013-11-16T01:28:52","date_gmt":"2013-11-16T00:28:52","guid":{"rendered":"http:\/\/alternatifs81.fr\/?p=10235"},"modified":"2014-01-16T06:34:24","modified_gmt":"2014-01-16T05:34:24","slug":"autogestionnaires-unitaires-et-alternatifs-texte-dorientation-du-congres-2013-adopte-le-11-novembre-2013-2","status":"publish","type":"post","link":"https:\/\/alternatifs81.fr\/?p=10235","title":{"rendered":"\u201cAutogestionnaires, unitaires et alternatifs\u201d, texte d\u2019orientation du Congr\u00e8s 2013, adopt\u00e9 le 11 novembre 2013"},"content":{"rendered":"<div class=\"posted\"><!--[if gte mso 9]><xml>\n<w:WordDocument>\n<w:View>Normal<\/w:View>\n<w:Zoom>0<\/w:Zoom>\n<w:TrackMoves\/>\n<w:TrackFormatting\/>\n<w:HyphenationZone>21<\/w:HyphenationZone>\n<w:PunctuationKerning\/>\n<w:ValidateAgainstSchemas\/>\n<w:SaveIfXMLInvalid>false<\/w:SaveIfXMLInvalid>\n<w:IgnoreMixedContent>false<\/w:IgnoreMixedContent>\n<w:AlwaysShowPlaceholderText>false<\/w:AlwaysShowPlaceholderText>\n<w:DoNotPromoteQF\/>\n<w:LidThemeOther>FR<\/w:LidThemeOther>\n<w:LidThemeAsian>X-NONE<\/w:LidThemeAsian>\n<w:LidThemeComplexScript>X-NONE<\/w:LidThemeComplexScript>\n<w:Compatibility>\n<w:BreakWrappedTables\/>\n<w:SnapToGridInCell\/>\n<w:WrapTextWithPunct\/>\n<w:UseAsianBreakRules\/>\n<w:DontGrowAutofit\/>\n<w:SplitPgBreakAndParaMark\/>\n<w:DontVertAlignCellWithSp\/>\n<w:DontBreakConstrainedForcedTables\/>\n<w:DontVertAlignInTxbx\/>\n<w:Word11KerningPairs\/>\n<w:CachedColBalance\/>\n<\/w:Compatibility>\n<w:BrowserLevel>MicrosoftInternetExplorer4<\/w:BrowserLevel>\n<m:mathPr>\n<m:mathFont m:val=\"Cambria Math\"\/>\n<m:brkBin m:val=\"before\"\/>\n<m:brkBinSub m:val=\"&#45;-\"\/>\n<m:smallFrac m:val=\"off\"\/>\n<m:dispDef\/>\n<m:lMargin m:val=\"0\"\/>\n<m:rMargin m:val=\"0\"\/>\n<m:defJc m:val=\"centerGroup\"\/>\n<m:wrapIndent m:val=\"1440\"\/>\n<m:intLim m:val=\"subSup\"\/>\n<m:naryLim m:val=\"undOvr\"\/>\n<\/m:mathPr><\/w:WordDocument>\n<\/xml><![endif]--><\/p>\n<h3 class=\"MsoNormal\" style=\"margin-bottom: 0.0001pt; line-height: normal; text-align: justify;\"><span style=\"color: #0000ff;\"><em><span style=\"font-size: 14pt; font-family: 'Times New Roman','serif';\">Le texte d&rsquo;orientation 2 (Autogestionnaires, unitaires et <b><span style=\"text-decoration: underline;\">a<\/span><\/b>lternatifs)\u00a0 a obtenu 63 % des mandats exprim\u00e9s dans les f\u00e9d\u00e9rations. Le texte 3 (Continuer les <b><span style=\"text-decoration: underline;\">A<\/span><\/b>lternatifs), largement majoritaire dans le Tarn (73% des suffrages), \u00a0n&rsquo;a obtenu au plan national qu&rsquo;environ 24 % des mandats.<\/span><\/em><\/span><\/h3>\n<h3 class=\"MsoNormal\" style=\"margin-bottom: 0.0001pt; line-height: normal; text-align: justify;\"><span style=\"color: #808000;\"><b><span style=\"font-size: 14pt; font-family: 'Times New Roman','serif';\">Le Congr\u00e8s confirme donc le maintien des Alternatifs dans le Front de Gauche<\/span><\/b><span style=\"font-size: 14pt; font-family: 'Times New Roman','serif';\"> et <b>la volont\u00e9 d&rsquo;avancer rapidement sur la voie de la constitution d&rsquo;une force<\/b> (3\u00e8me pilier dans le Front de Gauche) qui a de grandes chances de s&rsquo;appeler \u00a0\u00ab\u00a0Ensemble\u00a0\u00bb<\/span><\/span><\/h3>\n<h3 class=\"Textbody\" style=\"text-align: justify;\"><span style=\"font-size: 14pt; color: #008000;\">Nous voulons prendre le temps pour mettre en place une organisation nouvelle, la plus large possible, avec l&rsquo;ensemble des organisations et des citoyennes et citoyens qui portent les valeurs des Alternatifs et particuli\u00e8rement l&rsquo;\u00e9cologie, l&rsquo;objection de croissance et l&rsquo;alter d\u00e9veloppement, le f\u00e9minisme et l&rsquo;autogestion en acte. Ce qui, objectivement, nous impose de concevoir ce regroupement hors du Front de Gauche, sans exclure les individus et organisations\u00a0 du Front de Gauche qui partagent ces valeurs.<\/span><\/h3>\n<h3><em><span style=\"color: #0000ff;\">Les Alternatifs du Tarn <\/span><\/em><\/h3>\n<p><!--[if gte mso 9]><xml>\n<w:LatentStyles DefLockedState=\"false\" DefUnhideWhenUsed=\"true\"\nDefSemiHidden=\"true\" DefQFormat=\"false\" DefPriority=\"99\"\nLatentStyleCount=\"267\">\n<w:LsdException Locked=\"false\" Priority=\"0\" SemiHidden=\"false\"\nUnhideWhenUsed=\"false\" QFormat=\"true\" Name=\"Normal\"\/>\n<w:LsdException Locked=\"false\" Priority=\"9\" SemiHidden=\"false\"\nUnhideWhenUsed=\"false\" QFormat=\"true\" Name=\"heading 1\"\/>\n<w:LsdException Locked=\"false\" Priority=\"9\" QFormat=\"true\" Name=\"heading 2\"\/>\n<w:LsdException Locked=\"false\" Priority=\"9\" QFormat=\"true\" Name=\"heading 3\"\/>\n<w:LsdException Locked=\"false\" Priority=\"9\" QFormat=\"true\" Name=\"heading 4\"\/>\n<w:LsdException Locked=\"false\" Priority=\"9\" QFormat=\"true\" Name=\"heading 5\"\/>\n<w:LsdException Locked=\"false\" Priority=\"9\" QFormat=\"true\" Name=\"heading 6\"\/>\n<w:LsdException Locked=\"false\" Priority=\"9\" QFormat=\"true\" Name=\"heading 7\"\/>\n<w:LsdException Locked=\"false\" Priority=\"9\" QFormat=\"true\" Name=\"heading 8\"\/>\n<w:LsdException Locked=\"false\" Priority=\"9\" QFormat=\"true\" Name=\"heading 9\"\/>\n<w:LsdException Locked=\"false\" Priority=\"39\" Name=\"toc 1\"\/>\n<w:LsdException Locked=\"false\" Priority=\"39\" Name=\"toc 2\"\/>\n<w:LsdException Locked=\"false\" Priority=\"39\" Name=\"toc 3\"\/>\n<w:LsdException Locked=\"false\" Priority=\"39\" Name=\"toc 4\"\/>\n<w:LsdException Locked=\"false\" Priority=\"39\" Name=\"toc 5\"\/>\n<w:LsdException Locked=\"false\" Priority=\"39\" Name=\"toc 6\"\/>\n<w:LsdException Locked=\"false\" Priority=\"39\" Name=\"toc 7\"\/>\n<w:LsdException Locked=\"false\" Priority=\"39\" Name=\"toc 8\"\/>\n<w:LsdException Locked=\"false\" Priority=\"39\" Name=\"toc 9\"\/>\n<w:LsdException Locked=\"false\" Priority=\"35\" QFormat=\"true\" Name=\"caption\"\/>\n<w:LsdException Locked=\"false\" Priority=\"10\" SemiHidden=\"false\"\nUnhideWhenUsed=\"false\" QFormat=\"true\" Name=\"Title\"\/>\n<w:LsdException Locked=\"false\" Priority=\"1\" Name=\"Default Paragraph Font\"\/>\n<w:LsdException Locked=\"false\" Priority=\"11\" SemiHidden=\"false\"\nUnhideWhenUsed=\"false\" QFormat=\"true\" Name=\"Subtitle\"\/>\n<w:LsdException Locked=\"false\" Priority=\"22\" SemiHidden=\"false\"\nUnhideWhenUsed=\"false\" QFormat=\"true\" Name=\"Strong\"\/>\n<w:LsdException Locked=\"false\" Priority=\"20\" SemiHidden=\"false\"\nUnhideWhenUsed=\"false\" QFormat=\"true\" Name=\"Emphasis\"\/>\n<w:LsdException Locked=\"false\" Priority=\"59\" SemiHidden=\"false\"\nUnhideWhenUsed=\"false\" Name=\"Table Grid\"\/>\n<w:LsdException Locked=\"false\" UnhideWhenUsed=\"false\" Name=\"Placeholder Text\"\/>\n<w:LsdException Locked=\"false\" Priority=\"1\" SemiHidden=\"false\"\nUnhideWhenUsed=\"false\" QFormat=\"true\" Name=\"No Spacing\"\/>\n<w:LsdException Locked=\"false\" Priority=\"60\" SemiHidden=\"false\"\nUnhideWhenUsed=\"false\" Name=\"Light Shading\"\/>\n<w:LsdException Locked=\"false\" Priority=\"61\" SemiHidden=\"false\"\nUnhideWhenUsed=\"false\" Name=\"Light List\"\/>\n<w:LsdException Locked=\"false\" Priority=\"62\" SemiHidden=\"false\"\nUnhideWhenUsed=\"false\" Name=\"Light Grid\"\/>\n<w:LsdException Locked=\"false\" Priority=\"63\" SemiHidden=\"false\"\nUnhideWhenUsed=\"false\" Name=\"Medium Shading 1\"\/>\n<w:LsdException Locked=\"false\" Priority=\"64\" SemiHidden=\"false\"\nUnhideWhenUsed=\"false\" Name=\"Medium Shading 2\"\/>\n<w:LsdException Locked=\"false\" Priority=\"65\" SemiHidden=\"false\"\nUnhideWhenUsed=\"false\" Name=\"Medium List 1\"\/>\n<w:LsdException Locked=\"false\" Priority=\"66\" SemiHidden=\"false\"\nUnhideWhenUsed=\"false\" Name=\"Medium List 2\"\/>\n<w:LsdException Locked=\"false\" Priority=\"67\" SemiHidden=\"false\"\nUnhideWhenUsed=\"false\" Name=\"Medium Grid 1\"\/>\n<w:LsdException Locked=\"false\" Priority=\"68\" SemiHidden=\"false\"\nUnhideWhenUsed=\"false\" Name=\"Medium Grid 2\"\/>\n<w:LsdException Locked=\"false\" Priority=\"69\" SemiHidden=\"false\"\nUnhideWhenUsed=\"false\" Name=\"Medium Grid 3\"\/>\n<w:LsdException Locked=\"false\" Priority=\"70\" SemiHidden=\"false\"\nUnhideWhenUsed=\"false\" Name=\"Dark List\"\/>\n<w:LsdException Locked=\"false\" Priority=\"71\" SemiHidden=\"false\"\nUnhideWhenUsed=\"false\" Name=\"Colorful Shading\"\/>\n<w:LsdException Locked=\"false\" Priority=\"72\" SemiHidden=\"false\"\nUnhideWhenUsed=\"false\" Name=\"Colorful List\"\/>\n<w:LsdException Locked=\"false\" Priority=\"73\" SemiHidden=\"false\"\nUnhideWhenUsed=\"false\" Name=\"Colorful Grid\"\/>\n<w:LsdException Locked=\"false\" Priority=\"60\" SemiHidden=\"false\"\nUnhideWhenUsed=\"false\" Name=\"Light Shading Accent 1\"\/>\n<w:LsdException Locked=\"false\" Priority=\"61\" SemiHidden=\"false\"\nUnhideWhenUsed=\"false\" Name=\"Light List Accent 1\"\/>\n<w:LsdException Locked=\"false\" Priority=\"62\" SemiHidden=\"false\"\nUnhideWhenUsed=\"false\" Name=\"Light Grid Accent 1\"\/>\n<w:LsdException Locked=\"false\" Priority=\"63\" SemiHidden=\"false\"\nUnhideWhenUsed=\"false\" Name=\"Medium Shading 1 Accent 1\"\/>\n<w:LsdException Locked=\"false\" Priority=\"64\" SemiHidden=\"false\"\nUnhideWhenUsed=\"false\" Name=\"Medium Shading 2 Accent 1\"\/>\n<w:LsdException Locked=\"false\" Priority=\"65\" SemiHidden=\"false\"\nUnhideWhenUsed=\"false\" Name=\"Medium List 1 Accent 1\"\/>\n<w:LsdException Locked=\"false\" UnhideWhenUsed=\"false\" Name=\"Revision\"\/>\n<w:LsdException Locked=\"false\" Priority=\"34\" SemiHidden=\"false\"\nUnhideWhenUsed=\"false\" QFormat=\"true\" Name=\"List Paragraph\"\/>\n<w:LsdException Locked=\"false\" Priority=\"29\" SemiHidden=\"false\"\nUnhideWhenUsed=\"false\" QFormat=\"true\" Name=\"Quote\"\/>\n<w:LsdException Locked=\"false\" Priority=\"30\" SemiHidden=\"false\"\nUnhideWhenUsed=\"false\" QFormat=\"true\" Name=\"Intense Quote\"\/>\n<w:LsdException Locked=\"false\" Priority=\"66\" SemiHidden=\"false\"\nUnhideWhenUsed=\"false\" Name=\"Medium List 2 Accent 1\"\/>\n<w:LsdException Locked=\"false\" Priority=\"67\" SemiHidden=\"false\"\nUnhideWhenUsed=\"false\" Name=\"Medium Grid 1 Accent 1\"\/>\n<w:LsdException Locked=\"false\" Priority=\"68\" SemiHidden=\"false\"\nUnhideWhenUsed=\"false\" Name=\"Medium Grid 2 Accent 1\"\/>\n<w:LsdException Locked=\"false\" Priority=\"69\" SemiHidden=\"false\"\nUnhideWhenUsed=\"false\" Name=\"Medium Grid 3 Accent 1\"\/>\n<w:LsdException Locked=\"false\" Priority=\"70\" SemiHidden=\"false\"\nUnhideWhenUsed=\"false\" Name=\"Dark List Accent 1\"\/>\n<w:LsdException Locked=\"false\" Priority=\"71\" SemiHidden=\"false\"\nUnhideWhenUsed=\"false\" Name=\"Colorful Shading Accent 1\"\/>\n<w:LsdException Locked=\"false\" Priority=\"72\" SemiHidden=\"false\"\nUnhideWhenUsed=\"false\" Name=\"Colorful List Accent 1\"\/>\n<w:LsdException Locked=\"false\" Priority=\"73\" SemiHidden=\"false\"\nUnhideWhenUsed=\"false\" Name=\"Colorful Grid Accent 1\"\/>\n<w:LsdException Locked=\"false\" Priority=\"60\" SemiHidden=\"false\"\nUnhideWhenUsed=\"false\" Name=\"Light Shading Accent 2\"\/>\n<w:LsdException Locked=\"false\" Priority=\"61\" SemiHidden=\"false\"\nUnhideWhenUsed=\"false\" Name=\"Light List Accent 2\"\/>\n<w:LsdException Locked=\"false\" Priority=\"62\" SemiHidden=\"false\"\nUnhideWhenUsed=\"false\" Name=\"Light Grid Accent 2\"\/>\n<w:LsdException Locked=\"false\" Priority=\"63\" SemiHidden=\"false\"\nUnhideWhenUsed=\"false\" Name=\"Medium Shading 1 Accent 2\"\/>\n<w:LsdException Locked=\"false\" Priority=\"64\" SemiHidden=\"false\"\nUnhideWhenUsed=\"false\" Name=\"Medium Shading 2 Accent 2\"\/>\n<w:LsdException Locked=\"false\" Priority=\"65\" SemiHidden=\"false\"\nUnhideWhenUsed=\"false\" Name=\"Medium List 1 Accent 2\"\/>\n<w:LsdException Locked=\"false\" Priority=\"66\" SemiHidden=\"false\"\nUnhideWhenUsed=\"false\" Name=\"Medium List 2 Accent 2\"\/>\n<w:LsdException Locked=\"false\" Priority=\"67\" SemiHidden=\"false\"\nUnhideWhenUsed=\"false\" Name=\"Medium Grid 1 Accent 2\"\/>\n<w:LsdException Locked=\"false\" Priority=\"68\" SemiHidden=\"false\"\nUnhideWhenUsed=\"false\" Name=\"Medium Grid 2 Accent 2\"\/>\n<w:LsdException Locked=\"false\" Priority=\"69\" SemiHidden=\"false\"\nUnhideWhenUsed=\"false\" Name=\"Medium Grid 3 Accent 2\"\/>\n<w:LsdException Locked=\"false\" Priority=\"70\" SemiHidden=\"false\"\nUnhideWhenUsed=\"false\" Name=\"Dark List Accent 2\"\/>\n<w:LsdException Locked=\"false\" Priority=\"71\" SemiHidden=\"false\"\nUnhideWhenUsed=\"false\" Name=\"Colorful Shading Accent 2\"\/>\n<w:LsdException Locked=\"false\" Priority=\"72\" SemiHidden=\"false\"\nUnhideWhenUsed=\"false\" Name=\"Colorful List Accent 2\"\/>\n<w:LsdException Locked=\"false\" Priority=\"73\" SemiHidden=\"false\"\nUnhideWhenUsed=\"false\" Name=\"Colorful Grid Accent 2\"\/>\n<w:LsdException Locked=\"false\" Priority=\"60\" SemiHidden=\"false\"\nUnhideWhenUsed=\"false\" Name=\"Light Shading Accent 3\"\/>\n<w:LsdException Locked=\"false\" Priority=\"61\" SemiHidden=\"false\"\nUnhideWhenUsed=\"false\" Name=\"Light List Accent 3\"\/>\n<w:LsdException Locked=\"false\" Priority=\"62\" SemiHidden=\"false\"\nUnhideWhenUsed=\"false\" Name=\"Light Grid Accent 3\"\/>\n<w:LsdException Locked=\"false\" Priority=\"63\" SemiHidden=\"false\"\nUnhideWhenUsed=\"false\" Name=\"Medium Shading 1 Accent 3\"\/>\n<w:LsdException Locked=\"false\" Priority=\"64\" SemiHidden=\"false\"\nUnhideWhenUsed=\"false\" Name=\"Medium Shading 2 Accent 3\"\/>\n<w:LsdException Locked=\"false\" Priority=\"65\" SemiHidden=\"false\"\nUnhideWhenUsed=\"false\" Name=\"Medium List 1 Accent 3\"\/>\n<w:LsdException Locked=\"false\" Priority=\"66\" SemiHidden=\"false\"\nUnhideWhenUsed=\"false\" Name=\"Medium List 2 Accent 3\"\/>\n<w:LsdException Locked=\"false\" Priority=\"67\" SemiHidden=\"false\"\nUnhideWhenUsed=\"false\" Name=\"Medium Grid 1 Accent 3\"\/>\n<w:LsdException Locked=\"false\" Priority=\"68\" SemiHidden=\"false\"\nUnhideWhenUsed=\"false\" Name=\"Medium Grid 2 Accent 3\"\/>\n<w:LsdException Locked=\"false\" Priority=\"69\" SemiHidden=\"false\"\nUnhideWhenUsed=\"false\" Name=\"Medium Grid 3 Accent 3\"\/>\n<w:LsdException Locked=\"false\" Priority=\"70\" SemiHidden=\"false\"\nUnhideWhenUsed=\"false\" Name=\"Dark List Accent 3\"\/>\n<w:LsdException Locked=\"false\" Priority=\"71\" SemiHidden=\"false\"\nUnhideWhenUsed=\"false\" Name=\"Colorful Shading Accent 3\"\/>\n<w:LsdException Locked=\"false\" Priority=\"72\" SemiHidden=\"false\"\nUnhideWhenUsed=\"false\" Name=\"Colorful List Accent 3\"\/>\n<w:LsdException Locked=\"false\" Priority=\"73\" SemiHidden=\"false\"\nUnhideWhenUsed=\"false\" Name=\"Colorful Grid Accent 3\"\/>\n<w:LsdException Locked=\"false\" Priority=\"60\" SemiHidden=\"false\"\nUnhideWhenUsed=\"false\" Name=\"Light Shading Accent 4\"\/>\n<w:LsdException Locked=\"false\" Priority=\"61\" SemiHidden=\"false\"\nUnhideWhenUsed=\"false\" Name=\"Light List Accent 4\"\/>\n<w:LsdException Locked=\"false\" Priority=\"62\" SemiHidden=\"false\"\nUnhideWhenUsed=\"false\" Name=\"Light Grid Accent 4\"\/>\n<w:LsdException Locked=\"false\" Priority=\"63\" SemiHidden=\"false\"\nUnhideWhenUsed=\"false\" Name=\"Medium Shading 1 Accent 4\"\/>\n<w:LsdException Locked=\"false\" Priority=\"64\" SemiHidden=\"false\"\nUnhideWhenUsed=\"false\" Name=\"Medium Shading 2 Accent 4\"\/>\n<w:LsdException Locked=\"false\" Priority=\"65\" SemiHidden=\"false\"\nUnhideWhenUsed=\"false\" Name=\"Medium List 1 Accent 4\"\/>\n<w:LsdException Locked=\"false\" Priority=\"66\" SemiHidden=\"false\"\nUnhideWhenUsed=\"false\" Name=\"Medium List 2 Accent 4\"\/>\n<w:LsdException Locked=\"false\" Priority=\"67\" SemiHidden=\"false\"\nUnhideWhenUsed=\"false\" Name=\"Medium Grid 1 Accent 4\"\/>\n<w:LsdException Locked=\"false\" Priority=\"68\" SemiHidden=\"false\"\nUnhideWhenUsed=\"false\" Name=\"Medium Grid 2 Accent 4\"\/>\n<w:LsdException Locked=\"false\" Priority=\"69\" SemiHidden=\"false\"\nUnhideWhenUsed=\"false\" Name=\"Medium Grid 3 Accent 4\"\/>\n<w:LsdException Locked=\"false\" Priority=\"70\" SemiHidden=\"false\"\nUnhideWhenUsed=\"false\" Name=\"Dark List Accent 4\"\/>\n<w:LsdException Locked=\"false\" Priority=\"71\" SemiHidden=\"false\"\nUnhideWhenUsed=\"false\" Name=\"Colorful Shading Accent 4\"\/>\n<w:LsdException Locked=\"false\" Priority=\"72\" SemiHidden=\"false\"\nUnhideWhenUsed=\"false\" Name=\"Colorful List Accent 4\"\/>\n<w:LsdException Locked=\"false\" Priority=\"73\" SemiHidden=\"false\"\nUnhideWhenUsed=\"false\" Name=\"Colorful Grid Accent 4\"\/>\n<w:LsdException Locked=\"false\" Priority=\"60\" SemiHidden=\"false\"\nUnhideWhenUsed=\"false\" Name=\"Light Shading Accent 5\"\/>\n<w:LsdException Locked=\"false\" Priority=\"61\" SemiHidden=\"false\"\nUnhideWhenUsed=\"false\" Name=\"Light List Accent 5\"\/>\n<w:LsdException Locked=\"false\" Priority=\"62\" SemiHidden=\"false\"\nUnhideWhenUsed=\"false\" Name=\"Light Grid Accent 5\"\/>\n<w:LsdException Locked=\"false\" Priority=\"63\" SemiHidden=\"false\"\nUnhideWhenUsed=\"false\" Name=\"Medium Shading 1 Accent 5\"\/>\n<w:LsdException Locked=\"false\" Priority=\"64\" SemiHidden=\"false\"\nUnhideWhenUsed=\"false\" Name=\"Medium Shading 2 Accent 5\"\/>\n<w:LsdException Locked=\"false\" Priority=\"65\" SemiHidden=\"false\"\nUnhideWhenUsed=\"false\" Name=\"Medium List 1 Accent 5\"\/>\n<w:LsdException Locked=\"false\" Priority=\"66\" SemiHidden=\"false\"\nUnhideWhenUsed=\"false\" Name=\"Medium List 2 Accent 5\"\/>\n<w:LsdException Locked=\"false\" Priority=\"67\" SemiHidden=\"false\"\nUnhideWhenUsed=\"false\" Name=\"Medium Grid 1 Accent 5\"\/>\n<w:LsdException Locked=\"false\" Priority=\"68\" SemiHidden=\"false\"\nUnhideWhenUsed=\"false\" Name=\"Medium Grid 2 Accent 5\"\/>\n<w:LsdException Locked=\"false\" Priority=\"69\" SemiHidden=\"false\"\nUnhideWhenUsed=\"false\" Name=\"Medium Grid 3 Accent 5\"\/>\n<w:LsdException Locked=\"false\" Priority=\"70\" SemiHidden=\"false\"\nUnhideWhenUsed=\"false\" Name=\"Dark List Accent 5\"\/>\n<w:LsdException Locked=\"false\" Priority=\"71\" SemiHidden=\"false\"\nUnhideWhenUsed=\"false\" Name=\"Colorful Shading Accent 5\"\/>\n<w:LsdException Locked=\"false\" Priority=\"72\" SemiHidden=\"false\"\nUnhideWhenUsed=\"false\" Name=\"Colorful List Accent 5\"\/>\n<w:LsdException Locked=\"false\" Priority=\"73\" SemiHidden=\"false\"\nUnhideWhenUsed=\"false\" Name=\"Colorful Grid Accent 5\"\/>\n<w:LsdException Locked=\"false\" Priority=\"60\" SemiHidden=\"false\"\nUnhideWhenUsed=\"false\" Name=\"Light Shading Accent 6\"\/>\n<w:LsdException Locked=\"false\" Priority=\"61\" SemiHidden=\"false\"\nUnhideWhenUsed=\"false\" Name=\"Light List Accent 6\"\/>\n<w:LsdException Locked=\"false\" Priority=\"62\" SemiHidden=\"false\"\nUnhideWhenUsed=\"false\" Name=\"Light Grid Accent 6\"\/>\n<w:LsdException Locked=\"false\" Priority=\"63\" SemiHidden=\"false\"\nUnhideWhenUsed=\"false\" Name=\"Medium Shading 1 Accent 6\"\/>\n<w:LsdException Locked=\"false\" Priority=\"64\" SemiHidden=\"false\"\nUnhideWhenUsed=\"false\" Name=\"Medium Shading 2 Accent 6\"\/>\n<w:LsdException Locked=\"false\" Priority=\"65\" SemiHidden=\"false\"\nUnhideWhenUsed=\"false\" Name=\"Medium List 1 Accent 6\"\/>\n<w:LsdException Locked=\"false\" Priority=\"66\" SemiHidden=\"false\"\nUnhideWhenUsed=\"false\" Name=\"Medium List 2 Accent 6\"\/>\n<w:LsdException Locked=\"false\" Priority=\"67\" SemiHidden=\"false\"\nUnhideWhenUsed=\"false\" Name=\"Medium Grid 1 Accent 6\"\/>\n<w:LsdException Locked=\"false\" Priority=\"68\" SemiHidden=\"false\"\nUnhideWhenUsed=\"false\" Name=\"Medium Grid 2 Accent 6\"\/>\n<w:LsdException Locked=\"false\" Priority=\"69\" SemiHidden=\"false\"\nUnhideWhenUsed=\"false\" Name=\"Medium Grid 3 Accent 6\"\/>\n<w:LsdException Locked=\"false\" Priority=\"70\" SemiHidden=\"false\"\nUnhideWhenUsed=\"false\" Name=\"Dark List Accent 6\"\/>\n<w:LsdException Locked=\"false\" Priority=\"71\" SemiHidden=\"false\"\nUnhideWhenUsed=\"false\" Name=\"Colorful Shading Accent 6\"\/>\n<w:LsdException Locked=\"false\" Priority=\"72\" SemiHidden=\"false\"\nUnhideWhenUsed=\"false\" Name=\"Colorful List Accent 6\"\/>\n<w:LsdException Locked=\"false\" Priority=\"73\" SemiHidden=\"false\"\nUnhideWhenUsed=\"false\" Name=\"Colorful Grid Accent 6\"\/>\n<w:LsdException Locked=\"false\" Priority=\"19\" SemiHidden=\"false\"\nUnhideWhenUsed=\"false\" QFormat=\"true\" Name=\"Subtle Emphasis\"\/>\n<w:LsdException Locked=\"false\" Priority=\"21\" SemiHidden=\"false\"\nUnhideWhenUsed=\"false\" QFormat=\"true\" Name=\"Intense Emphasis\"\/>\n<w:LsdException Locked=\"false\" Priority=\"31\" SemiHidden=\"false\"\nUnhideWhenUsed=\"false\" QFormat=\"true\" Name=\"Subtle Reference\"\/>\n<w:LsdException Locked=\"false\" Priority=\"32\" SemiHidden=\"false\"\nUnhideWhenUsed=\"false\" QFormat=\"true\" Name=\"Intense Reference\"\/>\n<w:LsdException Locked=\"false\" Priority=\"33\" SemiHidden=\"false\"\nUnhideWhenUsed=\"false\" QFormat=\"true\" Name=\"Book Title\"\/>\n<w:LsdException Locked=\"false\" Priority=\"37\" Name=\"Bibliography\"\/>\n<w:LsdException Locked=\"false\" Priority=\"39\" QFormat=\"true\" Name=\"TOC Heading\"\/>\n<\/w:LatentStyles>\n<\/xml><![endif]--><!--[if gte mso 10]>\n\n\n\n<style>\n \/* Style Definitions *\/\n table.MsoNormalTable\n\t{mso-style-name:\"Tableau Normal\";\n\tmso-tstyle-rowband-size:0;\n\tmso-tstyle-colband-size:0;\n\tmso-style-noshow:yes;\n\tmso-style-priority:99;\n\tmso-style-qformat:yes;\n\tmso-style-parent:\"\";\n\tmso-padding-alt:0cm 5.4pt 0cm 5.4pt;\n\tmso-para-margin:0cm;\n\tmso-para-margin-bottom:.0001pt;\n\tmso-pagination:widow-orphan;\n\tfont-size:11.0pt;\n\tfont-family:\"Calibri\",\"sans-serif\";\n\tmso-ascii-font-family:Calibri;\n\tmso-ascii-theme-font:minor-latin;\n\tmso-fareast-font-family:\"Times New Roman\";\n\tmso-fareast-theme-font:minor-fareast;\n\tmso-hansi-font-family:Calibri;\n\tmso-hansi-theme-font:minor-latin;\n\tmso-bidi-font-family:\"Times New Roman\";\n\tmso-bidi-theme-font:minor-bidi;}\n<\/style>\n\n<![endif]--><!--[if gte mso 9]><xml>\n<o:shapedefaults v:ext=\"edit\" spidmax=\"1026\"\/>\n<\/xml><![endif]--><!--[if gte mso 9]><xml>\n<o:shapelayout v:ext=\"edit\">\n<o:idmap v:ext=\"edit\" data=\"1\"\/>\n<\/o:shapelayout><\/xml><![endif]--><\/p>\n<\/div>\n<div class=\"texte\">\n<div class=\"cs_sommaire cs_sommaire_avec_fond\" id=\"outil_sommaire\">\n<div class=\"cs_sommaire_inner\">\n<h3 class=\"cs_sommaire_titre_avec_fond cs_done\" style=\"text-align: justify;\">\u00a0 <img loading=\"lazy\" decoding=\"async\" class=\"alignleft  wp-image-7245\" style=\"border: 6px solid black; margin: 12px;\" alt=\"stnazaire7mars111\" src=\"http:\/\/alternatifs81.fr\/wp-content\/uploads\/stnazaire7mars1111.jpg\" width=\"224\" height=\"188\" srcset=\"https:\/\/alternatifs81.fr\/wp-content\/uploads\/stnazaire7mars1111.jpg 320w, https:\/\/alternatifs81.fr\/wp-content\/uploads\/stnazaire7mars1111-300x252.jpg 300w\" sizes=\"auto, (max-width: 224px) 100vw, 224px\" \/>Sommaire<\/h3>\n<ul style=\"text-align: justify;\">\n<li>\n<h3><a title=\"1-UNE SITUATION AGGRAV\u00c9E, DANS UN CONTEXTE GLOBAL DE CRISE DE CIVILISATION.\" href=\"http:\/\/www.alternatifs.org\/spip\/autogestionnaires-unitaires-et?lang=fr#outil_sommaire_0\">1-UNE SITUATION AGGRAV\u00c9E,\u00a0(\u2026)<\/a><\/h3>\n<\/li>\n<li>\n<h3><a title=\"2- NOS RAPPORTS AVEC LE FRONT DE GAUCHE\" href=\"http:\/\/www.alternatifs.org\/spip\/autogestionnaires-unitaires-et?lang=fr#outil_sommaire_1\">2- NOS RAPPORTS AVEC LE\u00a0(\u2026)<\/a><\/h3>\n<\/li>\n<li>\n<h3><a title=\"3-UNE NOUVELLE FORCE POUR PESER DAVANTAGE ET POUR FAIRE AUTREMENT\" href=\"http:\/\/www.alternatifs.org\/spip\/autogestionnaires-unitaires-et?lang=fr#outil_sommaire_2\">3-UNE NOUVELLE FORCE POUR\u00a0(\u2026)<\/a><\/h3>\n<\/li>\n<li>\n<h3><a title=\"4- LES ALTERNATIFS : EXPERIMENTONS !\" href=\"http:\/\/www.alternatifs.org\/spip\/autogestionnaires-unitaires-et?lang=fr#outil_sommaire_3\">4- LES ALTERNATIFS\u00a0: EXPERIMEN<\/a><\/h3>\n<\/li>\n<\/ul>\n<\/div>\n<\/div>\n<h2 class=\"spip\" id=\"outil_sommaire_0\" style=\"text-align: justify;\"><a class=\"sommaire_ancre\" title=\"Sommaire\" href=\"http:\/\/www.alternatifs.org\/spip\/autogestionnaires-unitaires-et?lang=fr#outil_sommaire\">\u00a0<\/a><span style=\"color: #808000;\">1-UNE SITUATION AGGRAV\u00c9E, DANS UN CONTEXTE GLOBAL DE CRISE DE CIVILISATION.<\/span><\/h2>\n<h3 style=\"text-align: justify;\">\u00c0 l\u2019\u00e9chelle mondiale, le capitalisme est toujours debout avec une croissance ralentie notamment dans les pays \u00e9mergents. En France et en Europe, l\u2019offensive lib\u00e9rale se poursuit et s\u2019accentue alors que les forces \u00e9conomiques et les gouvernements ont provoqu\u00e9 en vingt ans l\u2019\u00e9miettement du salariat et l\u2019accentuation des in\u00e9galit\u00e9s. L\u2019absence de changement depuis un an et de r\u00e9action\/contre-proposition cr\u00e9dibles ont accru la d\u00e9sorientation et le d\u00e9sespoir. La droite r\u00e9actionnaire et le Front<!--more--> National, dont la menace se pr\u00e9cise, consolident leur fonds de commerce,comme dans de nombreux pays en Europe. Le m\u00e9contentement social se heurte aux discours de simple gestion de \u00ab\u00a0la crise\u00a0\u00bb et aux politiques soumises au patronat aux institutions europ\u00e9ennes. Comment contribuer \u00e0 ouvrir l\u2019avenir, en France et en Europe, avec toutes les forces du mouvement social\u00a0? Comment affirmer une alternative, lier les r\u00e9sistances et les r\u00e9ponses urgentes dans un projet alternatif qui donne un horizon commun\u00a0?<br \/>\nLes formations sociales et territoriales, caract\u00e9ris\u00e9es par un mode de production capitaliste dominant, sont notamment confront\u00e9es \u00e0 la limitation des ressources non renouvelables, ainsi qu\u2019\u00e0 l\u2019accumulation et au traitement des d\u00e9chets, particuli\u00e8rement ceux issus des fili\u00e8res nucl\u00e9aires. Ces obstacles se traduisent sur le plan \u00e9conomique par une hausse du co\u00fbt des mati\u00e8res premi\u00e8res et du renouvellement du capital fixe dont ne peut r\u00e9sulter qu\u2019une baisse du taux de profit, \u00e0 ne pas confondre avec une crise de sur-accumulation.<br \/>\nLes derniers travaux du GIEC confirmant la gravit\u00e9 du r\u00e9chauffement climatique li\u00e9 \u00e0 la croissance capitaliste exponentielle des deux si\u00e8cles pass\u00e9s, donne la mesure de la dimension \u00e9cologique de la crise mondiale globale.<br \/>\nApr\u00e8s de nombreux accidents nucl\u00e9aires depuis Three-Miles Island, apr\u00e8s Tchernobyl, la catastrophe de Fukushima pose de mani\u00e8re radicale la question du nucl\u00e9aire.<br \/>\nEn Europe, cette crise \u00e9cologique s\u2019exprime aussi par la fuite en avant dans les grands projets inutiles, de plus en plus contest\u00e9s par une mobilisation citoyenne multiforme.<\/h3>\n<h2 class=\"spip\" style=\"text-align: justify;\"><span style=\"color: #008000;\">D\u00e9j\u00e0 six ans de crise globale du capitalisme<\/span><\/h2>\n<h3 style=\"text-align: justify;\">Au niveau mondial, la crise appara\u00eet moins visible, except\u00e9 en Europe. Le capitalisme continue sa fuite en avant dans certains segments gr\u00e2ce au capitalisme vert et autres formes de l\u2019agrobusiness n\u00e9ocolonial. Mais les effets sociaux, \u00e9conomiques, d\u00e9mocratiques et \u00e9cologiques de la crise sont toujours forts \u00e0 travers les ravages de la comp\u00e9tition entre les pays, l\u2019accroissement des in\u00e9galit\u00e9s et du ch\u00f4mage, l\u2019immigration criminalis\u00e9e en Europe par les pouvoirs en place et mise \u00e0 mort \u00e0 travers la catastrophe de Lampedusa, le pillage des ressources.<br \/>\nSurtout les \u00e9l\u00e9ments, notamment sp\u00e9culatifs, qui ont conduit \u00e0 l\u2019\u00e9clatement de la crise financi\u00e8re puis \u00e9conomique sont toujours pr\u00eats \u00e0 porter leurs fruits mortif\u00e8res. S\u2019ils devaient se manifester dans les conditions actuelles apr\u00e8s 6 ans de crise, ils seraient encore plus n\u00e9fastes que 6 ans plus t\u00f4t, la strat\u00e9gie du \u201cbord du gouffre\u201d (le minimum de r\u00e9forme du syst\u00e8me, le maximum de discours, r\u00e9cession \u00e9conomique support\u00e9e par les peuples) suivie depuis 2007 risquant alors d\u2019\u00eatre nettement insuffisante dans le contexte politique actuel et \u00e9conomique. Sur ce dernier plan, se conjuguent un risque financier renforc\u00e9 et l\u2019approfondissement de la crise du mod\u00e8le de croissance. La situation des \u00c9tats-Unis est r\u00e9v\u00e9latrice de cette situation\u00a0: la l\u00e9g\u00e8re reprise de la croissance, de type sp\u00e9culatif pour une part, est due en partie \u00e0 la baisse des co\u00fbts \u00e9nerg\u00e9tiques gr\u00e2ce au gaz de schiste et \u00e0 la poursuite de la hausse de l\u2019endettement et du montant des liquidit\u00e9s, le tout au d\u00e9triment du reste du monde.<br \/>\nSur les plans \u00e9conomiques et sociaux la situation de l\u2019Europe est encore fortement marqu\u00e9e par le mode de gestion de la crise\u00a0: accroissement de l\u2019endettement des \u00c9tats pour faire face \u00e0 la crise des banques suite \u00e0 leur comportement sp\u00e9culatif, endettement des pays pay\u00e9 tr\u00e8s cher \u00e0 ceux qui ont provoqu\u00e9 la crise, le tout entra\u00eenant une d\u00e9flation salariale coupl\u00e9e \u00e0 une crise de l\u2019emploi et une r\u00e9duction des politiques publiques.<br \/>\nCette aust\u00e9rit\u00e9, impos\u00e9e notamment par la tro\u00efka, entra\u00eene une aggravation de la situation \u00e9conomique et sociale, bien au-del\u00e0 du supportable dans les pays du sud de l\u2019Europe. Dans le m\u00eame temps, les pays b\u00e9n\u00e9ficiaires de la situation ant\u00e9rieure et actuelle, l\u2019Allemagne en premier, bloquent toute solution fond\u00e9e sur la solidarit\u00e9 et un changement de politique. La Gr\u00e8ce, l\u2019Espagne, le Portugal, l\u2019Italie, Chypre de m\u00eame que l\u2019Irlande sont particuli\u00e8rement touch\u00e9es. La r\u00e9\u00e9lection de Merkel, le suivisme de la France, ne laissent aucun espoir mais beaucoup d\u2019inqui\u00e9tudes du fait de la mont\u00e9e des extr\u00eames droites (y compris en Norv\u00e8ge et en Suisse, hors UE), des faiblesses des gauches et du mouvement social.<br \/>\nLa mont\u00e9e g\u00e9n\u00e9rale en Europe du racisme (en particulier sous la forme de l\u2019islamophobie) et de l\u2019extr\u00eamedroite sur fond de discr\u00e9dit de la classe politique est un indicateur-cl\u00e9 de la crise dans sa dimension politique. Elle doit \u00eatre reli\u00e9e \u00e0 la dimension g\u00e9opolitique de la crise dans un monde occidental qui n\u2019est plus dans la situation de domination mondiale qui a \u00e9t\u00e9 la sienne cinq si\u00e8cles durant.<\/h3>\n<h2 class=\"spip\" style=\"text-align: justify;\"><span style=\"color: #008000;\">En France, un an apr\u00e8s<\/span><\/h2>\n<h3 style=\"text-align: justify;\">La gauche social-lib\u00e9rale (PS et EELV) est au pouvoir depuis plus d\u2019un an. Son gouvernement m\u00e8ne une politique qui va \u00e0 l\u2019encontre des aspirations des \u00e9lecteurs et des \u00e9lectrices qui ont chass\u00e9 Sarkozy. Surtout, cette politique aggrave les effets de la crise et ne propose aucune sortie par le haut articulant justice sociale et transition \u00e9cologique et fond\u00e9e sur une tout autre politique \u00e9conomique sur les plans de la finance, de la fiscalit\u00e9, de la production.<br \/>\nSuite \u00e0 l\u2019absence de changements significatifs apr\u00e8s les \u00e9lections, le pouvoir a abandonn\u00e9 toutes les promesses pour des choix relevant d\u2019une politique lib\u00e9rale sur le plan social et \u00e9conomique, bas\u00e9e sur la strat\u00e9gie \u201cd\u2019\u00e9conomie de l\u2019offre\u201d avec les trois piliers de la comp\u00e9titivit\u00e9 (baisse du co\u00fbt du travail), de l\u2019aust\u00e9rit\u00e9, de la poursuite de la m\u00eame politique europ\u00e9enne\u00a0:<\/h3>\n<ul class=\"spip\" style=\"text-align: justify;\">\n<li>\n<h3>adoption du trait\u00e9 budg\u00e9taire europ\u00e9en,<\/h3>\n<\/li>\n<li>\n<h3>d\u00e9r\u00e9glementation du march\u00e9 du travail (ANI),<\/h3>\n<\/li>\n<li>\n<h3>multiples cadeaux au patronat,<\/h3>\n<\/li>\n<li>\n<h3>absence de r\u00e9forme bancaire et fiscale,<\/h3>\n<\/li>\n<li>\n<h3>privatisations \u00e0 venir \u2026<\/h3>\n<\/li>\n<\/ul>\n<h3 style=\"text-align: justify;\">La contre-r\u00e9forme des retraites est une \u00e9tape de plus dans une politique qui consiste \u00e0 all\u00e9ger les \u00ab\u00a0charges\u00a0\u00bb des entreprises et \u00e0 les transf\u00e9rer sur le plus grand nombre. \u00c0 l\u2019exception de quelques rares mesures, aucun progr\u00e8s social ou \u00e9cologique n\u2019aura \u00e9t\u00e9 inscrit \u00e0 l\u2019agenda gouvernemental.<br \/>\nFran\u00e7ois Hollande appuie sa politique sur l\u2019hypoth\u00e8se fantaisiste du retour d\u2019un minimum de croissance \u00e9conomique qui devrait ramener m\u00e9caniquement davantage d\u2019emplois et de ressources fiscales, tout en aggravant la crise \u00e9cologique. Mais, d\u2019une part, une croissance molle n\u2019aura aucun effet sur l\u2019emploi, et d\u2019autre part, les fondements et les cons\u00e9quences de la crise \u00e9conomique ouverte en 2008 sont toujours \u00e0 l\u2019\u0153uvre et elles se combinent avec l\u2019approfondissement de la crise \u00e9cologique que les politiques de \u00ab\u00a0capitalisme vert\u00a0\u00bb ne visent \u00e0 conjurer. Pendant ce temps l\u00e0, si la courbe du PIB ne remonte pas ou trop peu, d\u2019autres courbes montent marquant une forte d\u00e9gradation des conditions sociales comme l\u2019indiquent les titres de trois r\u00e9centes notes de l\u2019INSEE\u00a0: \u201cLa pauvret\u00e9 en France au plus haut niveau depuis 1997\u2033, \u201cLes d\u00e9penses alimentaires deviennent de plus en plus lourdes pour les m\u00e9nages modestes\u201d, \u201cLe ch\u00f4mage au plus haut depuis 15 ans\u201d. Cela s\u2019accompagne de l\u2019accroissement de la pauvret\u00e9 et des in\u00e9galit\u00e9s du fait du double mouvement de la hausse des revenus des couches favoris\u00e9es et de la baisse de ceux des couches d\u00e9j\u00e0 d\u00e9favoris\u00e9es, en raison notamment de la faible revalorisation du SMIC horaire brut, du refus de toute hausse des minimas sociaux et de mesures combattant la mis\u00e8re. Sur fond de ch\u00f4mage tr\u00e8s \u00e9lev\u00e9 et durable, ces \u00e9volutions aggravent la pr\u00e9carit\u00e9 pour de nombreuses personnes et pour de nombreuses zones. La r\u00e9sorption de cette double s\u00e9gr\u00e9gation sociale et spatiale, qui devrait \u00eatre un enjeu essentiel de toute politique de gauche, en est presque totalement absente.<br \/>\nOr cette absence contribue fortement \u00e0 l\u2019apathie, favorable au FN, des couches populaires \u00e0 c\u00f4t\u00e9 de quelques formes de r\u00e9sistance. Celles-ci sont bien modestes eu \u00e9gard \u00e0 la gravit\u00e9 de la situation en raison des non r\u00e9ponses, structurelles et conjoncturelles \u00e0 la crise et \u00e0 ses effets sociaux, notamment par le pouvoir actuel.<br \/>\nCette apathie r\u00e9sulte aussi de l\u2019incapacit\u00e9 des forces sociales et politiques de transformation \u00e0 construire collectivement une autre r\u00e9ponse et \u00e0 la partager avec les couches populaires. De ce point de vue, avec le ph\u00e9nom\u00e8ne des \u00ab\u00a0bonnets rouges\u00a0\u00bb et le d\u00e9voiement d\u2019une lutte l\u00e9gitime pour l\u2019emploi par le patronat et les lobbies lib\u00e9raux et productivistes, les r\u00e9cents \u00e9v\u00e9nements qui se sont produits en Bretagne sont embl\u00e9matiques d\u2019une situation nouvelle et inqui\u00e9tante. Ils t\u00e9moignent des carences des forces progressistes \u00e0 apporter ensemble des r\u00e9ponses aux aspirations populaires et \u00e0 mobiliser sur des objectifs de transformation. Ils r\u00e9v\u00e8lent aussi, malgr\u00e9 la perte de l\u00e9gitimit\u00e9 des th\u00e8ses lib\u00e9rales, la volont\u00e9 du capital de poursuivre l\u2019offensive contre ce qui reste d\u2019\u00c9tat social au travers d\u2019une croisade antifiscale. Son objectif est de se lib\u00e9rer de toute entrave, en s\u2019appuyant, dans le cas breton, sur la r\u00e9cup\u00e9ration d\u2019une identit\u00e9 culturelle sp\u00e9cifique pr\u00e9sent\u00e9e par les lib\u00e9raux comme un facteur de conqu\u00eate dans la comp\u00e9tition \u00e9conomique mondiale.<br \/>\nCe d\u00e9sarroi na\u00eet aussi du sentiment de l\u2019impossibilit\u00e9 \u00e0 changer les politiques d\u00e9cid\u00e9es par le gouvernement, le lobbying ou la pression de la rue ont peu de r\u00e9sultats, l\u2019\u00c9tat accompagnant les choix de la finance internationale. Les voies d\u2019une alternative institutionnelle, face aux blocages de la V\u00e8me R\u00e9publique et \u00e0 l\u2019\u00e9puisement des institution d\u00e9mocratiques, sont donc \u00e0 r\u00e9inventer.\u00c0 cet \u00e9gard la contestation des institutions actuelles par l\u2019extension de la d\u00e9mocratie active doit \u00eatre un axe essentiel d\u2019intervention pour la gauche de transformation sociales dans les prochaines ann\u00e9es. Cela doit s\u2019inscrire dans un travail sur de nouvelles institutions\u00a0: VI\u00e8me R\u00e9publique, d\u00e9mocratie \u00e9conomique, organisation territoriale, \u2026<br \/>\nD\u2019autres \u00e9l\u00e9ments tr\u00e8s importants, en sus de la promesse non tenue de celle faite en 1981 du droit de vote aux \u00e9lections locales pour les r\u00e9sidents \u00e9trangers, signent le cours de plus en plus droitier de la politique du gouvernement sous emprise id\u00e9ologique du FN et sous pression de l\u2019UMP\u00a0:<\/h3>\n<ul class=\"spip\" style=\"text-align: justify;\">\n<li>\n<h3>le renoncement \u00e0 l\u2019abrogation du CESEDA (Code de l\u2019entr\u00e9e du s\u00e9jour et du droit d\u2019asile), fond\u00e9 sur la logique politique lib\u00e9rale utilitariste qui lie le droit de s\u00e9jour au besoin de l\u2019\u00e9conomie, combattu sous le gouvernement Sarkozy\u00a0; la situation des \u00e9trangers s\u2019est encore d\u00e9grad\u00e9e\u00a0: le droit d\u2019asile est bafou\u00e9, les expulsions (dont celles de jeunes en formation) continuent avec des objectifs chiffr\u00e9s du minist\u00e8re de l\u2019int\u00e9rieur \u00e0 l\u2019identique de celui du gouvernement pr\u00e9c\u00e9dant, la majorit\u00e9 des sans papiers reste soumise \u00e0 une terrible pr\u00e9carit\u00e9, tant par la surexploitation au travail, que par la cat\u00e9gorisation des titres de s\u00e9jour, les Rroms sont stigmatis\u00e9s, \u2026 Ce qui \u00e9tait inacceptable sous la pr\u00e9sidence de Sarkozy ne l\u2019est pas moins sous la pr\u00e9sidence de Hollande\u00a0;<\/h3>\n<\/li>\n<li>\n<h3>pire encore sont les discours s\u00e9curitaires et racistes de Valls, dignes rappelant des propos des ann\u00e9es trente Ces \u00e9l\u00e9ments s\u2019ajoutent au discr\u00e9dit chaque jour plus grand du monde politique et alimentent la dimension de crise de la politique et de sa repr\u00e9sentation, l\u2019une des composantes de la crise globale.<\/h3>\n<\/li>\n<\/ul>\n<h3 style=\"text-align: justify;\">C\u2019est bien l\u2019ensemble de ces composantes de la crise globale, et pas seulement la dimension \u00e9conomique et sociale m\u00eame si celle-ci demeure l\u2019\u00e9l\u00e9ment explicatif principal, qui est \u00e0 la racine de la mont\u00e9e des droites extr\u00eames et du FN. Suite \u00e0 la politique de stigmatisation et de s\u00e9gr\u00e9gation de SARKOZY et \u00e0 sa poursuite par VALLS, cette mont\u00e9e pose de graves questions aux d\u00e9mocrates et notamment aux forces sociales de gauche qui ne sont actuellement pas encore en mesure d\u2019y r\u00e9pondre.<br \/>\nSur un autre plan, le renoncement \u00e0 toute politique publique \u00e9cologique digne de ce nom, du nucl\u00e9aire maintenu et relanc\u00e9 au gaz de schiste toujours mena\u00e7ant, en passant par l\u2019incapacit\u00e9 \u00e0 renoncer aux grands projets inutiles tels que celui de NDDL, n\u2019apporte aucune r\u00e9ponse \u00e0 la crise \u00e9cologique, autre composante de la crise globale et continue de susciter des mobilisations citoyennes d\u2019ampleur. L\u2019\u00e9cho rencontr\u00e9 par celle de NDDL fait de celle-ci un symbole \u00e9gal \u00e0 celle du Larzac autrefois.<br \/>\nMalgr\u00e9 l\u2019atonie des mouvements sociaux et la situation politique des r\u00e9sistances existent. Ainsi, la lutte pour la sauvegarde de l\u2019emploi prend de plus en plus la voie de la reprise d\u2019entreprise, voire de formation de coop\u00e9ratives\u00a0; SeaFrance, Fralib, P\u00e9troplus, Kem One. Des projets visent \u00e0 exp\u00e9rimenter le changement social.<br \/>\nPartout, des lueurs d\u2019espoirs \u00e9mergent, des id\u00e9es nouvelles sont d\u00e9battues \u2013 le revenu de base, l\u2019\u00e9conomie circulaire et distributive, l\u2019autogestion \u2026 \u2013 de nouvelles mutuelles, des pr\u00eats solidaires, des magasins pour rien, des restaurants solidaires, des villes en transition, des monnaies compl\u00e9mentaires, des jardins de cocagne se pratiquent\u2026<br \/>\nToutes ces id\u00e9es et les activit\u00e9s qui en d\u00e9coulent sont l\u2019oeuvre d\u2019indign\u00e9-e-s, de motiv\u00e9-e-s, d\u2019utopistes r\u00e9alistes, de d\u00e9croissants, en un mot de personnes \u00e0 contre courant. Le socle des Alternatifs est fait de ces histoires, des luttes anticoloniales, d\u2019une autre fa\u00e7on de g\u00e9rer l\u2019\u00e9conomie et l\u2019entreprise (l\u2019autogestion), de mettre en avant les fronts trop souvent consid\u00e9r\u00e9s comme secondaires qui sont \u00e0 nos yeux primordiaux\u00a0: l\u2019\u00e9cologie, le f\u00e9minisme. Ces r\u00e9sistances et ces innovations, sans changer globalement la soci\u00e9t\u00e9, sont r\u00e9v\u00e9latrices d\u2019aspirations \u00e0 en changer, \u00e0 refuser l\u2019ordre capitaliste. Avec elles, il nous faut continuer de mener la bataille pour la conqu\u00eate de l\u2019h\u00e9g\u00e9monie.<br \/>\nEt c\u2019est bien, en miroir, la question d\u2019un projet d\u2019ensemble, d\u2019un projet anticapitaliste et alternatif, qui nous est pos\u00e9e et qui donne \u00e0 la gauche alternative une responsabilit\u00e9 particuli\u00e8re et un r\u00f4le important \u00e0 jouer dans le d\u00e9bat qui s\u2019ouvre.<br \/>\nLa crise de civilisation est aussi une crise g\u00e9opolitique qui bouleverse la configuration actuelle des relations internationales. La mont\u00e9e en puissance des pays dits \u00ab\u00a0\u00e9mergents\u00a0\u00bb signe pour les soci\u00e9t\u00e9s du Nord le d\u00e9but de la fin d\u2019une h\u00e9g\u00e9monie de cinq si\u00e8cles, dont la domination coloniale et les diff\u00e9rentes formes d\u2019imp\u00e9rialismes \u00e9conomique et culturel ont \u00e9t\u00e9 les principales manifestations. C\u2019est un ph\u00e9nom\u00e8ne majeur et positif mais il faut n\u00e9anmoins se garder de tout simplisme car cela se traduit aussi par le r\u00f4le de plus en plus important jou\u00e9 par d\u2019anciens imp\u00e9rialismes (russe) comme par de nouveaux \u00e0 l\u2019image de l\u2019imp\u00e9rialisme \u00e9conomique chinois en Afrique.<br \/>\nCette h\u00e9g\u00e9monie a \u00e9t\u00e9, dans un premier temps, remise en cause par le long processus des r\u00e9volutions anticoloniales du XX\u00e8me si\u00e8cle. Une deuxi\u00e8me \u00e9tape de ce processus s\u2019est ouverte \u00e0 partir des ann\u00e9es 1990\u00a0: dans un premier temps en Am\u00e9rique indo-afro-latine avec l\u2019arriv\u00e9e au pouvoir de gouvernements de gauche mod\u00e9r\u00e9e ou plus radicale dans une grande partie du continent\u00a0; dans un second temps dans le monde arabe par l\u2019ouverture d\u2019un vaste processus r\u00e9volutionnaire \u00e0 partir de 2010 notamment en Tunisie, en \u00c9gypte, en Syrie, en Libye, \u00e0 Bahre\u00efn et au Y\u00e9men.<br \/>\nPris dans leur ensemble, ces processus populaires rel\u00e8vent d\u2019une dynamique \u00e9mancipatrice globale d\u00e9mocratique et sociale dans laquelle la question de l\u2019auto-organisation des domin\u00e9-e-s a toute sa place. Ils sont toujours ouverts et vivants m\u00eame s\u2019ils sont marqu\u00e9s par de nombreuses contradictions, doivent faire face \u00e0 d\u2019importantes difficult\u00e9s et surmonter des obstacles tout aussi nombreux.<br \/>\nC\u2019est notamment le cas du djihadisme qui met en difficult\u00e9 les processus r\u00e9volutionnaires dans le monde arabe et aggrave un certain nombre de conflits intra-nationaux et r\u00e9gionaux de l\u2019Atlantique \u00e0 l\u2019Asie du sudest.<br \/>\nDans ce contexte il est n\u00e9cessaire de r\u00e9affirmer notre solidarit\u00e9 avec les processus en cours en Am\u00e9rique indo-afro-latine comme dans le monde arabe. La solidarit\u00e9 avec la r\u00e9volution populaire syrienne et l\u2019aide aux r\u00e9volutionnaires syrien-ne-s sont d\u2019une br\u00fblante actualit\u00e9 aussi bien contre le r\u00e9gime de Bachar Al-Assad et ses soutiens r\u00e9gionaux et internationaux que contre les ing\u00e9rences qataries et saoudiennes et contre les menaces d\u2019interventions militaires occidentales, \u00e9tasunienne et fran\u00e7aise notamment. Enfin, la lutte toujours aussi essentielle du peuple palestinien est ins\u00e9parable de la dynamique r\u00e9volutionnaire en cours dans le monde arabe\u00a0: cette dynamique doit en retour jouer dans le sens d\u2019un rapport de force favorables aux exigences palestiniennes que nous devons plus que jamais soutenir face \u00e0 la politique pro-sioniste du gouvernement fran\u00e7ais.<\/h3>\n<h3 class=\"spip\" id=\"outil_sommaire_1\" style=\"text-align: justify;\"><a class=\"sommaire_ancre\" title=\"Sommaire\" href=\"http:\/\/www.alternatifs.org\/spip\/autogestionnaires-unitaires-et?lang=fr#outil_sommaire\">\u00a0<\/a>2- NOS RAPPORTS AVEC LE FRONT DE GAUCHE<\/h3>\n<h3 style=\"text-align: justify;\">Lors du Congr\u00e8s de novembre 2012, Les Alternatifs ont d\u00e9cid\u00e9 majoritairement (56,37% pour, 34,75% contre, 8,88% abstentions) de participer au Front de Gauche. Le texte adopt\u00e9 explicitait les raisons de ce choix\u00a0:<\/h3>\n<blockquote class=\"spip\">\n<h3>L\u2019urgence de \u00ab\u00a0faire front ensemble, comme en Gr\u00e8ce ou au Portugal, face \u00e0 l\u2019approfondissement et l\u2019aggravation de la crise multiforme, pour disputer l\u2019h\u00e9g\u00e9monie \u00e0 gauche au social-lib\u00e9ralisme et porter une alternative unitaire\u00a0\u00bb.<br \/>\nLa prise en compte du fait que \u00ab\u00a0la p\u00e9rennisation et l\u2019\u00e9largissement progressif du Front de Gauche\u00a0\u00bb \u00e9tait devenue \u00ab\u00a0une donn\u00e9e majeure de la gauche de transformation sociale et \u00e9cologique\u00a0\u00bb.<br \/>\nLa d\u00e9cision \u00e9tait li\u00e9e \u00e9galement, notamment apr\u00e8s l\u2019entr\u00e9e de la Gauche Anticapitaliste au FDG, \u00e0 la \u00ab\u00a0perspective de construction d\u2019un p\u00f4le de gauche alternative et \u00e9cologiste\u00a0\u00bb en son sein. Et bien entendu, il \u00e9tait not\u00e9 que \u00ab\u00a0Les Alternatifs participeront au Front de Gauche en conservant leur ind\u00e9pendance et leurs moyens d\u2019intervention\u00a0\u00bb.<\/h3>\n<\/blockquote>\n<h3 style=\"text-align: justify;\">Il revient au Congr\u00e8s d\u2019\u00e9valuer, comme d\u00e9cid\u00e9 l\u2019an dernier, le bilan de notre participation.<\/h3>\n<h3 class=\"spip\" style=\"text-align: justify;\">Quelle \u00e9volution depuis 2012\u00a0?<\/h3>\n<h3 style=\"text-align: justify;\"><span style=\"color: #808000;\">Concernant l\u2019activit\u00e9 politique du Front de Gauche, la situation n\u2019a pas \u00e9volu\u00e9 de fa\u00e7on significative depuis un an.<\/span><br \/>\n<span style=\"color: #008000;\">Pour l\u2019essentiel, le FDG reste un cartel<\/span>. Les volont\u00e9s exprim\u00e9es de mani\u00e8re diverse par les diff\u00e9rentes composantes d\u2019ouvrir et \u00e9largir le Front (question des adh\u00e9sions directes, de la repr\u00e9sentation des assembl\u00e9es citoyennes de base aux diff\u00e9rents niveaux de coordination, du renforcement d\u2019un Conseil National qui serait \u00e0 parit\u00e9 compos\u00e9 de repr\u00e9sentant-es des organisations et d\u2019autres militantes du mouvement social, etc) sont rest\u00e9es sans suite.<br \/>\nSon activit\u00e9 en dehors des p\u00e9riodes \u00e9lectorales reste probl\u00e9matique. La campagne centrale pour une alternative \u00e0 l\u2019aust\u00e9rit\u00e9 s\u2019est r\u00e9sum\u00e9e \u00e0 la production d\u2019un lot d\u2019affiches et \u00e0 la programmation d\u2019un certain nombre de meetings. Cette campagne, tr\u00e8s ambitieuse pour l\u2019\u00e9tat des forces, mal pr\u00e9par\u00e9e, a \u00e9t\u00e9 tr\u00e8s vite balay\u00e9e par d\u2019autres \u201curgences\u201d.<br \/>\nLe Front de Gauche parvient \u00e0 r\u00e9ussir des temps forts comme la marche citoyenne pour la 6\u00b0 R\u00e9publique le 5 mai, beaucoup moins \u00e0 p\u00e9renniser une activit\u00e9 quotidienne.<br \/>\nLes oppositions PCF \u2013 PG restent pr\u00e9gnantes et conduisent \u00e0 des blocages importants. La pr\u00e9paration des \u00e9lections municipales de 2014 en sont un des \u00e9pisodes les plus significatifs. Le plus probable au stade actuel dans un certain nombre de grandes villes, est que l\u2019on se dirige vers une division du Front de Gauche. Le choix du PCF de faire liste commune avec le PS dans des grandes villes notamment (Nantes, Paris, Toulouse, \u2026) affaiblit le Front de Gauche et brouille son positionnement sans laisser pr\u00e9sager \u00e0 ce stade son \u00e9clatement.<br \/>\n<span style=\"color: #808000;\">Le FdG souffre aussi de la personnalisation de l\u2019expression politique contraire \u00e0 notre vision de la politique.<\/span><br \/>\nPour autant, au-del\u00e0 de ces limites, le Front de Gauche est la seule force politique identifi\u00e9e \u00e0 une \u00e9chelle de masse qui porte une alternative \u00e0 la gauche du PS et de la majorit\u00e9 gouvernementale. C\u2019est un acquis pr\u00e9cieux dans une p\u00e9riode marqu\u00e9e par les politiques d\u2019aust\u00e9rit\u00e9 du gouvernement, la d\u00e9moralisation du \u00ab\u00a0peuple de gauche\u00a0\u00bb, les faiblesses du mouvement social, l\u2019\u00e9parpillement des r\u00e9sistances ponctuelles.<br \/>\nDans la m\u00eame p\u00e9riode, aucun autre cadre politique porteur d\u2019une alternative \u00e0 gauche n\u2019a \u00e9t\u00e9 en capacit\u00e9 d\u2019\u00e9merger \u00e0 une \u00e9chelle qui puisse \u00eatre reconnue dans la population.<br \/>\nMalgr\u00e9 ses limites, le Front de Gauche reste un outil pr\u00e9cieux qu\u2019il importe de renforcer, en y ayant une activit\u00e9 plus soutenue.<\/h3>\n<h2><span style=\"color: #808000;\">Quel r\u00f4le pour les Alternatifs dans le FDG\u00a0?<\/span><\/h2>\n<h3 style=\"text-align: justify;\">Depuis 2012, l\u2019implication des Alternatifs est \u00e0 la hauteur des capacit\u00e9s et faiblesses organisationnelles du mouvement.<br \/>\nNous participons \u00e0 la Coordination Nationale, \u00e0 un certain nombre de Coordinations D\u00e9partementales et sommes pr\u00e9sents dans des Assembl\u00e9es Citoyennes et Collectifs Locaux. Nous sommes intervenus \u00e0 un certain nombre de meetings locaux, r\u00e9gionaux et nationaux du Front de Gauche. De fa\u00e7on sans doute insuffisante, nous avons particip\u00e9 \u00e0 quelques Fronts Th\u00e9matiques, certainement un des lieux les plus positifs de l\u2019activit\u00e9 du FdG.<br \/>\nCette participation n\u2019a certes pas chang\u00e9 la donne pour le FdG. M\u00eame si la question de la construction d\u2019un p\u00f4le de la gauche alternative en son sein ne se r\u00e9sume certainement pas \u00e0 cet aspect, il est bien clair que seule une force plus cons\u00e9quente serait de nature \u00e0 peser s\u00e9rieusement \u00e0 c\u00f4t\u00e9 du PCF et du PG qui restent \u00e0 ce stade les 2 composantes principales.<br \/>\nDepuis leur entr\u00e9e dans le Front de Gauche, les Alternatifs malgr\u00e9 quelques gains de visibilit\u00e9 (meetings, manifestations, \u2026) ne se sont ni renforc\u00e9s, ni autocensur\u00e9s. Ils ont poursuivi leurs publications, leurs tracts. La participation au FdG n\u2019implique aucune contrainte politique, l\u2019exp\u00e9rience d\u2019un an a pu v\u00e9rifier ce que nous \u00e9crivions lors du pr\u00e9c\u00e9dent congr\u00e8s\u00a0: \u00ab\u00a0un front n\u2019est pas un mouvement politique unifi\u00e9 et encore moins un parti, mais un rassemblement qui permet de construire du commun dans le respect de la diversit\u00e9 des composantes politiques\u00a0\u00bb.<\/h3>\n<h2 class=\"spip\" style=\"text-align: justify;\"><span style=\"color: #008000;\">Deux d\u00e9marches indissociables<\/span><\/h2>\n<h3 style=\"text-align: justify;\">Nous ne pouvons nous contenter de constater les insuffisances actuelles du Front de Gauche. Nous devons nous fixer l\u2019objectif d\u2019agir pour en faire un outil plus d\u00e9mocratique, plus en symbiose avec le mouvement social et \u00e9cologiste. Il nous faut nous donner les moyens d\u2019\u00eatre des partenaires plus \u00e9cout\u00e9s dans le FdG, et donc d\u2019\u00eatre \u00e0 la fois plus offensifs et plus propositionnels.<br \/>\nLes r\u00e9centes propositions communes formul\u00e9es au niveau national avec nos partenaires de \u00ab\u00a0Tous Ensemble \/ Trait d\u2019Union\u00a0\u00bb pour un profond renouvellement du fonctionnement du Front de Gauche sont un d\u00e9but dans ce sens. La question du r\u00f4le des Alternatifs dans le Front de Gauche est \u00e0 repenser et \u00e0 lier \u00e0 celle du r\u00f4le du \u00ab\u00a03\u00b0 p\u00f4le\u00a0\u00bb de la gauche alternative qu\u2019il va falloir poser, dans des conditions qui devraient \u00eatre plus favorables.<br \/>\nAujourd\u2019hui, les 2 perspectives\u00a0: poursuite de notre inscription dans le Front de Gauche d\u2019une part, d\u00e9marche de rassemblement de la gauche alternative d\u2019autre part, restent \u00e9troitement li\u00e9es.<\/h3>\n<h2 class=\"spip\" id=\"outil_sommaire_2\" style=\"text-align: justify;\"><span style=\"color: #808000;\"><a class=\"sommaire_ancre\" title=\"Sommaire\" href=\"http:\/\/www.alternatifs.org\/spip\/autogestionnaires-unitaires-et?lang=fr#outil_sommaire\"><span style=\"color: #808000;\">\u00a0<\/span><\/a>3-UNE NOUVELLE FORCE POUR PESER DAVANTAGE ET POUR FAIRE AUTREMENT<\/span><\/h2>\n<h3 style=\"text-align: justify;\">Constitu\u00e9s en 1998 lors de la fusion de l\u2019AREV et d\u2019une partie de la CAP, avant d\u2019\u00eatre rejoints par d\u2019autres (altermondialistes, syndicalistes, militant-e-s- venu-e-s des Verts, etc\u2026), les Alternatifs ont une histoire plus longue encore, qui plonge ses racines dans la gauche radicale autogestionnaire en g\u00e9n\u00e9ral, en particulier du temps du PSU. C\u2019est dire, et les trajectoires vari\u00e9es des adh\u00e9rent-e-s le confirment, que les Alternatifs sont eux-m\u00eames le produit d\u2019un processus de recomposition politique commenc\u00e9 dans l\u2019apr\u00e8s 68 \u00e0 la gauche de la gauche traditionnelle.<br \/>\nCe processus est loin d\u2019\u00eatre achev\u00e9\u00a0: il continue et le lancement de la FASE en 2008, avec notamment la participation des Alternatifs et des Communistes unitaires, puis la cr\u00e9ation du NPA en 2009 sont des \u00e9l\u00e9ments de ce processus. La convergence en cours des Alternatifs, de la FASE et de diff\u00e9rentes forces (C et A, GA et une partie de GU) issues de la crise de l\u2019ex-LCR puis du NPA, toutes ces organisations \u00e9tant pr\u00e9sentes depuis 2012 de mani\u00e8re critique au sein du Front de Gauche, est \u00e9galement un \u00e9l\u00e9ment de ce processus.<br \/>\nMais cet \u00e9l\u00e9ment a une particularit\u00e9\u00a0: il s\u2019agit-l\u00e0 d\u2019une volont\u00e9 commune de ces diff\u00e9rentes composantes unitaires de la gauche radicale de mettre fin \u00e0 leur \u00e9miettement et se regrouper en une seule organisation. Comme optique g\u00e9n\u00e9rale, cette convergence correspond \u00e0 une option de toujours de l\u2019AREV autrefois et des Alternatifs d\u00e8s leur fondation\u00a0: celle de la possibilit\u00e9, en cas de convergence avec d\u2019autres, d\u2019un d\u00e9passement dans une force politique plus large et sur une orientation politique g\u00e9n\u00e9rale commune, dans la continuit\u00e9 de la n\u00f4tre.<br \/>\nDepuis 1988, les Alternatifs ont combin\u00e9 leur activit\u00e9 propre et leur orientation unitaire \u00e0 gauche avec la recherche d\u2019une telle convergence. Partisans de l\u2019autogestion et d\u2019une nouvelle synth\u00e8se politique, celle du rouge et du vert, nous avons enrichi ces r\u00e9f\u00e9rences de l\u2019altermondialisme et du f\u00e9minisme.<br \/>\nMais ces avanc\u00e9es n\u2019ont pas \u00e9t\u00e9 accompagn\u00e9es d\u2019une convergence avec d\u2019autres donnant la possibilit\u00e9 d\u2019une force politique commune\u00a0: l\u2019institutionnalisation et le paradigme \u00e9cologiste des Verts l\u2019emp\u00eachait d\u2019une part, tandis que l\u2019incapacit\u00e9 de la LCR \u00e0 s\u2019ouvrir \u00e0 rompre avec l\u2019avant-gardisme et \u00e0 assumer la synth\u00e8se du rouge et du vert la rendait impossible d\u2019autre part.<br \/>\nPlus tard, nous avons esp\u00e9r\u00e9 que cette convergence puisse s\u2019op\u00e9rer lors de la constitution de la FASE, aux r\u00e9f\u00e9rences politiques tr\u00e8s proches des n\u00f4tres, mais l\u2019absence de volont\u00e9 claire de constitution d\u2019une nouvelle organisation commune et un fonctionnement \u00e9loign\u00e9 du n\u00f4tre ne l\u2019ont pas rendu possible.<br \/>\nCe qui n\u2019\u00e9tait pas possible hier le devient aujourd\u2019hui, notamment gr\u00e2ce \u00e0 la v\u00e9rification d\u2019une culture commune de la gauche radicale, anticapitaliste et alternative, dans un contexte de crise globale, multidimensionnelle et g\u00e9n\u00e9ralis\u00e9e.<br \/>\nCela se traduit par la conscience partag\u00e9e de la n\u00e9cessit\u00e9 de rouvrir certaines questions\u00a0:<\/h3>\n<ul class=\"spip\" style=\"text-align: justify;\">\n<li>\n<h3>Strat\u00e9gique quant \u00e0 la nature et au type d\u2019organisation politique \u00e0 construire, n\u00e9cessairement dans une conception non autoritaire, \u00e0 l\u2019oppos\u00e9 du parti dirigeant, un parti-mouvement,<\/h3>\n<\/li>\n<li>\n<h3>Programmatique pour \u00e9laborer un projet alternatif alliant les questions sociale, \u00e9cologique, f\u00e9ministe, autogestionnaire.<\/h3>\n<\/li>\n<\/ul>\n<h3 style=\"text-align: justify;\">Tous ces \u00e9l\u00e9ments, port\u00e9s depuis longtemps par la gauche autogestionnaire dont les Alternatifs sont la principale expression, sont maintenant plus largement partag\u00e9s depuis le d\u00e9part du NPA des courants \u00e0 la fois unitaires et capables de remettre en cause les certitudes et les sch\u00e9mas issus de l\u2019ex-LCR\/NPA.<br \/>\nL\u2019\u00e9laboration d\u2019un projet alternatif est cependant un processus complexe. Elle se fait et se fera dans les luttes et l\u2019exp\u00e9rience accumul\u00e9e, les d\u00e9bats et la r\u00e9flexion, \u00e0 toutes les \u00e9chelles et donc du local au global. Cette \u00e9laboration est urgente. La gauche alternative doit y prendre sa part, en s\u2019appuyant sur sa culture politique commune\u00a0: solidarit\u00e9s, f\u00e9minisme, \u00e9cologie, autogestion, altermondialisme.<br \/>\nLe travail est immense et aucun courant politique seul ne peut pr\u00e9tendre apporter les bonnes r\u00e9ponses. Nous devons nous regrouper et ainsi franchir un cap qui demeure inaccessible pour une si petite organisation que la n\u00f4tre.<br \/>\nPour les Alternatifs, le regroupement \u201cTous Ensemble Trait d \u2019Union\u201d doit permettre de mettre fin \u00e0 l\u2019\u00e9parpillement de la diaspora de la gauche alternative\u00a0: cette gauche radicale et unitaire, refusant le dogmatisme et le repli sur ses certitudes, cette gauche \u00e0 la recherche d\u2019un projet alternatif de soci\u00e9t\u00e9, cette gauche qui se r\u00e9f\u00e8re autant au vert qu\u2019au rouge et qui se r\u00e9clame aussi du f\u00e9minisme, cette gauche altermondialiste pour qui l\u2019autogestion est \u00e0 la fois une r\u00e9f\u00e9rence et une pratique, cette gauche qui n\u2019ignore pas les institutions et les \u00e9lections mais doit accorder la priorit\u00e9 aux mobilisations, aux gr\u00e8ves, aux luttes.<br \/>\nCette gauche alternative souffre de sa dispersion (partag\u00e9e en de petites organisations et une multitude d\u2019engagements de type syndical, associatif ou altermondialiste sans appartenance politique) et donc de son incapacit\u00e9 \u00e0 peser r\u00e9ellement \u00e0 l\u2019\u00e9chelle de la soci\u00e9t\u00e9 et dans les rapports de force politique \u00e0 gauche.Nous savons d\u2019ores-et-d\u00e9j\u00e0 qu\u2019une partie de ces forces n\u2019a pas vocation \u00e0 entrer dans le FdG dans l\u2019imm\u00e9diat. Pourtant nous partageons des id\u00e9es et des luttes et notre culture nous permet d\u2019\u00eatre cette passerelle, cette porte ouverte aux id\u00e9es et aux combats ext\u00e9rieurs au FdG.<br \/>\nVoil\u00e0 ce qui, sur le fond, justifie le regroupement\u00a0: construire une force politique plus large n\u2019a donc pas comme premi\u00e8re justification d\u2019\u00eatre \u00ab\u00a0plus forts au sein du Front de Gauche\u00a0\u00bb, m\u00eame s\u2019il faut peser aux c\u00f4t\u00e9s du PCF et du PG dont le programme et la culture politique ne sont pas les n\u00f4tres. C\u2019est pourquoi, nous refusons de nous inscrire dans un projet illusoire qui consisterait \u00e0 constituer un \u00ab\u00a0parti unifi\u00e9\u00a0\u00bb \u00e0 partir des composantes du Front de Gauche.<br \/>\nNous nous engagerons pour que le regroupement agisse et s\u2019exprime \u00e0 l\u2019int\u00e9rieur et \u00e0 l\u2019ext\u00e9rieur du FdG. Nous revendiquerons un fonctionnement d\u00e9mocratique sur la base d\u2019une personne = une voix. Ni pouvoir des \u00e9lus, ni pouvoir des plus r\u00e9actifs sur Internet, ni pouvoir aux directions politiques reconstitu\u00e9es.<br \/>\nLa convergence vers une nouvelle force politique commune permettra une meilleure implantation territoriale, un meilleur ancrage soci\u00e9tal, une participation plus importante aux mouvements sociaux et aux mobilisations citoyennes, une plus grande mutualisation des efforts militants, une plus grande richesse dans la r\u00e9flexion et l\u2019\u00e9laboration qu\u2019exigent un projet alternatif d\u2019une urgence extr\u00eame face \u00e0 la crise de civilisation actuelle. Une nouvelle force politique commune permettra \u00e9galement de peser davantage dans le Front de Gauche, donnera plus de coh\u00e9rence \u00e0 ce que nous y faisons d\u00e9j\u00e0 et apportera au Front de Gauche lui-m\u00eame une ouverture indispensable.<br \/>\nN\u2019ayant jamais eu de conception autoritaire et messianique du \u00ab\u00a0parti\u00a0\u00bb, nous n\u2019avons jamais consid\u00e9r\u00e9 les Alternatifs comme une fin en soi, mais comme un outil politique au service des mobilisations et d\u2019un projet, un outil susceptible, en cas de convergence, de d\u00e9passement dans une force plus large. C\u2019est dans cette optique que nous concevons le r\u00f4le et la fonction de la nouvelle force politique commune. Ce qui nous renforce dans cette conviction, c\u2019est la crise tr\u00e8s profonde de la politique et de sa repr\u00e9sentation\u00a0: combin\u00e9e \u00e0 l\u2019\u00e9puisement des mod\u00e8les des \u00ab\u00a0partis\u00a0\u00bb classiques, cette crise nous oblige \u00e0 innover radicalement.<br \/>\nDepuis le d\u00e9but du processus \u00ab\u00a0Tous Ensemble\u00a0\u00bb, les convergences sur le fond entre les composantes se sont confirm\u00e9es et trouvent leur expression dans les textes de la r\u00e9union nationale du 15 juin \u00e0 Saint-Denis. Ces textes, m\u00eame s\u2019ils ne reprennent pas l\u2019ensemble des th\u00e9matiques d\u00e9velopp\u00e9es par Les Alternatifs et bien que des divergences subsistent, constituent une r\u00e9elle avanc\u00e9e. Par ailleurs les textes pr\u00e9paratoires pour la r\u00e9union des 23 &amp; 24 novembre constituent des bases de travail satisfaisantes.<br \/>\nCependant l\u2019addition des composantes ne permet pas encore de produire des r\u00e9ponses \u00e0 la hauteur et des propositions alternatives.<br \/>\nM\u00eame s\u2019ils ne sont pas enti\u00e8rement satisfaisants et \u00e0 la hauteur de la profondeur de la crise de la politique, ces textes vont donc dans le bon sens\u00a0: ils prennent acte de cette crise et dessinent les contours de ce que nous appelons un parti-mouvement, avec un fonctionnement souple et ouvert de type mouvement et une fonction combin\u00e9e de synth\u00e8se, de m\u00e9moire et d\u2019ancrage qui est le meilleur de l\u2019h\u00e9ritage des \u00ab\u00a0partis\u00a0\u00bb d\u2019hier.<br \/>\nCe qui se d\u00e9gage refl\u00e8te \u00e0 la fois une culture commune de la gauche radicale anticapitaliste, et la coexistence, outre l\u2019apport altercommuniste, de deux sous-cultures distinctes\u00a0: la premi\u00e8re est marqu\u00e9e par l\u2019histoire LCR\/NPA, la seconde est celle d\u2019une gauche \u00e9colo-alternative diverse issue du PSU, de l\u2019AREV et d\u2019une partie des sensibilit\u00e9s \u00e0 l\u2019origine des Alternatifs et de la FASE.<br \/>\nMais ce ne sont pas deux blocs homog\u00e8nes m\u00eame si les apports r\u00e9ciproques alimentent la r\u00e9flexion et l\u2019\u00e9change en contribuant au rapprochement. De toute \u00e9vidence, le regroupement reste viable et ouvert \u00e0 l\u2019impr\u00e9vu.<br \/>\nLa nouvelle force politique commune devra imm\u00e9diatement donner \u00e0 voir ce que nous sommes dans notre culture commune et aussi dans notre diversit\u00e9\u00a0: son ouverture ne doit pas \u00eatre programm\u00e9e pour demain mais doit se voir imm\u00e9diatement, maison commune non seulement de tous les membres de ses composantes originelles mais aussi de toute-s celles et de tous ceux, non-encart\u00e9-e-s, syndicalistes, associatifs, \u2026, int\u00e9ress\u00e9-e-s par cette nouvelle force politique \u00e0 faire vivre et \u00e0 construire ensemble.<\/h3>\n<h2 class=\"spip\" id=\"outil_sommaire_3\" style=\"text-align: justify;\"><span style=\"color: #808000;\"><a class=\"sommaire_ancre\" title=\"Sommaire\" href=\"http:\/\/www.alternatifs.org\/spip\/autogestionnaires-unitaires-et?lang=fr#outil_sommaire\"><span style=\"color: #808000;\">\u00a0<\/span><\/a>4- LES ALTERNATIFS\u00a0: EXPERIMENTONS\u00a0!<\/span><\/h2>\n<h3 style=\"text-align: justify;\">La participation des Alternatifs au processus de regroupement \u201cTous Ensemble-Trait d\u2019Union\u201d engag\u00e9 avec la Fase, Gauche Anticapitaliste, Convergences et Alternative \u2026 impliquera le basculement d\u2019une partie de nos activit\u00e9s et de nos engagements financiers individuels vers la nouvelle force en construction. Nous devrons donc red\u00e9finir notre profil et notre champ d\u2019intervention. C\u2019est l\u2019occasion de faire du neuf.<br \/>\nLe maintien d\u2019un collectif \u201cLes Alternatifs\u201d r\u00e9pond \u00e0 plusieurs n\u00e9cessit\u00e9s\u00a0:<\/h3>\n<ol class=\"spip\" style=\"text-align: justify;\">\n<li>\n<h3>Nous sommes nombreux\/ses a \u00eatre partisans de la construction d\u2019une nouvelle force politique plus large que les Alternatifs. Mais sans pour autant nier les contradictions qui pourront la traverser, et avec la volont\u00e9 de d\u00e9fendre nos orientations en son sein. Ces \u00e9l\u00e9ments cl\u00e9s du projet alternatif sont la \u201cr\u00e9volution longue\u201d reposant sur l\u2019auto-organisation, et l\u2019exp\u00e9rimentation autogestionnaire, une \u00e9cologie radicale, \u2026 Nous sommes aussi porteurs\/porteuses d\u2019un projet de \u201cparti-mouvement\u201d en \u00e9change avec les mouvements sociaux. Cette orientation aura besoin d\u2019un point d\u2019appui, d\u2019un lieu de mise en commun.<\/h3>\n<\/li>\n<li>\n<h3>Des positions divergentes vont s\u2019exprimer lors de notre congr\u00e8s. Aucun-e d\u2019entre nous ne peut se r\u00e9signer \u00e0 ce qu\u2019elles conduisent \u00e0 la dispersion de notre courant politique.<\/h3>\n<\/li>\n<li>\n<h3>Nous devons concr\u00e9tiser une vision de l\u2019action politique en accord avec notre vis\u00e9e autogestionnaire, pouvoir exp\u00e9rimenter, \u00e9valuer.<\/h3>\n<\/li>\n<\/ol>\n<h3 style=\"text-align: justify;\">Il nous faudra donc d\u00e9finir les moyens financiers, les modes de fonctionnement, les outils n\u00e9cessaires dans la p\u00e9riode qui s\u2019ouvre.<br \/>\nLe maintien d\u2019un courant politique autogestionnaire organis\u00e9, Les Alternatifs, est indispensable non pas contre la participation active au regroupement Ensemble, mais bien comme \u00e9l\u00e9ment compl\u00e9mentaire \u00e0 cette participation. Nous travaillerons et participerons activement aux r\u00e9flexions et actions avec les r\u00e9seaux d\u00e9croissants, libertaires et anti-capitalistes et avec celles et ceux qui ne se reconnaissent pas dans le FdG. Cela signifie le maintien de notre nom, la transformation du journal en revue mensuelle ou bimestrielle, privil\u00e9giant la r\u00e9flexion de fond et l\u2019expression d\u2019exp\u00e9rimentations, \u2026, de l\u2019existence de liste internet, site internet, des initiatives de r\u00e9flexions th\u00e9matiques de type journ\u00e9es d\u2019\u00e9tude et de l\u2019organisation de notre Universit\u00e9 d\u2019\u00e9t\u00e9.<br \/>\nCe maintien des Alternatifs, en nous appuyant sur nos valeurs, nous permettra\u00a0:<\/h3>\n<ul class=\"spip\" style=\"text-align: justify;\">\n<li>\n<h3>de poursuivre nos r\u00e9flexions, nos analyses et nos exp\u00e9rimentations et de nous appuyer sur les m\u00e9thodes et les valeurs de l\u2019\u00e9ducation populaire. Faire avec les citoyen-ne-s et les acteurstrices, car ne l\u2019oublions pas la politique c\u2019est l\u2019affaire de tout le monde.<\/h3>\n<\/li>\n<li>\n<h3>de nous mettre en capacit\u00e9 d\u2019appuyer des engagements militants divers et de les confronter, dans les mobilisations, au sein de la nouvelle force en construction, mais aussi avec d\u2019autres (\u00e9cologistes radicaux et objecteurs de croissance, libertaires, militant-es des exp\u00e9rimentations autogestionnaires), et sur des champs de construction politique comme la Foire \u00e0 l\u2019Autogestion ou des collectifs locaux.<\/h3>\n<\/li>\n<\/ul>\n<h3 style=\"text-align: justify;\">Ce courant Alternatifs aura besoin de moyens financiers plus r\u00e9duits que ceux des Alternatifs, mais qu\u2019il faut d\u00e9finir, par exemple a partir des projets suivants\u00a0:<\/h3>\n<ul class=\"spip\" style=\"text-align: justify;\">\n<li>\n<h3>la parution d\u2019un \u201cRouge et Vert\u201d mensuel de 16 pages, centr\u00e9 sur la production d\u2019id\u00e9es et l\u2019\u00e9change sur les exp\u00e9rimentations autogestionnaires et \u00e9colos, appuy\u00e9 sur un v\u00e9ritable collectif de r\u00e9daction,<\/h3>\n<\/li>\n<li>\n<h3>le renforcement des moyens de communication par internet,<\/h3>\n<\/li>\n<li>\n<h3>la mise en place d\u2019une liste interne d\u2019\u00e9changes large, avec le soucis qu\u2019une telle liste soit un vrai point d\u2019appui pour une r\u00e9flexion collective et nos engagements,<\/h3>\n<\/li>\n<li>\n<h3>l\u2019organisation de journ\u00e9es d\u2019\u00e9tudes et d\u2019\u00e9t\u00e9 permettant de combiner \u00e9valuation de nos engagements et d\u00e9bats\/formation,<\/h3>\n<\/li>\n<li>\n<h3>une coordination souple permettant l\u2019\u00e9change politique et la mise en place d\u2019un Collectif d\u2019Animation large et pluraliste, qui pourrait \u00eatre aussi le Comit\u00e9 de R\u00e9daction du mensuel, le tout dans une vision du d\u00e9bat recherchant le consensus.<\/h3>\n<\/li>\n<\/ul>\n<h3 style=\"text-align: justify;\">Il est \u00e0 ce stade difficile de d\u00e9finir un budget pr\u00e9cis, mais\u00a0:<\/h3>\n<ul class=\"spip\" style=\"text-align: justify;\">\n<li>\n<h3>il est n\u00e9cessaire que la participation \/ abonnement au mensuel puisse \u00eatre fix\u00e9e autour de 20 euros avec une possibilit\u00e9 de soutien \u00e0 50 euros, le but \u00e9tant de d\u00e9passer la coupure parfois un peu intimidante entre \u201cadh\u00e9sion\u201d et \u201cparticipation\u201d et de permettre d\u2019autres engagements financiers\u00a0;<\/h3>\n<\/li>\n<li>\n<h3>il faut d\u00e9finir une cotisation ou participation tenant compte de l\u2019engagement d\u2019une grande partie des Alternatifs (mais pas toutes et tous) dans la nouvelle force en gestation \u00e0 laquelle elles\/ils cotiseront.<\/h3>\n<\/li>\n<\/ul>\n<h3 style=\"text-align: justify;\">Il faut mettre en place une vraie instance d\u2019\u00e9valuation paritaire, autonome vis \u00e0 vis du Collectif d\u2019Animation, tout particuli\u00e8rement dans le cadre d\u2019une convergence puisqu\u2019il est devenu n\u00e9cessaire de faire non seulement des propositions sur l\u2019avenir de notre mouvement, mais d\u2019ores et d\u00e9j\u00e0 de commencer \u00e0 le transformer.<br \/>\nCe projet implique un engagement raisonn\u00e9, moins paralys\u00e9 par les t\u00e2ches de repr\u00e9sentation et les enjeux tactiques, reposant sur la recherche du commun plut\u00f4t que de la d\u00e9marcation entre nous, plus centr\u00e9 sur la production d\u2019id\u00e9es et propositions, celles-ci pouvant \u00eatre port\u00e9es dans des cadres diversifi\u00e9s. Il peut \u00eatre une d\u00e9marche complexe mais novatrice et int\u00e9ressante, une exp\u00e9rimentation enrichissant et confortant des engagements sociaux et politiques diversifi\u00e9s.<br \/>\nLa fusion d\u00e9finitive des Alternatifs au sein du regroupement ne se fera pas sans l\u2019organisation d\u2019un Congr\u00e8s Extraordinaire \u00e0 l\u2019\u00e9ch\u00e9ance d\u2019une d\u00e9cision collective.<\/h3>\n<\/div>\n<gcse:search><\/gcse:search>","protected":false},"excerpt":{"rendered":"<p>Le texte d&rsquo;orientation 2 (Autogestionnaires, unitaires et alternatifs)\u00a0 a obtenu 63 % des mandats exprim\u00e9s dans les f\u00e9d\u00e9rations. Le texte 3 (Continuer les Alternatifs), largement majoritaire dans le Tarn (73% des suffrages), \u00a0n&rsquo;a obtenu au plan national qu&rsquo;environ 24 % des mandats. Le Congr\u00e8s confirme donc le maintien des Alternatifs dans le Front de Gauche [&hellip;]<\/p>\n","protected":false},"author":1,"featured_media":0,"comment_status":"open","ping_status":"closed","sticky":false,"template":"","format":"standard","meta":{"footnotes":""},"categories":[5,21,6],"tags":[34,398],"class_list":["post-10235","post","type-post","status-publish","format-standard","hentry","category-les-alters-kezako","category-les-alters-dans-les-luttes","category-notre-projet","tag-alternatifs","tag-autogestion"],"_links":{"self":[{"href":"https:\/\/alternatifs81.fr\/index.php?rest_route=\/wp\/v2\/posts\/10235","targetHints":{"allow":["GET"]}}],"collection":[{"href":"https:\/\/alternatifs81.fr\/index.php?rest_route=\/wp\/v2\/posts"}],"about":[{"href":"https:\/\/alternatifs81.fr\/index.php?rest_route=\/wp\/v2\/types\/post"}],"author":[{"embeddable":true,"href":"https:\/\/alternatifs81.fr\/index.php?rest_route=\/wp\/v2\/users\/1"}],"replies":[{"embeddable":true,"href":"https:\/\/alternatifs81.fr\/index.php?rest_route=%2Fwp%2Fv2%2Fcomments&post=10235"}],"version-history":[{"count":0,"href":"https:\/\/alternatifs81.fr\/index.php?rest_route=\/wp\/v2\/posts\/10235\/revisions"}],"wp:attachment":[{"href":"https:\/\/alternatifs81.fr\/index.php?rest_route=%2Fwp%2Fv2%2Fmedia&parent=10235"}],"wp:term":[{"taxonomy":"category","embeddable":true,"href":"https:\/\/alternatifs81.fr\/index.php?rest_route=%2Fwp%2Fv2%2Fcategories&post=10235"},{"taxonomy":"post_tag","embeddable":true,"href":"https:\/\/alternatifs81.fr\/index.php?rest_route=%2Fwp%2Fv2%2Ftags&post=10235"}],"curies":[{"name":"wp","href":"https:\/\/api.w.org\/{rel}","templated":true}]}}