{"id":10156,"date":"2013-11-02T20:51:02","date_gmt":"2013-11-02T19:51:02","guid":{"rendered":"http:\/\/alternatifs81.fr\/?p=10156"},"modified":"2013-11-13T08:42:55","modified_gmt":"2013-11-13T07:42:55","slug":"il-faut-entendre-la-jeunesse-retour-des-expulses-regularisation-manifestations-mardi-5-et-jeudi-7-novembre","status":"publish","type":"post","link":"https:\/\/alternatifs81.fr\/?p=10156","title":{"rendered":"Il faut entendre la jeunesse : retour des expuls\u00e9s, r\u00e9gularisation ! Manifestations mardi 5 et jeudi 7 novembre"},"content":{"rendered":"<h3 class=\"post-title entry-title\" itemprop=\"name\" style=\"text-align: justify;\"><span style=\"color: #0000ff;\">\u00a0Appel commun FIDL &#8211; UNL &#8211; Solidaires \u00c9tudiant-e-s &#8211; UNEF FSU &#8211; CGT \u00c9duc&rsquo;action &#8211; SUD \u00c9ducation GISTI &#8211; LDH &#8211; La Voix des Rroms &#8211; RESF \u2013 JC &#8211;<\/span><\/h3>\n<div class=\"post-body entry-content\" id=\"post-body-6178857983912215344\" itemprop=\"description articleBody\" style=\"text-align: justify;\"><a style=\"margin-bottom: 1em; float: left; clear: left; margin-right: 1em;\" href=\"http:\/\/3.bp.blogspot.com\/-Z1DU0BdH3z0\/UnU8g8-6A-I\/AAAAAAAAF-k\/BLDlxNisue0\/s1600\/photo-2-1_4374222.jpg\" rel=\"lightbox[10156]\"><img loading=\"lazy\" decoding=\"async\" alt=\"\" src=\"http:\/\/3.bp.blogspot.com\/-Z1DU0BdH3z0\/UnU8g8-6A-I\/AAAAAAAAF-k\/BLDlxNisue0\/s200\/photo-2-1_4374222.jpg\" width=\"200\" height=\"131\" border=\"0\" \/><\/a><\/p>\n<h3 style=\"text-align: justify;\"><b><span style=\"font-family: 'Trebuchet MS',sans-serif;\">\u00c0 l&rsquo;initiative du R\u00e9seau \u00c9ducation sans Fronti\u00e8res, des repr\u00e9sentants de syndicats lyc\u00e9ens et \u00e9tudiants, de syndicats de personnels de l&rsquo;\u00e9ducation, et d&rsquo;associations des droits de l&rsquo;homme ont tenu une r\u00e9union unitaire le 28 octobre pour envisager les suites \u00e0 donner aux inadmissibles expulsions de jeunes scolaris\u00e9s auxquelles le gouvernement a proc\u00e9d\u00e9 ces deniers mois.<\/span><\/b><\/h3>\n<h3 style=\"text-align: justify;\"><b><span style=\"font-family: 'Trebuchet MS',sans-serif;\">Pour nous, il est hors de question d&rsquo;accepter que la scolarit\u00e9 d&rsquo;\u00e9l\u00e8ves soit saccag\u00e9e par des d\u00e9cisions injustes, arbitraires et brutales. Tout \u00e9l\u00e8ve doit pouvoir mener sa scolarit\u00e9 \u00e0 terme, quels que soient<!--more--> sa nationalit\u00e9, son statut ou celui de ses parents. La disparition d&rsquo;un \u00e9l\u00e8ve, captur\u00e9 dans le cadre scolaire ou ailleurs, est un \u00e9v\u00e9nement intol\u00e9rable.\u00a0<\/span><\/b><\/h3>\n<h3><b><span style=\"font-family: 'Trebuchet MS',sans-serif;\">Nous exigeons le retour des \u00e9l\u00e8ves expuls\u00e9s avec leurs familles : de Khatchik, lyc\u00e9en parisien expuls\u00e9 en Arm\u00e9nie, de L\u00e9onarda avec toute sa famille, expuls\u00e9es au Kosovo, mais aussi de Cheikh Kouyate, lyc\u00e9en de Crest (Drome) expuls\u00e9 au Mali en juin alors qu&rsquo;il allait passer une \u00e9preuve de baccalaur\u00e9at, de David Victor, \u00e9l\u00e8ve malgache de BTS au lyc\u00e9e L. Rascol d&rsquo;Albi expuls\u00e9 en mai, de Dreini Kalanderi, \u00e9l\u00e8ve kosovar du lyc\u00e9e d&rsquo;Audincourt expuls\u00e9 le 1er octobre, et de tous ceux et de toutes celles qui ont sans doute \u00e9t\u00e9 expuls\u00e9s en silence. Un changement profond de la politique migratoire men\u00e9e depuis des ann\u00e9es par les gouvernements successifs est indispensable. Nous exigeons un changement de loi afin que l&rsquo;expulsion des jeunes en parcours de formation (apprentis, lyc\u00e9ens, \u00e9tudiants&#8230;) ne soit plus possible. Leur r\u00e9gularisation, comme celle des familles d&rsquo;enfants mineurs, doit \u00eatre la r\u00e8gle.\u00a0<\/span><\/b><\/h3>\n<h3><b><span style=\"font-family: 'Trebuchet MS',sans-serif;\">Pour atteindre ces objectifs, les syndicats lyc\u00e9ens appellent les \u00e9l\u00e8ves \u00e0 engager l&rsquo;action d\u00e8s la rentr\u00e9e, dans tous les \u00e9tablissements. <span style=\"color: #008000;\">Des manifestations sont notamment d&rsquo;ores et d\u00e9j\u00e0 pr\u00e9vues le mardi 5 novembre et le jeudi 7 novembre. Les syndicats et les associations repr\u00e9sent\u00e9es apportent leur soutien au mouvement lyc\u00e9en, et l&rsquo;accompagneront avec leurs moyens sp\u00e9cifiques. <\/span><\/span><\/b><\/h3>\n<h2><span style=\"color: #808000;\"><b><span style=\"font-family: 'Trebuchet MS',sans-serif;\">Nous appelons \u00e0 manifester massivement avec les lyc\u00e9en-ne-s.<\/span><\/b> <\/span><\/h2>\n<\/div>\n<gcse:search><\/gcse:search>","protected":false},"excerpt":{"rendered":"<p>\u00a0Appel commun FIDL &#8211; UNL &#8211; Solidaires \u00c9tudiant-e-s &#8211; UNEF FSU &#8211; CGT \u00c9duc&rsquo;action &#8211; SUD \u00c9ducation GISTI &#8211; LDH &#8211; La Voix des Rroms &#8211; RESF \u2013 JC &#8211; \u00c0 l&rsquo;initiative du R\u00e9seau \u00c9ducation sans Fronti\u00e8res, des repr\u00e9sentants de syndicats lyc\u00e9ens et \u00e9tudiants, de syndicats de personnels de l&rsquo;\u00e9ducation, et d&rsquo;associations des droits de [&hellip;]<\/p>\n","protected":false},"author":1,"featured_media":0,"comment_status":"open","ping_status":"closed","sticky":false,"template":"","format":"standard","meta":{"footnotes":""},"categories":[124,217,193],"tags":[43,103,50,20],"class_list":["post-10156","post","type-post","status-publish","format-standard","hentry","category-education-2","category-libertes","category-social","tag-appel","tag-demarche-citoyenne","tag-discriminations","tag-manifestations"],"_links":{"self":[{"href":"https:\/\/alternatifs81.fr\/index.php?rest_route=\/wp\/v2\/posts\/10156","targetHints":{"allow":["GET"]}}],"collection":[{"href":"https:\/\/alternatifs81.fr\/index.php?rest_route=\/wp\/v2\/posts"}],"about":[{"href":"https:\/\/alternatifs81.fr\/index.php?rest_route=\/wp\/v2\/types\/post"}],"author":[{"embeddable":true,"href":"https:\/\/alternatifs81.fr\/index.php?rest_route=\/wp\/v2\/users\/1"}],"replies":[{"embeddable":true,"href":"https:\/\/alternatifs81.fr\/index.php?rest_route=%2Fwp%2Fv2%2Fcomments&post=10156"}],"version-history":[{"count":0,"href":"https:\/\/alternatifs81.fr\/index.php?rest_route=\/wp\/v2\/posts\/10156\/revisions"}],"wp:attachment":[{"href":"https:\/\/alternatifs81.fr\/index.php?rest_route=%2Fwp%2Fv2%2Fmedia&parent=10156"}],"wp:term":[{"taxonomy":"category","embeddable":true,"href":"https:\/\/alternatifs81.fr\/index.php?rest_route=%2Fwp%2Fv2%2Fcategories&post=10156"},{"taxonomy":"post_tag","embeddable":true,"href":"https:\/\/alternatifs81.fr\/index.php?rest_route=%2Fwp%2Fv2%2Ftags&post=10156"}],"curies":[{"name":"wp","href":"https:\/\/api.w.org\/{rel}","templated":true}]}}