{"id":10144,"date":"2013-11-01T17:00:43","date_gmt":"2013-11-01T16:00:43","guid":{"rendered":"http:\/\/alternatifs81.fr\/?p=10144"},"modified":"2013-11-13T08:43:25","modified_gmt":"2013-11-13T07:43:25","slug":"pour-en-finir-avec-les-plans-de-licenciements-pour-une-alternative-au-capitalisme-et-au-productivisme-declaration-commune-dattac-les-alternatifs-et-le-npa-texte-diffuse-lors-de-la-manifestation-d","status":"publish","type":"post","link":"https:\/\/alternatifs81.fr\/?p=10144","title":{"rendered":"Pour en finir avec les plans de licenciements pour une alternative au capitalisme et au productivisme  D\u00e9claration commune d&rsquo;ATTAC, les Alternatifs et le NPA  Texte diffus\u00e9 lors de la manifestation de Quimper du 2 novembre 2013"},"content":{"rendered":"<div class=\"posttext\">\n<div class=\"posttext-decorator1\">\n<div class=\"posttext-decorator2\">\n<p><em><img loading=\"lazy\" decoding=\"async\" class=\"alignleft  wp-image-10119\" style=\"border: 6px solid black; margin: 12px;\" alt=\"dessin-humour-gros-bonnnets-rouges\" src=\"http:\/\/alternatifs81.fr\/wp-content\/uploads\/dessin-humour-gros-bonnnets-rouges.jpg\" width=\"282\" height=\"199\" srcset=\"https:\/\/alternatifs81.fr\/wp-content\/uploads\/dessin-humour-gros-bonnnets-rouges.jpg 403w, https:\/\/alternatifs81.fr\/wp-content\/uploads\/dessin-humour-gros-bonnnets-rouges-300x211.jpg 300w\" sizes=\"auto, (max-width: 282px) 100vw, 282px\" \/><\/em><span style=\"color: #808000;\"><strong>Le vrai visage du capitalisme<\/strong><\/span><\/p>\n<h3 style=\"text-align: justify;\">Doux, Gad, Marine Harvest, Boutet-Nicolas&#8230; Des milliers d&#8217;emplois supprim\u00e9s dans le secteur agro-alimentaire qui repr\u00e9sente le tiers des emplois industriels de la Bretagne. Au nom de la \u00ab\u00a0concurrence libre et non fauss\u00e9e\u00a0\u00bb\u00a0de l&rsquo;Europe lib\u00e9rale, le patronat se livre au d\u00e9pe\u00e7age de notre industrie sans se soucier des d\u00e9g\u00e2ts sociaux et humains que cela entraine: ch\u00f4mage, bas salaires, pr\u00e9carit\u00e9 sociale toujours plus grande. Mais cette crise est aussi la faillite d\u2019un mod\u00e8le \u00e9conomique productiviste marqu\u00e9 par la fuite en avant et le refus de prendre en compte les imp\u00e9ratifs \u00e9cologiques.<\/h3>\n<h3 style=\"text-align: justify;\">L\u2019agriculture et les productions agro alimentaires bretonnes subissent la concurrence de pays europ\u00e9ens qui, comme l\u2019Allemagne ou le Danemark,<!--more--> pratiquent un dumping social \u00e9hont\u00e9 en employant massivement des salari\u00e9s d\u2019Europe de l&rsquo;Est aux conditions de salaires et de travail dignes de l&rsquo;esclavage. Le recours \u00e0 des int\u00e9rimaires roumains recrut\u00e9s par des marchands d&rsquo;hommes est aussi pratiqu\u00e9 par les patrons de l&rsquo;agro-alimentaire breton. Vent debout contre la mise en oeuvre de l&rsquo;\u00e9cotaxe, vot\u00e9e par la majorit\u00e9 de droite sous Sarkozy, ils n&rsquo;h\u00e9sitent pas non plus \u00e0 envoyer leurs cochons se faire abattre en Allemagne au m\u00e9pris de l&#8217;emploi local et pour accroitre encore leurs profits.<\/h3>\n<h2><span style=\"color: #808000;\"><strong>Il faut sortir de la confusion<\/strong><\/span><\/h2>\n<h3 style=\"text-align: justify;\">La mobilisation contre l&rsquo;\u00e9cotaxe appara\u00eet pour ce qu&rsquo;elle est : un pr\u00e9texte entre les mains du MEDEF, des promoteurs de l&rsquo;agro-business et des patrons de la grande distribution, champions de l&rsquo;\u00e9tranglement \u00e9conomique de leurs fournisseurs et des petits agriculteurs, pour d\u00e9tourner l&rsquo;attention des v\u00e9ritables responsabilit\u00e9s de la crise.<\/h3>\n<h3 style=\"text-align: justify;\">Refusons \u00ab\u00a0l&rsquo;union sacr\u00e9e \u00bb que certains voudraient promouvoir entre exploit\u00e9s et exploiteurs. Les int\u00e9r\u00eats des salari\u00e9s bretons, des ch\u00f4meurs et pr\u00e9caires, des agriculteurs, des marins p\u00eacheurs, des petits commer\u00e7ants et artisans ne sont pas ceux des capitalistes, fussent ils bretons, qui veulent s&rsquo;imposer sur la sc\u00e8ne de la mondialisation lib\u00e9rale.<\/h3>\n<h3 style=\"text-align: justify;\">Le Gouvernement socialiste s&rsquo;est coul\u00e9\u00a0dans le moule des r\u00e8gles ultra lib\u00e9rales en Europe. Il a ratifi\u00e9\u00a0le pacte budg\u00e9taire europ\u00e9en concoct\u00e9 par Sarkozy et Merkel et met en oeuvre les politiques d&rsquo;aust\u00e9rit\u00e9 qui en d\u00e9coulent. Les r\u00e9ponses gouvernementales ne sont pas \u00e0 la hauteur des exigences des travailleurs. Il doit entendre la d\u00e9tresse des salari\u00e9s et des ch\u00f4meurs, refuser que la loi du profit l&#8217;emporte sur l&rsquo;int\u00e9r\u00eat g\u00e9n\u00e9ral, agir pour pr\u00e9server l&rsquo;outil de travail, le savoir faire des travailleurs, des emplois durables<\/h3>\n<h2><span style=\"color: #808000;\"><strong>Ensemble exigeons une v\u00e9ritable politique de gauche<\/strong><\/span><\/h2>\n<ul>\n<li style=\"text-align: justify;\">\n<h3><span style=\"color: #008000;\"><em>suspension de tous les plans de licenciements<\/em><\/span><\/h3>\n<\/li>\n<li style=\"text-align: justify;\">\n<h3><span style=\"color: #008000;\"><em>droit de veto des salari\u00e9s sur les licenciements et contr\u00f4le des fonds publics vers\u00e9s aux entreprises<\/em><\/span><\/h3>\n<\/li>\n<li style=\"text-align: justify;\">\n<h3><span style=\"color: #008000;\"><em>R\u00e9orientation, sous le contr\u00f4le des travailleurs, de l&rsquo;appareil productif vers des productions de qualit\u00e9, la relocalisation de la transformation pour r\u00e9pondre aux besoins d&rsquo;une alimentation saine et de qualit\u00e9. Am\u00e9lioration des conditions de travail et des salaires des travailleurs<\/em><\/span><\/h3>\n<\/li>\n<li style=\"text-align: justify;\">\n<h3><span style=\"color: #008000;\"><em>r\u00e9orientation des financements de la Politique Agricole Commune dans le sens d&rsquo;une rupture avec le mod\u00e8le productiviste et lib\u00e9ral: Maitrise des productions, partage des droits \u00e0 produire, prix garantis et r\u00e9mun\u00e9rateurs permettant aux agriculteurs de vivre d\u00e9cemment de leur travail, soutien clair aux pratiques agricoles respectueuses de l&rsquo;environnement<\/em><\/span><\/h3>\n<\/li>\n<li>\n<h3><span style=\"color: #008000;\"><em>l&rsquo;arr\u00eat du saupoudrage fiscal et la mise en chantier d&rsquo;une v\u00e9ritable r\u00e9forme de la fiscalit\u00e9 attaquant enfin les hauts revenus et les profits des actionnaires<\/em><\/span><\/h3>\n<\/li>\n<li>\n<h3><span style=\"color: #008000;\"><em>lutte contre le dumping social en Europe<\/em><\/span><\/h3>\n<\/li>\n<\/ul>\n<p style=\"text-align: center;\">\n<\/div>\n<\/div>\n<\/div>\n<div class=\"postbottom\"><\/div>\n<gcse:search><\/gcse:search>","protected":false},"excerpt":{"rendered":"<p>Le vrai visage du capitalisme Doux, Gad, Marine Harvest, Boutet-Nicolas&#8230; Des milliers d&#8217;emplois supprim\u00e9s dans le secteur agro-alimentaire qui repr\u00e9sente le tiers des emplois industriels de la Bretagne. Au nom de la \u00ab\u00a0concurrence libre et non fauss\u00e9e\u00a0\u00bb\u00a0de l&rsquo;Europe lib\u00e9rale, le patronat se livre au d\u00e9pe\u00e7age de notre industrie sans se soucier des d\u00e9g\u00e2ts sociaux et [&hellip;]<\/p>\n","protected":false},"author":1,"featured_media":0,"comment_status":"open","ping_status":"closed","sticky":false,"template":"","format":"standard","meta":{"footnotes":""},"categories":[154,9,125,126,21,232,193],"tags":[34,43,16,23,20,72],"class_list":["post-10144","post","type-post","status-publish","format-standard","hentry","category-agriculture","category-communiques","category-ecologie","category-gauche-de-combat","category-les-alters-dans-les-luttes","category-notre-economie-et-la-leur","category-social","tag-alternatifs","tag-appel","tag-economie","tag-luttes","tag-manifestations","tag-transports"],"_links":{"self":[{"href":"https:\/\/alternatifs81.fr\/index.php?rest_route=\/wp\/v2\/posts\/10144","targetHints":{"allow":["GET"]}}],"collection":[{"href":"https:\/\/alternatifs81.fr\/index.php?rest_route=\/wp\/v2\/posts"}],"about":[{"href":"https:\/\/alternatifs81.fr\/index.php?rest_route=\/wp\/v2\/types\/post"}],"author":[{"embeddable":true,"href":"https:\/\/alternatifs81.fr\/index.php?rest_route=\/wp\/v2\/users\/1"}],"replies":[{"embeddable":true,"href":"https:\/\/alternatifs81.fr\/index.php?rest_route=%2Fwp%2Fv2%2Fcomments&post=10144"}],"version-history":[{"count":0,"href":"https:\/\/alternatifs81.fr\/index.php?rest_route=\/wp\/v2\/posts\/10144\/revisions"}],"wp:attachment":[{"href":"https:\/\/alternatifs81.fr\/index.php?rest_route=%2Fwp%2Fv2%2Fmedia&parent=10144"}],"wp:term":[{"taxonomy":"category","embeddable":true,"href":"https:\/\/alternatifs81.fr\/index.php?rest_route=%2Fwp%2Fv2%2Fcategories&post=10144"},{"taxonomy":"post_tag","embeddable":true,"href":"https:\/\/alternatifs81.fr\/index.php?rest_route=%2Fwp%2Fv2%2Ftags&post=10144"}],"curies":[{"name":"wp","href":"https:\/\/api.w.org\/{rel}","templated":true}]}}