{"id":10032,"date":"2013-10-22T23:04:46","date_gmt":"2013-10-22T22:04:46","guid":{"rendered":"http:\/\/alternatifs81.fr\/?p=10032"},"modified":"2013-10-28T16:42:00","modified_gmt":"2013-10-28T15:42:00","slug":"liberte-pour-georges-abdallah-manifestation-le-26-octobre-devant-la-prison-de-lannemezan","status":"publish","type":"post","link":"https:\/\/alternatifs81.fr\/?p=10032","title":{"rendered":"Libert\u00e9 pour Georges Abdallah ! Manifestation le 26 octobre devant la prison de Lannemezan"},"content":{"rendered":"<p>&nbsp;<\/p>\n<div class=\"ob-section ob-section-text\">\n<h2><span style=\"color: #808000;\"><img loading=\"lazy\" decoding=\"async\" class=\"alignleft size-full wp-image-8034\" style=\"border: 6px solid black; margin: 11px;\" alt=\"image_lib_ration_georges_ibrahim_abdallah\" src=\"http:\/\/alternatifs81.fr\/wp-content\/uploads\/image_lib_ration_georges_ibrahim_abdallah.jpg\" width=\"118\" height=\"150\" \/>Manifestation le 26 octobre devant la prison de Lannemezan<\/span><\/h2>\n<div class=\"ob-text\">\n<h3 style=\"text-align: justify;\">Rendez-vous \u00e0 14 h, le 26 samedi octobre, devant la gare de Lannemezan, pour aller exiger, devant la prison o\u00f9 il est incarc\u00e9r\u00e9, la lib\u00e9ration de Georges Ibrahim Abdallah.<\/h3>\n<h2><span style=\"color: #008000;\"><strong>Libert\u00e9 pour Georges Abdallah !<\/strong><\/span><\/h2>\n<h2><span style=\"color: #008000;\"><strong>30 ans de prison, 30 ans de r\u00e9sistance !<\/strong><\/span><\/h2>\n<h3 style=\"text-align: justify;\">Georges Ibrahim Abdallah, militant communiste libanais \u00e2g\u00e9 de 62 ans, arr\u00eat\u00e9 \u00e0 Lyon en 1984, a \u00e9t\u00e9 condamn\u00e9 \u00e0 la r\u00e9clusion \u00e0 perp\u00e9tuit\u00e9 pour des actions revendiqu\u00e9es par les Fractions Arm\u00e9es R\u00e9volutionnaires Libanaises (FARL). Il entrera le 24 octobre 2013 dans sa 30\u00e8me ann\u00e9e de d\u00e9tention.<\/h3>\n<h3 style=\"text-align: justify;\">C\u2019est un r\u00e9sistant qui a combattu l\u2019invasion isra\u00e9lienne du Liban en 1978. Il a combattu, notamment comme membre du Front Populaire de Lib\u00e9ration de la Palestine, contre l\u2019occupation de la Palestine.<\/h3>\n<h3 style=\"text-align: justify;\">Il a termin\u00e9 sa peine de s\u00fbret\u00e9 depuis 1999. Son maintien en captivit\u00e9 est un choix politique de l\u2019\u00c9tat fran\u00e7ais appuy\u00e9 par<!--more--> Isra\u00ebl et les \u00c9tats-Unis. A ce sujet, la DST (service secret fran\u00e7ais) a d\u00e9clar\u00e9 en 2007 : \u00ab Personnalit\u00e9 embl\u00e9matique de la lutte anti-sioniste, la lib\u00e9ration de Georges Abdallah constituerait sans nul doute, au Liban, un \u00e9v\u00e8nement. Il sera probablement f\u00eat\u00e9 comme un h\u00e9ros \u00e0 son retour dans son pays, mais aussi par diff\u00e9rentes mouvances engag\u00e9es dans la lutte r\u00e9volutionnaire \u00bb.<\/h3>\n<h3 style=\"text-align: justify;\">Le rejet de sa huiti\u00e8me demande de lib\u00e9ration conditionnelle en avril 2013, apr\u00e8s de nombreuses man\u0153uvres politico-judiciaires, montre bien la volont\u00e9 de ne pas le lib\u00e9rer. Ce qui lui vaut cet acharnement, c\u2019est de rester un militant anti-imp\u00e9rialiste et pro-palestinien implacable et de n\u2019avoir jamais reni\u00e9 ses opinions.<\/h3>\n<h3 style=\"text-align: justify;\">Au Liban, dans le Monde arabe, mais aussi en Europe et dans le reste du monde, la lutte pour sa lib\u00e9ration s\u2019amplifie. Car seule une forte mobilisation populaire fera sortir Georges Abdallah de prison. Nous appelons \u00e0 un rassemblement le plus large possible, le samedi 26 octobre 2013 \u00e0 14h \u00e0 Lannemezan devant la prison o\u00f9 il est enferm\u00e9. Pour reprendre ses mots \u00ab <em>Ensemble, camarades, nous vaincrons et ce n\u2019est qu\u2019ensemble que nous vaincrons<\/em> \u00bb.<\/h3>\n<h2 style=\"text-align: justify;\"><span style=\"color: #808000;\">Palestine vivra, Palestine vaincra !<\/span><\/h2>\n<h2 style=\"text-align: justify;\"><span style=\"color: #008000;\">Lib\u00e9rez Georges Abdallah !<\/span><\/h2>\n<h3 style=\"text-align: justify;\"><span style=\"text-decoration: underline;\"><span style=\"color: #0000ff; text-decoration: underline;\">Liste des collectifs, associations et organisations appelant \u00e0 manifester le samedi 26 octobre 2013 devant la prison de Lannemezan pour exiger la lib\u00e9ration de Georges Ibrahim Abdallah :<\/span> <\/span><span style=\"color: #0000ff;\"><em> CLGIA (Collectif pour la Lib\u00e9ration de Georges Ibrahim Abdallah), Comit\u00e9 Lib\u00e9rons Georges 33, Collectif Lib\u00e9rons G. Abdallah PACA, Comit\u00e9 Solidarit\u00e9 Georges Lille, Collectif \u00ab Bassin minier \u00bb pour la lib\u00e9ration de G. I. Abdallah (62), Collectif pour la lib\u00e9ration de G. I. Abdallah (Pau), AAF-Pau (Action antifasciste), AAW (Americans Against the War), Abna Philistine, AFPS Nord-Pas de Calais, AFPS National, AL (Alternative libertaire), <strong>Les Alternatifs<\/strong>, AK Marx (Les Amis de Karl Marx), Gauche ind\u00e9pendantiste (Breizhistance-Ind\u00e9pendance et socialisme), CADH (Commission arabe des droits humains), CAP (Comit\u00e9 Action Palestine\u2013Bordeaux), CAPJPO-EuroPalestine, CFK (Collectif Faty Koumba), Collectif 66 Paix et justice en Palestine, CPC 31 (Coup pour coup 31), \u00c9galit\u00e9 (BE), Femmes plurielles, Fondation Frantz Fanon, FRAP (Front r\u00e9volutionnaire antifasciste anticapitaliste et populaire), FUIQP (Front uni des immigrations et des quartiers populaires), OC Futur rouge, GP (G\u00e9n\u00e9ration Palestine), Gers-Palestine,ISM-France (International Solidarity Movement), JERF (Jeunesse \u00e9migr\u00e9e r\u00e9unionnaise en France), Libertat !-Esqu\u00e8rra revolucion\u00e0ria d\u2019occit\u00e0nia, M\u00e9moire \u00e0 vif (Limoges), Comit\u00e9 \u00ab Lib\u00e9rez-les ! \u00bb de soutien aux prisonniers et r\u00e9fugi\u00e9s politiques (59-62), NPA (Nouveau parti anticapitaliste), OCML-VP (Voie prol\u00e9tarienne) OCL (Organisation communiste libertaire),OPA 33 (Orchestre po\u00e9tique d\u2019avant-guerre), Collectif Palestine libre (Toulouse), PCF-section de Grenay (62),PCF-F\u00e9d\u00e9ration du Pas-de-Calais, PCmF (PC mao\u00efste de France), PCOF (Parti communiste des ouvriers de France), PIR (Parti des indig\u00e8nes de la R\u00e9publique),PFFA (Prisoners\u2019 Family and Friends Association) (BE), R\u00e9sistance (Lille), ROCML (Rassemblement organis\u00e9 des communistes marxistes-l\u00e9ninistes), Secours rouge (Belgique), SDC (Sortir du colonialisme), SRA (Secours rouge arabe),Commission pour un Secours Rouge International, Comit\u00e9 pour un SRI (Baiona), Stop apartheid Toulouse, UJFP (Union juive fran\u00e7aise pour la paix),<\/em><\/span><\/h3>\n<\/div>\n<\/div>\n<gcse:search><\/gcse:search>","protected":false},"excerpt":{"rendered":"<p>&nbsp; Manifestation le 26 octobre devant la prison de Lannemezan Rendez-vous \u00e0 14 h, le 26 samedi octobre, devant la gare de Lannemezan, pour aller exiger, devant la prison o\u00f9 il est incarc\u00e9r\u00e9, la lib\u00e9ration de Georges Ibrahim Abdallah. Libert\u00e9 pour Georges Abdallah ! 30 ans de prison, 30 ans de r\u00e9sistance ! Georges Ibrahim [&hellip;]<\/p>\n","protected":false},"author":1,"featured_media":0,"comment_status":"open","ping_status":"closed","sticky":false,"template":"","format":"standard","meta":{"footnotes":""},"categories":[126,217,173,244],"tags":[43,103,117,23,98],"class_list":["post-10032","post","type-post","status-publish","format-standard","hentry","category-gauche-de-combat","category-libertes","category-no-pasaran","category-point-de-vue","tag-appel","tag-demarche-citoyenne","tag-democratie","tag-luttes","tag-palestine"],"_links":{"self":[{"href":"https:\/\/alternatifs81.fr\/index.php?rest_route=\/wp\/v2\/posts\/10032","targetHints":{"allow":["GET"]}}],"collection":[{"href":"https:\/\/alternatifs81.fr\/index.php?rest_route=\/wp\/v2\/posts"}],"about":[{"href":"https:\/\/alternatifs81.fr\/index.php?rest_route=\/wp\/v2\/types\/post"}],"author":[{"embeddable":true,"href":"https:\/\/alternatifs81.fr\/index.php?rest_route=\/wp\/v2\/users\/1"}],"replies":[{"embeddable":true,"href":"https:\/\/alternatifs81.fr\/index.php?rest_route=%2Fwp%2Fv2%2Fcomments&post=10032"}],"version-history":[{"count":0,"href":"https:\/\/alternatifs81.fr\/index.php?rest_route=\/wp\/v2\/posts\/10032\/revisions"}],"wp:attachment":[{"href":"https:\/\/alternatifs81.fr\/index.php?rest_route=%2Fwp%2Fv2%2Fmedia&parent=10032"}],"wp:term":[{"taxonomy":"category","embeddable":true,"href":"https:\/\/alternatifs81.fr\/index.php?rest_route=%2Fwp%2Fv2%2Fcategories&post=10032"},{"taxonomy":"post_tag","embeddable":true,"href":"https:\/\/alternatifs81.fr\/index.php?rest_route=%2Fwp%2Fv2%2Ftags&post=10032"}],"curies":[{"name":"wp","href":"https:\/\/api.w.org\/{rel}","templated":true}]}}