{"id":10014,"date":"2013-10-22T17:10:37","date_gmt":"2013-10-22T16:10:37","guid":{"rendered":"http:\/\/alternatifs81.fr\/?p=10014"},"modified":"2013-10-26T17:55:04","modified_gmt":"2013-10-26T16:55:04","slug":"cercle-de-silence-vendredi-25-octobre-2013-a-castres","status":"publish","type":"post","link":"https:\/\/alternatifs81.fr\/?p=10014","title":{"rendered":"CERCLE DE SILENCE, vendredi 25 octobre 2013 \u00e0 CASTRES."},"content":{"rendered":"<h2 style=\"text-align: justify;\"><span style=\"color: #808000;\"><img loading=\"lazy\" decoding=\"async\" class=\"alignleft  wp-image-7447\" style=\"border: 4px solid black; margin: 10px;\" alt=\"Cercle-Silence-300x292\" src=\"http:\/\/alternatifs81.fr\/wp-content\/uploads\/Cercle-Silence-300x2922.png\" width=\"210\" height=\"204\" \/>Vendredi 25 octobre, REJOIGNEZ NOUS!<\/span><\/h2>\n<h3 style=\"text-align: justify;\">Pour exiger le vote urgent d\u2019une loi g\u00e9n\u00e9reuse et claire de r\u00e9gularisation des sans-papiers applicable \u00e0 tous les cas, respectueuse des droits humains et ne faisant pas du sort de familles \u00e9trang\u00e8res un enjeu m\u00e9diatique ni le r\u00e9sultat de l\u2019arbitraire pr\u00e9fectoral que la circulaire VALLS ne contraint en aucune fa\u00e7on.<\/h3>\n<h2><span style=\"color: #008000;\">Prochain CERCLE DE SILENCE, vendredi 25 octobre 2013 \u00e0 CASTRES, place Jean Jaur\u00e8s, de 18 h \u00e0 19h <\/span><\/h2>\n<gcse:search><\/gcse:search>","protected":false},"excerpt":{"rendered":"<p>Vendredi 25 octobre, REJOIGNEZ NOUS! Pour exiger le vote urgent d\u2019une loi g\u00e9n\u00e9reuse et claire de r\u00e9gularisation des sans-papiers applicable \u00e0 tous les cas, respectueuse des droits humains et ne faisant pas du sort de familles \u00e9trang\u00e8res un enjeu m\u00e9diatique ni le r\u00e9sultat de l\u2019arbitraire pr\u00e9fectoral que la circulaire VALLS ne contraint en aucune fa\u00e7on. [&hellip;]<\/p>\n","protected":false},"author":1,"featured_media":0,"comment_status":"open","ping_status":"closed","sticky":false,"template":"","format":"standard","meta":{"footnotes":""},"categories":[284,173,244],"tags":[103,50,20],"class_list":["post-10014","post","type-post","status-publish","format-standard","hentry","category-anti-racismes","category-no-pasaran","category-point-de-vue","tag-demarche-citoyenne","tag-discriminations","tag-manifestations"],"_links":{"self":[{"href":"https:\/\/alternatifs81.fr\/index.php?rest_route=\/wp\/v2\/posts\/10014","targetHints":{"allow":["GET"]}}],"collection":[{"href":"https:\/\/alternatifs81.fr\/index.php?rest_route=\/wp\/v2\/posts"}],"about":[{"href":"https:\/\/alternatifs81.fr\/index.php?rest_route=\/wp\/v2\/types\/post"}],"author":[{"embeddable":true,"href":"https:\/\/alternatifs81.fr\/index.php?rest_route=\/wp\/v2\/users\/1"}],"replies":[{"embeddable":true,"href":"https:\/\/alternatifs81.fr\/index.php?rest_route=%2Fwp%2Fv2%2Fcomments&post=10014"}],"version-history":[{"count":0,"href":"https:\/\/alternatifs81.fr\/index.php?rest_route=\/wp\/v2\/posts\/10014\/revisions"}],"wp:attachment":[{"href":"https:\/\/alternatifs81.fr\/index.php?rest_route=%2Fwp%2Fv2%2Fmedia&parent=10014"}],"wp:term":[{"taxonomy":"category","embeddable":true,"href":"https:\/\/alternatifs81.fr\/index.php?rest_route=%2Fwp%2Fv2%2Fcategories&post=10014"},{"taxonomy":"post_tag","embeddable":true,"href":"https:\/\/alternatifs81.fr\/index.php?rest_route=%2Fwp%2Fv2%2Ftags&post=10014"}],"curies":[{"name":"wp","href":"https:\/\/api.w.org\/{rel}","templated":true}]}}